{"id":352222,"date":"2017-11-08T00:09:58","date_gmt":"2017-11-08T06:09:58","guid":{"rendered":"http:\/\/www.diarioimagen.net\/?p=352222"},"modified":"2017-11-09T02:05:07","modified_gmt":"2017-11-09T08:05:07","slug":"nuevo-aeropuerto-polo-de-desarrollo-para-el-centro-del-pais-del-mazo","status":"publish","type":"post","link":"https:\/\/www.diarioimagen.net\/?p=352222","title":{"rendered":"Nuevo aeropuerto, polo de desarrollo: Del Mazo"},"content":{"rendered":"<ul>\n<li><strong><em>Impulso a proyectos que permiten elevar la competitividad del estado<\/em><\/strong><\/li>\n<\/ul>\n<h6>Jos\u00e9 Luis Monta\u00f1ez<\/h6>\n<p>&nbsp;<\/p>\n<div id=\"attachment_352223\" style=\"width: 470px\" class=\"wp-caption aligncenter\"><img loading=\"lazy\" decoding=\"async\" aria-describedby=\"caption-attachment-352223\" class=\"wp-image-352223 size-large\" src=\"http:\/\/www.diarioimagen.net\/wp-content\/uploads\/2017\/11\/DEL-MAZO8-PORTAL-460x268.jpg\" alt=\"\" width=\"460\" height=\"268\" srcset=\"https:\/\/www.diarioimagen.net\/wp-content\/uploads\/2017\/11\/DEL-MAZO8-PORTAL-460x268.jpg 460w, https:\/\/www.diarioimagen.net\/wp-content\/uploads\/2017\/11\/DEL-MAZO8-PORTAL-240x140.jpg 240w, https:\/\/www.diarioimagen.net\/wp-content\/uploads\/2017\/11\/DEL-MAZO8-PORTAL.jpg 480w\" sizes=\"auto, (max-width: 460px) 100vw, 460px\" \/><p id=\"caption-attachment-352223\" class=\"wp-caption-text\">El gobernador, Alfredo Del Mazo Maza, sostuvo un encuentro con periodistas del Estado de M\u00e9xico.<\/p><\/div>\n<p>&nbsp;<\/p>\n<p><strong>Toluca, Estado de M\u00e9xico<\/strong>.- El gobernador, Alfredo Del Mazo Maza, asegur\u00f3 que la construcci\u00f3n del Nuevo Aeropuerto de la Ciudad de M\u00e9xico, representa una oportunidad de crecimiento econ\u00f3mico, no s\u00f3lo para la zona oriente de la entidad, sino para el centro del pa\u00eds.<\/p>\n<p>Afirm\u00f3 que su administraci\u00f3n impulsa proyectos que permiten elevar la competitividad del Estado de M\u00e9xico, con atracci\u00f3n de capital, generaci\u00f3n de m\u00e1s empleos y fomento del desarrollo econ\u00f3mico.<\/p>\n<p>\u201cEl nuevo crecimiento que tendr\u00e1, no el estado, sino todo el Valle de M\u00e9xico, se va a dar alrededor del Nuevo Aeropuerto, y ese ser\u00e1 un gran reto, una gran oportunidad en la parte de generaci\u00f3n de empleos, de atracci\u00f3n de inversi\u00f3n, sin duda\u201d, subray\u00f3.<\/p>\n<p>Se\u00f1al\u00f3 que despu\u00e9s del temblor del 19 de septiembre pasado, pr\u00e1cticamente todas las escuelas del Estado de M\u00e9xico han regresado a la normalidad, pues de las 22 mil que se ubican en la entidad,\u00a0 20 mil 800 han vuelto a clases.<\/p>\n<p>\u201cA 49 d\u00edas del sismo,\u00a0 tenemos avance importante en el regreso a clases, son ya 20 mil 800 escuelas, de las 22 mil del Estado de M\u00e9xico, que han regresado a clases\u201d.<\/p>\n<p>Detall\u00f3 que a ra\u00edz de este terremoto, m\u00e1s de 4 mil 600 planteles resultaron da\u00f1ados, de los cuales 78 necesitan reconstrucci\u00f3n total, 2 mil 200 sufrieron afectaciones parciales y el resto da\u00f1os menores, que se est\u00e1n atendiendo.<\/p>\n<p>Agreg\u00f3 que a finales de noviembre todos los alumnos mexiquenses regresar\u00e1n a clases, y que actualmente los escolares cuyos planteles no fueron afectados, retomaron ya sus labores habituales, mientras que quienes\u00a0 asist\u00edan a edificios que necesitan reconstrucci\u00f3n total, se habilitar\u00e1n aulas temporales pues la intenci\u00f3n es no perder el ciclo escolar.<\/p>\n<p>En un encuentro que sostuvo con periodistas de la entidad, Del Mazo Maza asegur\u00f3 que su gobierno hace especial \u00e9nfasis en atender los temas relacionados con la seguridad, ya que es una de las demandas m\u00e1s sentidas de la poblaci\u00f3n.<\/p>\n<p>Por ello, afirm\u00f3, se llevan a cabo acciones que han logrado disminuir los \u00edndices delictivos y combatir a la delincuencia, a trav\u00e9s de la Secretar\u00eda de Seguridad.<\/p>\n<p>\u201cEs resultado del trabajo que se est\u00e1\u00a0 haciendo de manera profunda, de manera puntual, de manera decidida, para atender la principal preocupaci\u00f3n que hay hoy en d\u00eda en el Estado de M\u00e9xico, que es precisamente la seguridad, y lo seguiremos haciendo\u201d. Asimismo, destac\u00f3 la importancia que tiene la labor de los comunicadores, ya que mantienen\u00a0 informada a la sociedad sobre los hechos de mayor relevancia.<\/p>\n<p>Puntualiz\u00f3 que su gobierno analizar\u00e1 a fondo, a trav\u00e9s de la Secretar\u00eda de Justicia y Derechos Humanos, la propuesta de Ley de Protecci\u00f3n para Periodistas del Estado de M\u00e9xico que ya existe.<\/p>\n<p>\u201cVamos a enriquecerla en la medida de lo posible para que juntos hagamos este esfuerzo que busca, precisamente, cuidar, proteger a los periodistas en el Estado de M\u00e9xico, que seamos ejemplo en el Estado de M\u00e9xico de esta protecci\u00f3n, y este respaldo al periodismo\u201d, subray\u00f3.<\/p>\n<p>Garantiz\u00f3 que su administraci\u00f3n fomentar\u00e1 el di\u00e1logo y la cercan\u00eda con los medios de comunicaci\u00f3n, con el inicio de una nueva relaci\u00f3n propositiva, para brindar informaci\u00f3n oportuna y \u00fatil a la sociedad mexiquense.<\/p>\n<p>\u201cTener un di\u00e1logo muy abierto, un di\u00e1logo cercano, un di\u00e1logo permanente. Al final de cuentas ustedes son quienes nos permiten llegar a la ciudadan\u00eda, informar a la ciudadan\u00eda de lo que estamos haciendo, del trabajo que hace el gobierno del estado, de los retos que tenemos , de las circunstancias que se dan d\u00eda a d\u00eda en el Estado\u201d, concluy\u00f3.<\/p>\n","protected":false},"excerpt":{"rendered":"<p><span style=\"color: #005497;\">Jos\u00e9 Luis Monta\u00f1ez Aguilar<\/span><br \/>\n<br \/>\nEl gobernador, Alfredo Del Mazo Maza, asegur\u00f3 que la construcci\u00f3n del Nuevo Aeropuerto de la Ciudad de M\u00e9xico, representa una oportunidad de crecimiento econ\u00f3mico, no s\u00f3lo para la zona oriente de la entidad, sino para el centro del pa\u00eds.<\/p>\n","protected":false},"author":5,"featured_media":352223,"comment_status":"open","ping_status":"open","sticky":false,"template":"","format":"standard","meta":{"_monsterinsights_skip_tracking":false,"_monsterinsights_sitenote_active":false,"_monsterinsights_sitenote_note":"","_monsterinsights_sitenote_category":0,"footnotes":""},"categories":[5],"tags":[2505,67533,43675,67534,67532,67565,452],"class_list":["post-352222","post","type-post","status-publish","format-standard","has-post-thumbnail","hentry","category-estado-de-mexico","tag-alfredo-del-mazo-maza","tag-centro-del-pais","tag-estado-de-mexico","tag-internacional-de-mexico","tag-nuevo-aeropuerto","tag-polo-de-desarrollo","tag-toluca"],"_links":{"self":[{"href":"https:\/\/www.diarioimagen.net\/index.php?rest_route=\/wp\/v2\/posts\/352222","targetHints":{"allow":["GET"]}}],"collection":[{"href":"https:\/\/www.diarioimagen.net\/index.php?rest_route=\/wp\/v2\/posts"}],"about":[{"href":"https:\/\/www.diarioimagen.net\/index.php?rest_route=\/wp\/v2\/types\/post"}],"author":[{"embeddable":true,"href":"https:\/\/www.diarioimagen.net\/index.php?rest_route=\/wp\/v2\/users\/5"}],"replies":[{"embeddable":true,"href":"https:\/\/www.diarioimagen.net\/index.php?rest_route=%2Fwp%2Fv2%2Fcomments&post=352222"}],"version-history":[{"count":0,"href":"https:\/\/www.diarioimagen.net\/index.php?rest_route=\/wp\/v2\/posts\/352222\/revisions"}],"wp:featuredmedia":[{"embeddable":true,"href":"https:\/\/www.diarioimagen.net\/index.php?rest_route=\/wp\/v2\/media\/352223"}],"wp:attachment":[{"href":"https:\/\/www.diarioimagen.net\/index.php?rest_route=%2Fwp%2Fv2%2Fmedia&parent=352222"}],"wp:term":[{"taxonomy":"category","embeddable":true,"href":"https:\/\/www.diarioimagen.net\/index.php?rest_route=%2Fwp%2Fv2%2Fcategories&post=352222"},{"taxonomy":"post_tag","embeddable":true,"href":"https:\/\/www.diarioimagen.net\/index.php?rest_route=%2Fwp%2Fv2%2Ftags&post=352222"}],"curies":[{"name":"wp","href":"https:\/\/api.w.org\/{rel}","templated":true}]}}