{"id":352299,"date":"2017-11-08T00:07:56","date_gmt":"2017-11-08T06:07:56","guid":{"rendered":"http:\/\/www.diarioimagen.net\/?p=352299"},"modified":"2017-11-08T05:44:57","modified_gmt":"2017-11-08T11:44:57","slug":"c-izcalli-destinara-4-mdp-en-becas-para-4-mil-alumnos","status":"publish","type":"post","link":"https:\/\/www.diarioimagen.net\/?p=352299","title":{"rendered":"C. Izcalli destinar\u00e1 4 mdp en becas para 4 mil alumnos"},"content":{"rendered":"<div id=\"attachment_352374\" style=\"width: 470px\" class=\"wp-caption aligncenter\"><a href=\"http:\/\/www.diarioimagen.net\/?attachment_id=352374\" rel=\"attachment wp-att-352374\"><img loading=\"lazy\" decoding=\"async\" aria-describedby=\"caption-attachment-352374\" class=\"size-large wp-image-352374\" src=\"http:\/\/www.diarioimagen.net\/wp-content\/uploads\/2017\/11\/CUAUTITLAN-3246-460x259.jpg\" alt=\"\" width=\"460\" height=\"259\" srcset=\"https:\/\/www.diarioimagen.net\/wp-content\/uploads\/2017\/11\/CUAUTITLAN-3246-460x259.jpg 460w, https:\/\/www.diarioimagen.net\/wp-content\/uploads\/2017\/11\/CUAUTITLAN-3246-240x135.jpg 240w, https:\/\/www.diarioimagen.net\/wp-content\/uploads\/2017\/11\/CUAUTITLAN-3246-235x132.jpg 235w, https:\/\/www.diarioimagen.net\/wp-content\/uploads\/2017\/11\/CUAUTITLAN-3246-202x114.jpg 202w, https:\/\/www.diarioimagen.net\/wp-content\/uploads\/2017\/11\/CUAUTITLAN-3246-350x196.jpg 350w, https:\/\/www.diarioimagen.net\/wp-content\/uploads\/2017\/11\/CUAUTITLAN-3246-220x123.jpg 220w, https:\/\/www.diarioimagen.net\/wp-content\/uploads\/2017\/11\/CUAUTITLAN-3246-237x132.jpg 237w, https:\/\/www.diarioimagen.net\/wp-content\/uploads\/2017\/11\/CUAUTITLAN-3246.jpg 480w\" sizes=\"auto, (max-width: 460px) 100vw, 460px\" \/><\/a><p id=\"caption-attachment-352374\" class=\"wp-caption-text\">Autoridades municipales y vecinos de Tultitl\u00e1n llevaron a cabo\u00a0 la primer entrega de alarmas vecinales en la colonia Benito Ju\u00e1rez<\/p><\/div>\n<p>&nbsp;<\/p>\n<p><strong>Cuautitl\u00e1n Izcalli, Estado de M\u00e9xico<\/strong><strong>.-<\/strong> El presidente municipal, V\u00edctor Estrada Garibay, exhort\u00f3 a estudiantes de escuelas p\u00fablicas\u00a0 a obtener becas por \u201cExcelente Desempe\u00f1o Acad\u00e9mico\u201d y para la \u201cContinuidad Educativa 2017\u201d tras recordar que del 8 al 16 de noviembre son las \u00fanicas fechas para la entrega de documentos en el auditorio Enrique B\u00e1tiz. Se\u00f1al\u00f3 que la convocatoria \u201cBecas Escolares al Excelente Desempe\u00f1o Acad\u00e9mico y Continuidad Educativa 2017\u201d han sido promovidas en primarias, secundarias y preparatorias p\u00fablicas para consulta directa de los padres de familia y j\u00f3venes, y que los d\u00edas de recepci\u00f3n de documentos var\u00eda de acuerdo al nivel escolar: 8, 9 y 10 de noviembre para primaria; 13 y 14, secundaria, y 15 y 16 para preparatoria, en un horario de 9:00 a 17:00 horas.<\/p>\n","protected":false},"excerpt":{"rendered":"<p> El presidente municipal, V\u00edctor Estrada Garibay, exhort\u00f3 a estudiantes de escuelas p\u00fablicas  a obtener becas por \u201cExcelente Desempe\u00f1o Acad\u00e9mico\u201d y para la \u201cContinuidad Educativa 2017\u201d tras recordar que del 8 al 16 de noviembre son las \u00fanicas fechas para la entrega de documentos en el auditorio Enrique B\u00e1tiz. Se\u00f1al\u00f3 que la convocatoria \u201cBecas Escolares al Excelente Desempe\u00f1o Acad\u00e9mico y Continuidad Educativa 2017\u201d han sido promovidas en primarias, secundarias y preparatorias p\u00fablicas para consulta directa de los padres de familia y j\u00f3venes, y que los d\u00edas de recepci\u00f3n de documentos var\u00eda de acuerdo al nivel escolar: 8, 9 y 10 de noviembre para primaria; 13 y 14, secundaria, y 15 y 16 para preparatoria, en un horario de 9:00 a 17:00 horas.<\/p>\n","protected":false},"author":3,"featured_media":352374,"comment_status":"open","ping_status":"open","sticky":false,"template":"","format":"standard","meta":{"_monsterinsights_skip_tracking":false,"_monsterinsights_sitenote_active":false,"_monsterinsights_sitenote_note":"","_monsterinsights_sitenote_category":0,"footnotes":""},"categories":[35155],"tags":[11642,971,43675],"class_list":["post-352299","post","type-post","status-publish","format-standard","has-post-thumbnail","hentry","category-estado-de-mexico-estado-de-mexico","tag-becas","tag-cuautitlan-izcalli","tag-estado-de-mexico"],"_links":{"self":[{"href":"https:\/\/www.diarioimagen.net\/index.php?rest_route=\/wp\/v2\/posts\/352299","targetHints":{"allow":["GET"]}}],"collection":[{"href":"https:\/\/www.diarioimagen.net\/index.php?rest_route=\/wp\/v2\/posts"}],"about":[{"href":"https:\/\/www.diarioimagen.net\/index.php?rest_route=\/wp\/v2\/types\/post"}],"author":[{"embeddable":true,"href":"https:\/\/www.diarioimagen.net\/index.php?rest_route=\/wp\/v2\/users\/3"}],"replies":[{"embeddable":true,"href":"https:\/\/www.diarioimagen.net\/index.php?rest_route=%2Fwp%2Fv2%2Fcomments&post=352299"}],"version-history":[{"count":0,"href":"https:\/\/www.diarioimagen.net\/index.php?rest_route=\/wp\/v2\/posts\/352299\/revisions"}],"wp:featuredmedia":[{"embeddable":true,"href":"https:\/\/www.diarioimagen.net\/index.php?rest_route=\/wp\/v2\/media\/352374"}],"wp:attachment":[{"href":"https:\/\/www.diarioimagen.net\/index.php?rest_route=%2Fwp%2Fv2%2Fmedia&parent=352299"}],"wp:term":[{"taxonomy":"category","embeddable":true,"href":"https:\/\/www.diarioimagen.net\/index.php?rest_route=%2Fwp%2Fv2%2Fcategories&post=352299"},{"taxonomy":"post_tag","embeddable":true,"href":"https:\/\/www.diarioimagen.net\/index.php?rest_route=%2Fwp%2Fv2%2Ftags&post=352299"}],"curies":[{"name":"wp","href":"https:\/\/api.w.org\/{rel}","templated":true}]}}