{"id":352418,"date":"2017-11-09T00:10:24","date_gmt":"2017-11-09T06:10:24","guid":{"rendered":"http:\/\/www.diarioimagen.net\/?p=352418"},"modified":"2017-11-09T02:11:33","modified_gmt":"2017-11-09T08:11:33","slug":"integra-relampagos-a-la-primera-mujer-en-operar-aeronaves-de-rescate","status":"publish","type":"post","link":"https:\/\/www.diarioimagen.net\/?p=352418","title":{"rendered":"Integra Rel\u00e1mpagos a la primera mujer en operar aeronaves de rescate"},"content":{"rendered":"<ul>\n<li><strong><em>Katia Cort\u00e9s, dice sentirse honrada<\/em><\/strong><\/li>\n<\/ul>\n<p>&nbsp;<\/p>\n<div id=\"attachment_352419\" style=\"width: 470px\" class=\"wp-caption aligncenter\"><img loading=\"lazy\" decoding=\"async\" aria-describedby=\"caption-attachment-352419\" class=\"wp-image-352419 size-large\" src=\"http:\/\/www.diarioimagen.net\/wp-content\/uploads\/2017\/11\/RELMAPAGOS9-PORTAL-460x268.jpg\" alt=\"\" width=\"460\" height=\"268\" srcset=\"https:\/\/www.diarioimagen.net\/wp-content\/uploads\/2017\/11\/RELMAPAGOS9-PORTAL-460x268.jpg 460w, https:\/\/www.diarioimagen.net\/wp-content\/uploads\/2017\/11\/RELMAPAGOS9-PORTAL-240x140.jpg 240w, https:\/\/www.diarioimagen.net\/wp-content\/uploads\/2017\/11\/RELMAPAGOS9-PORTAL.jpg 480w\" sizes=\"auto, (max-width: 460px) 100vw, 460px\" \/><p id=\"caption-attachment-352419\" class=\"wp-caption-text\">El grupo de rescate Rel\u00e1mpagos del Edomex tiene entre sus filas a la primera mujer en operar una aeronave de rescate, y se llama Katia Yanina Cort\u00e9s P\u00e9rez.<\/p><\/div>\n<p>&nbsp;<\/p>\n<p><strong>Toluca, Estado de M\u00e9xico<\/strong>.-\u00a0 La Unidad de Rescate A\u00e9reo Rel\u00e1mpagos del Estado de M\u00e9xico tiene entre sus filas a la primera mujer en operar una aeronave de rescate; se trata de Katia Yanina Cort\u00e9s P\u00e9rez, quien desde hace un a\u00f1o participa en diversas emergencias, una de ellas, los sobrevuelos que se realizaron en la entidad luego del sismo del 19 de septiembre.<\/p>\n<p>\u201cPara m\u00ed ser parte de este gran equipo de Unidad de Rescate A\u00e9reo Rel\u00e1mpagos, y adem\u00e1s como la primera mujer, es incre\u00edble, es impresionante, es algo que estoy muy honrada, muy contenta y muy agradecida por poder ser parte de \u00e9ste\u201d, manifest\u00f3.<\/p>\n<p>Ella es piloto comercial con licencia e ingres\u00f3 al Grupo de Rescate desde noviembre de 2016. Su cargo en la agrupaci\u00f3n es primer oficial y se encuentra en proceso de formaci\u00f3n para poder desempe\u00f1arse como Comandante. Para ello, son necesarias mil horas de vuelo, las cuales equivalen a tres a\u00f1os aproximadamente.<\/p>\n<p>De las labores de sobrevuelo efectuadas despu\u00e9s del 19 de septiembre, Katia expresa que en este tipo de operaciones se debe estar concentrado en detectar zonas y personas pidiendo o necesitando alg\u00fan tipo de ayuda.<\/p>\n<p>Katia Cort\u00e9s es T\u00e9cnica Superior Universitaria Piloto Aviador de la Escuela de Aviaci\u00f3n \u201cM\u00e9xico\u201d y para ella es un honor ser parte del Grupo Rel\u00e1mpagos; es reflejo del esfuerzo y del trabajo diario para alcanzar sus sue\u00f1os y cumplir metas personales, convirti\u00e9ndose en la primera piloto en formar parte de la Coordinaci\u00f3n de Servicios A\u00e9reos del Gobierno del Estado de M\u00e9xico, que tiene 45 a\u00f1os de servicio.<\/p>\n<p>Desde hace m\u00e1s de 20 a\u00f1os, el Grupo Rel\u00e1mpagos selecciona, forma y capacita a sus integrantes, quienes despu\u00e9s de realizar pruebas psicol\u00f3gicas, psicom\u00e9tricas y f\u00edsicas se unen a este equipo de profesionales en rescate.<\/p>\n<p>Salvador De Alba, jefe de la Unidad de Rescate A\u00e9reo Rel\u00e1mpagos, explic\u00f3 que los adiestramientos que llevan a cabo los pilotos de este agrupamiento se enfocan principalmente en extinci\u00f3n de incendios forestales, gr\u00faa de rescate, as\u00ed como vuelos de monta\u00f1a y vigilancia y seguridad, entre otros.<\/p>\n","protected":false},"excerpt":{"rendered":"<p>La Unidad de Rescate A\u00e9reo Rel\u00e1mpagos del Estado de M\u00e9xico tiene entre sus filas a la primera mujer en operar una aeronave de rescate; se trata de Katia Yanina Cort\u00e9s P\u00e9rez, quien desde hace un a\u00f1o participa en diversas emergencias, una de ellas, los sobrevuelos que se realizaron en la entidad luego del sismo del 19 de septiembre.<\/p>\n","protected":false},"author":5,"featured_media":352419,"comment_status":"open","ping_status":"open","sticky":false,"template":"","format":"standard","meta":{"_monsterinsights_skip_tracking":false,"_monsterinsights_sitenote_active":false,"_monsterinsights_sitenote_note":"","_monsterinsights_sitenote_category":0,"footnotes":""},"categories":[5],"tags":[43675,63926,42775,728,452],"class_list":["post-352418","post","type-post","status-publish","format-standard","has-post-thumbnail","hentry","category-estado-de-mexico","tag-estado-de-mexico","tag-primera-mujer","tag-relampagos","tag-rescate","tag-toluca"],"_links":{"self":[{"href":"https:\/\/www.diarioimagen.net\/index.php?rest_route=\/wp\/v2\/posts\/352418","targetHints":{"allow":["GET"]}}],"collection":[{"href":"https:\/\/www.diarioimagen.net\/index.php?rest_route=\/wp\/v2\/posts"}],"about":[{"href":"https:\/\/www.diarioimagen.net\/index.php?rest_route=\/wp\/v2\/types\/post"}],"author":[{"embeddable":true,"href":"https:\/\/www.diarioimagen.net\/index.php?rest_route=\/wp\/v2\/users\/5"}],"replies":[{"embeddable":true,"href":"https:\/\/www.diarioimagen.net\/index.php?rest_route=%2Fwp%2Fv2%2Fcomments&post=352418"}],"version-history":[{"count":0,"href":"https:\/\/www.diarioimagen.net\/index.php?rest_route=\/wp\/v2\/posts\/352418\/revisions"}],"wp:featuredmedia":[{"embeddable":true,"href":"https:\/\/www.diarioimagen.net\/index.php?rest_route=\/wp\/v2\/media\/352419"}],"wp:attachment":[{"href":"https:\/\/www.diarioimagen.net\/index.php?rest_route=%2Fwp%2Fv2%2Fmedia&parent=352418"}],"wp:term":[{"taxonomy":"category","embeddable":true,"href":"https:\/\/www.diarioimagen.net\/index.php?rest_route=%2Fwp%2Fv2%2Fcategories&post=352418"},{"taxonomy":"post_tag","embeddable":true,"href":"https:\/\/www.diarioimagen.net\/index.php?rest_route=%2Fwp%2Fv2%2Ftags&post=352418"}],"curies":[{"name":"wp","href":"https:\/\/api.w.org\/{rel}","templated":true}]}}