{"id":352471,"date":"2017-11-09T00:09:30","date_gmt":"2017-11-09T06:09:30","guid":{"rendered":"http:\/\/www.diarioimagen.net\/?p=352471"},"modified":"2017-11-10T06:51:26","modified_gmt":"2017-11-10T12:51:26","slug":"servicios-de-salud-de-calidad-para-mexiquenses","status":"publish","type":"post","link":"https:\/\/www.diarioimagen.net\/?p=352471","title":{"rendered":"Servicios de salud de calidad para mexiquenses"},"content":{"rendered":"<h2>Arco Norte<\/h2>\n<h5>Jos\u00e9 Luis Monta\u00f1ez Aguilar<\/h5>\n<p>&nbsp;<\/p>\n<p><a href=\"http:\/\/www.diarioimagen.net\/?attachment_id=352541\" rel=\"attachment wp-att-352541\"><img loading=\"lazy\" decoding=\"async\" class=\"aligncenter size-large wp-image-352541\" src=\"http:\/\/www.diarioimagen.net\/wp-content\/uploads\/2017\/11\/arco-3247-460x259.jpg\" alt=\"\" width=\"460\" height=\"259\" srcset=\"https:\/\/www.diarioimagen.net\/wp-content\/uploads\/2017\/11\/arco-3247-460x259.jpg 460w, https:\/\/www.diarioimagen.net\/wp-content\/uploads\/2017\/11\/arco-3247-240x135.jpg 240w, https:\/\/www.diarioimagen.net\/wp-content\/uploads\/2017\/11\/arco-3247-235x132.jpg 235w, https:\/\/www.diarioimagen.net\/wp-content\/uploads\/2017\/11\/arco-3247-202x114.jpg 202w, https:\/\/www.diarioimagen.net\/wp-content\/uploads\/2017\/11\/arco-3247-350x196.jpg 350w, https:\/\/www.diarioimagen.net\/wp-content\/uploads\/2017\/11\/arco-3247-220x123.jpg 220w, https:\/\/www.diarioimagen.net\/wp-content\/uploads\/2017\/11\/arco-3247-237x132.jpg 237w, https:\/\/www.diarioimagen.net\/wp-content\/uploads\/2017\/11\/arco-3247.jpg 480w\" sizes=\"auto, (max-width: 460px) 100vw, 460px\" \/><\/a><\/p>\n<p>&nbsp;<\/p>\n<p>Los hospitales y Centros de Salud del Estado de M\u00e9xico contar\u00e1n con el 80 por ciento del abasto de insumos y medicamentos que requieren para operar, a fin de a\u00f1o cumpliendo con el compromiso que hizo Alfredo Del Mazo con los mexiquenses.<\/p>\n<p>Puso como ejemplo el Centro Especializado de Atenci\u00f3n Primaria a la Salud (CEAPS) de Soyaniquilpan, el cual, hace un mes y medio contaba con el 25 por ciento de medicamentos y ahora tiene el 60 por ciento de abasto, mismo del que entreg\u00f3 su ampliaci\u00f3n y rehabilitaci\u00f3n, para que brinde servicio los 365 d\u00edas del a\u00f1o, las 24 horas, y acerque los servicios de salud a los habitantes de este municipio, quienes anteriormente ten\u00edan que acudir al hospital de Jilotepec a recibir atenci\u00f3n m\u00e9dica. Del Mazo invit\u00f3 a la poblaci\u00f3n a vacunarse contra la influenza, e inform\u00f3 que se tienen m\u00e1s de 2.4 millones de vacunas para prevenir esta enfermedad.<\/p>\n<p style=\"text-align: center;\"><strong>Facilidades para que transportistas renueven su parque vehicular<\/strong><\/p>\n<p>\u00a0La Secretar\u00eda de Movilidad estatal public\u00f3 en la Gaceta Oficial de Gobierno, el acuerdo donde los prestadores del servicio p\u00fablico de transporte podr\u00e1n acceder a beneficios fiscales para sustituir sus unidades, y ofrecer a los usuarios veh\u00edculos modernos, c\u00f3modos y seguros.<\/p>\n<p>La vigencia de este decreto finaliza el 20 de diciembre de este a\u00f1o, y entre los beneficios se encuentran: el pago de adeudos por concepto de pr\u00f3rrogas en concesiones vencidas, en su modalidad de servicio regular de pasaje colectivo y autom\u00f3vil de alquiler de sitio, para los veh\u00edculos modelo 2005 en adelante, de acuerdo con el C\u00f3digo Financiero del Estado de M\u00e9xico y Municipios.<\/p>\n<p>Tambi\u00e9n un apoyo equivalente al 100 por ciento en el pago de derechos por servicios prestados por la Secretar\u00eda de Movilidad, por concepto de pr\u00f3rroga de la concesi\u00f3n por un a\u00f1o, contado a partir de la fecha de realizaci\u00f3n del tr\u00e1mite, en sus modalidades de servicio regular de pasaje colectivo y autom\u00f3vil de alquiler de sitio, para los veh\u00edculos modelo 2005 en adelante.<\/p>\n<p><em><a href=\"mailto:montanezaguilar@gmail.com\" target=\"_blank\" rel=\"noopener noreferrer\">montanezaguilar@gmail.com<\/a><\/em><\/p>\n","protected":false},"excerpt":{"rendered":"<p><span style=\"color: #005497;\">Jos\u00e9 Luis Monta\u00f1ez Aguilar<\/span><br \/>\n<br \/>\nLos hospitales y Centros de Salud del Estado de M\u00e9xico contar\u00e1n con el 80 por ciento del abasto de insumos y medicamentos que requieren para operar, a fin de a\u00f1o cumpliendo con el compromiso que hizo Alfredo Del Mazo con los mexiquenses.<\/p>\n","protected":false},"author":3,"featured_media":352541,"comment_status":"open","ping_status":"open","sticky":false,"template":"","format":"standard","meta":{"_monsterinsights_skip_tracking":false,"_monsterinsights_sitenote_active":false,"_monsterinsights_sitenote_note":"","_monsterinsights_sitenote_category":0,"footnotes":""},"categories":[5],"tags":[13284,43704,43674],"class_list":["post-352471","post","type-post","status-publish","format-standard","has-post-thumbnail","hentry","category-estado-de-mexico","tag-arco-norte","tag-jose-luis-montanez-aguilar","tag-opinion"],"_links":{"self":[{"href":"https:\/\/www.diarioimagen.net\/index.php?rest_route=\/wp\/v2\/posts\/352471","targetHints":{"allow":["GET"]}}],"collection":[{"href":"https:\/\/www.diarioimagen.net\/index.php?rest_route=\/wp\/v2\/posts"}],"about":[{"href":"https:\/\/www.diarioimagen.net\/index.php?rest_route=\/wp\/v2\/types\/post"}],"author":[{"embeddable":true,"href":"https:\/\/www.diarioimagen.net\/index.php?rest_route=\/wp\/v2\/users\/3"}],"replies":[{"embeddable":true,"href":"https:\/\/www.diarioimagen.net\/index.php?rest_route=%2Fwp%2Fv2%2Fcomments&post=352471"}],"version-history":[{"count":0,"href":"https:\/\/www.diarioimagen.net\/index.php?rest_route=\/wp\/v2\/posts\/352471\/revisions"}],"wp:featuredmedia":[{"embeddable":true,"href":"https:\/\/www.diarioimagen.net\/index.php?rest_route=\/wp\/v2\/media\/352541"}],"wp:attachment":[{"href":"https:\/\/www.diarioimagen.net\/index.php?rest_route=%2Fwp%2Fv2%2Fmedia&parent=352471"}],"wp:term":[{"taxonomy":"category","embeddable":true,"href":"https:\/\/www.diarioimagen.net\/index.php?rest_route=%2Fwp%2Fv2%2Fcategories&post=352471"},{"taxonomy":"post_tag","embeddable":true,"href":"https:\/\/www.diarioimagen.net\/index.php?rest_route=%2Fwp%2Fv2%2Ftags&post=352471"}],"curies":[{"name":"wp","href":"https:\/\/api.w.org\/{rel}","templated":true}]}}