{"id":352498,"date":"2017-11-09T00:08:49","date_gmt":"2017-11-09T06:08:49","guid":{"rendered":"http:\/\/www.diarioimagen.net\/?p=352498"},"modified":"2017-11-09T04:23:11","modified_gmt":"2017-11-09T10:23:11","slug":"cultura-es-riqueza-que-se-multiplica-cuando-se-extiende-a-la-sociedad-alfredo-barrera","status":"publish","type":"post","link":"https:\/\/www.diarioimagen.net\/?p=352498","title":{"rendered":"Cultura es riqueza que se multiplica cuando se extiende a la sociedad: Alfredo Barrera"},"content":{"rendered":"<p><strong><a href=\"http:\/\/www.diarioimagen.net\/?attachment_id=352558\" rel=\"attachment wp-att-352558\"><img loading=\"lazy\" decoding=\"async\" class=\"alignleft size-large wp-image-352558\" src=\"http:\/\/www.diarioimagen.net\/wp-content\/uploads\/2017\/11\/UAEM-3247-307x460.jpg\" alt=\"\" width=\"307\" height=\"460\" srcset=\"https:\/\/www.diarioimagen.net\/wp-content\/uploads\/2017\/11\/UAEM-3247-307x460.jpg 307w, https:\/\/www.diarioimagen.net\/wp-content\/uploads\/2017\/11\/UAEM-3247-160x240.jpg 160w, https:\/\/www.diarioimagen.net\/wp-content\/uploads\/2017\/11\/UAEM-3247.jpg 467w\" sizes=\"auto, (max-width: 307px) 100vw, 307px\" \/><\/a>Toluca, Estado de M\u00e9xico.- <\/strong>En la Universidad Aut\u00f3noma del Estado de M\u00e9xico \u201cla cultura es riqueza que se multiplica cuando se extiende a la sociedad\u201d, afirm\u00f3 el rector Alfredo Barrera Baca, al inaugurar la 22 edici\u00f3n del Festival Universitario de la Canci\u00f3n, certamen que \u2013dijo- goza de un sitio en la agenda cultural de los j\u00f3venes mexiquenses, consolidado dentro y fuera de la instituci\u00f3n, como una de las nuevas tradiciones universitarias.<\/p>\n<p>En el Teatro Universitario \u201cLos Jaguares\u201d, acompa\u00f1ado de los consejeros universitarios alumnos que organizan el Festival, que en esta ocasi\u00f3n re\u00fane a m\u00e1s de 300 participantes, Barrera Baca manifest\u00f3 que los j\u00f3venes que se forman en las aulas de la instituci\u00f3n son ciudadanos universales del ma\u00f1ana y hoy encarnan una realidad de esperanza.<\/p>\n","protected":false},"excerpt":{"rendered":"<p>En la Universidad Aut\u00f3noma del Estado de M\u00e9xico \u201cla cultura es riqueza que se multiplica cuando se extiende a la sociedad\u201d, afirm\u00f3 el rector Alfredo Barrera Baca, al inaugurar la 22 edici\u00f3n del Festival Universitario de la Canci\u00f3n, certamen que \u2013dijo- goza de un sitio en la agenda cultural de los j\u00f3venes mexiquenses, consolidado dentro y fuera de la instituci\u00f3n, como una de las nuevas tradiciones universitarias.<\/p>\n","protected":false},"author":3,"featured_media":352560,"comment_status":"open","ping_status":"open","sticky":false,"template":"","format":"standard","meta":{"_monsterinsights_skip_tracking":false,"_monsterinsights_sitenote_active":false,"_monsterinsights_sitenote_note":"","_monsterinsights_sitenote_category":0,"footnotes":""},"categories":[35155],"tags":[58572,67623,43675,452,1490],"class_list":["post-352498","post","type-post","status-publish","format-standard","has-post-thumbnail","hentry","category-estado-de-mexico-estado-de-mexico","tag-alfredo-barrera-baca","tag-cultur5a","tag-estado-de-mexico","tag-toluca","tag-universidad-autonoma-del-estado-de-mexico"],"_links":{"self":[{"href":"https:\/\/www.diarioimagen.net\/index.php?rest_route=\/wp\/v2\/posts\/352498","targetHints":{"allow":["GET"]}}],"collection":[{"href":"https:\/\/www.diarioimagen.net\/index.php?rest_route=\/wp\/v2\/posts"}],"about":[{"href":"https:\/\/www.diarioimagen.net\/index.php?rest_route=\/wp\/v2\/types\/post"}],"author":[{"embeddable":true,"href":"https:\/\/www.diarioimagen.net\/index.php?rest_route=\/wp\/v2\/users\/3"}],"replies":[{"embeddable":true,"href":"https:\/\/www.diarioimagen.net\/index.php?rest_route=%2Fwp%2Fv2%2Fcomments&post=352498"}],"version-history":[{"count":0,"href":"https:\/\/www.diarioimagen.net\/index.php?rest_route=\/wp\/v2\/posts\/352498\/revisions"}],"wp:featuredmedia":[{"embeddable":true,"href":"https:\/\/www.diarioimagen.net\/index.php?rest_route=\/wp\/v2\/media\/352560"}],"wp:attachment":[{"href":"https:\/\/www.diarioimagen.net\/index.php?rest_route=%2Fwp%2Fv2%2Fmedia&parent=352498"}],"wp:term":[{"taxonomy":"category","embeddable":true,"href":"https:\/\/www.diarioimagen.net\/index.php?rest_route=%2Fwp%2Fv2%2Fcategories&post=352498"},{"taxonomy":"post_tag","embeddable":true,"href":"https:\/\/www.diarioimagen.net\/index.php?rest_route=%2Fwp%2Fv2%2Ftags&post=352498"}],"curies":[{"name":"wp","href":"https:\/\/api.w.org\/{rel}","templated":true}]}}