{"id":352507,"date":"2017-11-09T00:07:00","date_gmt":"2017-11-09T06:07:00","guid":{"rendered":"http:\/\/www.diarioimagen.net\/?p=352507"},"modified":"2017-11-09T04:24:46","modified_gmt":"2017-11-09T10:24:46","slug":"recuperan-centro-acuatico-el-tepetatal-en-naucalpan","status":"publish","type":"post","link":"https:\/\/www.diarioimagen.net\/?p=352507","title":{"rendered":"Recuperan centro acu\u00e1tico El Tepetatal, en Naucalpan"},"content":{"rendered":"<ul>\n<li><strong><em>Qued\u00f3 bajo resguardo del Ayuntamiento<\/em><\/strong><\/li>\n<\/ul>\n<p>&nbsp;<\/p>\n<div id=\"attachment_352564\" style=\"width: 470px\" class=\"wp-caption aligncenter\"><a href=\"http:\/\/www.diarioimagen.net\/?attachment_id=352564\" rel=\"attachment wp-att-352564\"><img loading=\"lazy\" decoding=\"async\" aria-describedby=\"caption-attachment-352564\" class=\"size-large wp-image-352564\" src=\"http:\/\/www.diarioimagen.net\/wp-content\/uploads\/2017\/11\/NAUCALPAN-3247-460x259.jpg\" alt=\"\" width=\"460\" height=\"259\" srcset=\"https:\/\/www.diarioimagen.net\/wp-content\/uploads\/2017\/11\/NAUCALPAN-3247-460x259.jpg 460w, https:\/\/www.diarioimagen.net\/wp-content\/uploads\/2017\/11\/NAUCALPAN-3247-240x135.jpg 240w, https:\/\/www.diarioimagen.net\/wp-content\/uploads\/2017\/11\/NAUCALPAN-3247-235x132.jpg 235w, https:\/\/www.diarioimagen.net\/wp-content\/uploads\/2017\/11\/NAUCALPAN-3247-202x114.jpg 202w, https:\/\/www.diarioimagen.net\/wp-content\/uploads\/2017\/11\/NAUCALPAN-3247-350x196.jpg 350w, https:\/\/www.diarioimagen.net\/wp-content\/uploads\/2017\/11\/NAUCALPAN-3247-220x123.jpg 220w, https:\/\/www.diarioimagen.net\/wp-content\/uploads\/2017\/11\/NAUCALPAN-3247-237x132.jpg 237w, https:\/\/www.diarioimagen.net\/wp-content\/uploads\/2017\/11\/NAUCALPAN-3247.jpg 480w\" sizes=\"auto, (max-width: 460px) 100vw, 460px\" \/><\/a><p id=\"caption-attachment-352564\" class=\"wp-caption-text\">El centro acu\u00e1tico El Tepetatal qued\u00f3 bajo\u00a0 resguardo del Ayuntamiento, para su valoraci\u00f3n y determinar\u00a0 el estado en el que se encuentran las instalaciones.<\/p><\/div>\n<p>&nbsp;<\/p>\n<p><strong>Naucalpan, Estado de M\u00e9xico<\/strong>.- El gobierno local recuper\u00f3 el predio municipal donde se ubica el centro acu\u00e1tico El Tepetatal, el cual estaba en posesi\u00f3n\u00a0 de un particular, cuyo permiso\u00a0 administrativo venci\u00f3 el 31 de diciembre del a\u00f1o 2015 sin ser renovado, por lo que se realizaron los tr\u00e1mites correspondientes para ocuparlo en beneficio de los naucalpenses.<\/p>\n<p>Explic\u00f3 que de acuerdo con los art\u00edculos 100 y 101 del\u00a0 Reglamento de Bienes Municipales, se procedi\u00f3 a entregar\u00a0 dos emplazamientos al administrador del lugar para la entrega del inmueble, sin embargo dichas notificaciones no fueron atendidas, por lo que se efectu\u00f3 un operativo con la participaci\u00f3n de diversas \u00e1reas del gobierno municipal, para la recuperaci\u00f3n del predio.<\/p>\n<p>El inmueble qued\u00f3 bajo\u00a0 resguardo del Ayuntamiento, para su valoraci\u00f3n, determinar\u00a0 el estado en el que se encuentran las instalaciones del Centro Acu\u00e1tico, mismas que desde agosto pasado tienen sellos de suspensi\u00f3n de la Comisi\u00f3n para la Protecci\u00f3n Contra Riesgos Sanitarios del Estado de M\u00e9xico (COPRISEM),\u00a0 toda vez que el administrador\u00a0 incumpli\u00f3 las normas sanitarias correspondientes.<\/p>\n<p>El Gobierno realizar\u00e1 las acciones necesarias para cumplir la normatividad sanitaria\u00a0 y rehabilitar el inmueble,\u00a0 con el objetivo de que los naucalpenses cuenten con un espacio para la sana convivencia familiar, en instalaciones digna,\u00a0 con un esquema de administraci\u00f3n municipal como el que tiene la alberca La Mancha III.<\/p>\n","protected":false},"excerpt":{"rendered":"<p>El gobierno local recuper\u00f3 el predio municipal donde se ubica el centro acu\u00e1tico El Tepetatal, el cual estaba en posesi\u00f3n  de un particular, cuyo permiso  administrativo venci\u00f3 el 31 de diciembre del a\u00f1o 2015 sin ser renovado, por lo que se realizaron los tr\u00e1mites correspondientes para ocuparlo en beneficio de los naucalpenses.<\/p>\n","protected":false},"author":3,"featured_media":352564,"comment_status":"open","ping_status":"open","sticky":false,"template":"","format":"standard","meta":{"_monsterinsights_skip_tracking":false,"_monsterinsights_sitenote_active":false,"_monsterinsights_sitenote_note":"","_monsterinsights_sitenote_category":0,"footnotes":""},"categories":[35155],"tags":[67626,43675,970,67627],"class_list":["post-352507","post","type-post","status-publish","format-standard","has-post-thumbnail","hentry","category-estado-de-mexico-estado-de-mexico","tag-el-tepetatal","tag-estado-de-mexico","tag-naucalpan","tag-recuperan"],"_links":{"self":[{"href":"https:\/\/www.diarioimagen.net\/index.php?rest_route=\/wp\/v2\/posts\/352507","targetHints":{"allow":["GET"]}}],"collection":[{"href":"https:\/\/www.diarioimagen.net\/index.php?rest_route=\/wp\/v2\/posts"}],"about":[{"href":"https:\/\/www.diarioimagen.net\/index.php?rest_route=\/wp\/v2\/types\/post"}],"author":[{"embeddable":true,"href":"https:\/\/www.diarioimagen.net\/index.php?rest_route=\/wp\/v2\/users\/3"}],"replies":[{"embeddable":true,"href":"https:\/\/www.diarioimagen.net\/index.php?rest_route=%2Fwp%2Fv2%2Fcomments&post=352507"}],"version-history":[{"count":0,"href":"https:\/\/www.diarioimagen.net\/index.php?rest_route=\/wp\/v2\/posts\/352507\/revisions"}],"wp:featuredmedia":[{"embeddable":true,"href":"https:\/\/www.diarioimagen.net\/index.php?rest_route=\/wp\/v2\/media\/352564"}],"wp:attachment":[{"href":"https:\/\/www.diarioimagen.net\/index.php?rest_route=%2Fwp%2Fv2%2Fmedia&parent=352507"}],"wp:term":[{"taxonomy":"category","embeddable":true,"href":"https:\/\/www.diarioimagen.net\/index.php?rest_route=%2Fwp%2Fv2%2Fcategories&post=352507"},{"taxonomy":"post_tag","embeddable":true,"href":"https:\/\/www.diarioimagen.net\/index.php?rest_route=%2Fwp%2Fv2%2Ftags&post=352507"}],"curies":[{"name":"wp","href":"https:\/\/api.w.org\/{rel}","templated":true}]}}