{"id":352511,"date":"2017-11-09T00:05:29","date_gmt":"2017-11-09T06:05:29","guid":{"rendered":"http:\/\/www.diarioimagen.net\/?p=352511"},"modified":"2017-11-09T04:30:10","modified_gmt":"2017-11-09T10:30:10","slug":"reconocen-trabajo-en-materia-de-seguridad-en-huixquilucan","status":"publish","type":"post","link":"https:\/\/www.diarioimagen.net\/?p=352511","title":{"rendered":"Reconocen trabajo en materia de seguridad en Huixquilucan"},"content":{"rendered":"<ul>\n<li><strong><em>Sesi\u00f3n del Consejo Municipal de Seguridad P\u00fablica<\/em><\/strong><\/li>\n<\/ul>\n<p>&nbsp;<\/p>\n<div id=\"attachment_352575\" style=\"width: 470px\" class=\"wp-caption aligncenter\"><a href=\"http:\/\/www.diarioimagen.net\/?attachment_id=352575\" rel=\"attachment wp-att-352575\"><img loading=\"lazy\" decoding=\"async\" aria-describedby=\"caption-attachment-352575\" class=\"size-large wp-image-352575\" src=\"http:\/\/www.diarioimagen.net\/wp-content\/uploads\/2017\/11\/HUIXQUILUCAN-3247-460x287.jpg\" alt=\"\" width=\"460\" height=\"287\" srcset=\"https:\/\/www.diarioimagen.net\/wp-content\/uploads\/2017\/11\/HUIXQUILUCAN-3247-460x287.jpg 460w, https:\/\/www.diarioimagen.net\/wp-content\/uploads\/2017\/11\/HUIXQUILUCAN-3247-240x149.jpg 240w, https:\/\/www.diarioimagen.net\/wp-content\/uploads\/2017\/11\/HUIXQUILUCAN-3247.jpg 700w\" sizes=\"auto, (max-width: 460px) 100vw, 460px\" \/><\/a><p id=\"caption-attachment-352575\" class=\"wp-caption-text\">Se llev\u00f3 a cabo la onceava sesi\u00f3n Ordinaria del Consejo Municipal de Seguridad P\u00fablica de Huixquilucan.<\/p><\/div>\n<p>&nbsp;<\/p>\n<p><strong>Huixquilucan, Estado de M\u00e9xico<\/strong>.- \u201cLa regi\u00f3n VI ha sido la mejor calificada, en espec\u00edfico, Huixquilucan, estuvo muy bien evaluado en todos los rubros de seguridad. Reconozco muy buenas cosas en el municipio\u201d, sostuvo Patricia Eugenia Ramos P\u00e9rez, coordinadora regional del Secretariado Ejecutivo del Sistema Estatal de Seguridad P\u00fablica, quien resalt\u00f3 el trabajo que realiza el presidente, Enrique Vargas del Villar, en la materia.<\/p>\n<p>En el marco de la onceava sesi\u00f3n Ordinaria del Consejo Municipal de Seguridad P\u00fablica, dijo que Huixquilucan es ejemplo para las jurisdicciones que conforman la regi\u00f3n VI, ya que se ha destacado por brindar capacitaci\u00f3n, equipamiento y est\u00edmulos econ\u00f3micos a sus polic\u00edas.<\/p>\n<p>Muestra de ello es su participaci\u00f3n activa en la prevenci\u00f3n del delito.\u00a0\u201cHoy por hoy podemos decir que Huixquilucan tiene una vocaci\u00f3n de apoyo en materia de seguridad p\u00fablica\u201d destac\u00f3 la funcionaria estatal.<\/p>\n<p>Al presidir la sesi\u00f3n, el secretario del Ayuntamiento, Pablo Fern\u00e1ndez de Cevallos Gonz\u00e1lez, en su calidad de vicepresidente del Consejo Municipal de Seguridad P\u00fablica, dijo que el trabajo realizado por el alcalde, Enrique Vargas del Villar, ha permitido reducir de manera importante el \u00edndice delictivo.<\/p>\n<p>Subray\u00f3 que los resultados obtenidos en el tema de seguridad, han llevado a Huixquilucan a ser referente a nivel nacional y estatal, gracias al trabajo conjunto entre los cuerpos de seguridad de los tres \u00f3rdenes de gobierno, adem\u00e1s de la participaci\u00f3n activa de las autoridades auxiliares, delegados y ciudadanos.<\/p>\n<p>Fern\u00e1ndez de Cevallos, agradeci\u00f3 las palabras de la\u00a0coordinadora regional del Secretariado Ejecutivo del Sistema Estatal de Seguridad P\u00fablica, que\u00a0alientan a seguir trabando con m\u00e1s firmeza, al tiempo que resalt\u00f3 la coordinaci\u00f3n entre las instancias Federales, Estatales y Municipales en los operativos y estrategias que se realizan en Huixquilucan.<\/p>\n<p>En su oportunidad, el Secretario Ejecutivo del Sistema Municipal de Seguridad de Huixquilucan, Graco Arturo Ram\u00edrez Garrido Garc\u00eda, coment\u00f3 que derivado de las acertadas pol\u00edticas de seguridad y prevenci\u00f3n que se realizan, otras localidades han replicado modelos exitosos, como las campa\u00f1as estrat\u00e9gicas contra la violencia de g\u00e9nero, promoci\u00f3n de la denuncia an\u00f3nima, consumo responsable de alcohol y seguridad vial, mismas que se implementar\u00e1n en los municipios Nicol\u00e1s Romero, Jilotzingo e Isidro Fabela que conforman la regi\u00f3n VI.<\/p>\n","protected":false},"excerpt":{"rendered":"<p>\u201cLa regi\u00f3n VI ha sido la mejor calificada, en espec\u00edfico, Huixquilucan, estuvo muy bien evaluado en todos los rubros de seguridad. Reconozco muy buenas cosas en el municipio\u201d, sostuvo Patricia Eugenia Ramos P\u00e9rez, coordinadora regional del Secretariado Ejecutivo del Sistema Estatal de Seguridad P\u00fablica, quien resalt\u00f3 el trabajo que realiza el presidente, Enrique Vargas del Villar, en la materia.<\/p>\n","protected":false},"author":3,"featured_media":352575,"comment_status":"open","ping_status":"open","sticky":false,"template":"","format":"standard","meta":{"_monsterinsights_skip_tracking":false,"_monsterinsights_sitenote_active":false,"_monsterinsights_sitenote_note":"","_monsterinsights_sitenote_category":0,"footnotes":""},"categories":[35155],"tags":[43675,1097],"class_list":["post-352511","post","type-post","status-publish","format-standard","has-post-thumbnail","hentry","category-estado-de-mexico-estado-de-mexico","tag-estado-de-mexico","tag-huixquilucan"],"_links":{"self":[{"href":"https:\/\/www.diarioimagen.net\/index.php?rest_route=\/wp\/v2\/posts\/352511","targetHints":{"allow":["GET"]}}],"collection":[{"href":"https:\/\/www.diarioimagen.net\/index.php?rest_route=\/wp\/v2\/posts"}],"about":[{"href":"https:\/\/www.diarioimagen.net\/index.php?rest_route=\/wp\/v2\/types\/post"}],"author":[{"embeddable":true,"href":"https:\/\/www.diarioimagen.net\/index.php?rest_route=\/wp\/v2\/users\/3"}],"replies":[{"embeddable":true,"href":"https:\/\/www.diarioimagen.net\/index.php?rest_route=%2Fwp%2Fv2%2Fcomments&post=352511"}],"version-history":[{"count":0,"href":"https:\/\/www.diarioimagen.net\/index.php?rest_route=\/wp\/v2\/posts\/352511\/revisions"}],"wp:featuredmedia":[{"embeddable":true,"href":"https:\/\/www.diarioimagen.net\/index.php?rest_route=\/wp\/v2\/media\/352575"}],"wp:attachment":[{"href":"https:\/\/www.diarioimagen.net\/index.php?rest_route=%2Fwp%2Fv2%2Fmedia&parent=352511"}],"wp:term":[{"taxonomy":"category","embeddable":true,"href":"https:\/\/www.diarioimagen.net\/index.php?rest_route=%2Fwp%2Fv2%2Fcategories&post=352511"},{"taxonomy":"post_tag","embeddable":true,"href":"https:\/\/www.diarioimagen.net\/index.php?rest_route=%2Fwp%2Fv2%2Ftags&post=352511"}],"curies":[{"name":"wp","href":"https:\/\/api.w.org\/{rel}","templated":true}]}}