{"id":352628,"date":"2017-11-10T00:09:04","date_gmt":"2017-11-10T06:09:04","guid":{"rendered":"http:\/\/www.diarioimagen.net\/?p=352628"},"modified":"2017-11-12T22:59:31","modified_gmt":"2017-11-13T04:59:31","slug":"trasladan-49-reos-de-alta-peligrosidad-del-edomex-a-penales-federales","status":"publish","type":"post","link":"https:\/\/www.diarioimagen.net\/?p=352628","title":{"rendered":"Trasladan a penales federales 49 reos peligrosos de Edomex"},"content":{"rendered":"<ul>\n<li><strong><em>Fueron reubicados en Guanajuato, Michoac\u00e1n y Oaxaca<\/em><\/strong><\/li>\n<\/ul>\n<h6>Jos\u00e9 Luis Monta\u00f1ez<\/h6>\n<p>&nbsp;<\/p>\n<div id=\"attachment_352629\" style=\"width: 470px\" class=\"wp-caption aligncenter\"><img loading=\"lazy\" decoding=\"async\" aria-describedby=\"caption-attachment-352629\" class=\"wp-image-352629 size-large\" src=\"http:\/\/www.diarioimagen.net\/wp-content\/uploads\/2017\/11\/TRASLADO10-portal-460x268.jpg\" alt=\"\" width=\"460\" height=\"268\" srcset=\"https:\/\/www.diarioimagen.net\/wp-content\/uploads\/2017\/11\/TRASLADO10-portal-460x268.jpg 460w, https:\/\/www.diarioimagen.net\/wp-content\/uploads\/2017\/11\/TRASLADO10-portal-240x140.jpg 240w, https:\/\/www.diarioimagen.net\/wp-content\/uploads\/2017\/11\/TRASLADO10-portal.jpg 480w\" sizes=\"auto, (max-width: 460px) 100vw, 460px\" \/><p id=\"caption-attachment-352629\" class=\"wp-caption-text\">Trasladaron de c\u00e1rceles de Edomex a penales federales a 49 reos catalogados como de alto riesgo, de acuerdo a sus perfiles criminol\u00f3gicos.<\/p><\/div>\n<p>&nbsp;<\/p>\n<p>La Secretar\u00eda de Seguridad del Estado de M\u00e9xico (SSEM) traslad\u00f3 ayer a 49 personas privadas de su libertad a penales federales, al ser catalogadas como de alto riesgo, de acuerdo a sus perfiles criminol\u00f3gicos.<\/p>\n<p>Este traslado es resultado de las acciones implementadas por el Gabinete de Seguridad estatal, as\u00ed como de la participaci\u00f3n de la polic\u00eda estatal, la Comisi\u00f3n Nacional de Seguridad, la Secretar\u00eda de la Defensa Nacional (Sedena) y la Polic\u00eda Federal (PF).<\/p>\n<p>Al respecto, Maribel Cervantes, titular de la SSEM, asegur\u00f3 que de esta manera se da cumplimiento a la estrategia instruida por el gobernador Alfredo Del Mazo, en el Dec\u00e1logo de Seguridad.<\/p>\n<p>Dijo que se trata de fortalecer los mecanismos de control y seguimiento en los centros penitenciarios de la entidad, de detectar a las personas privadas de la libertad catalogados como de alto riesgo, de acuerdo a sus perfiles criminol\u00f3gicos para que sean llevados a otros penales federales del pa\u00eds.<\/p>\n<p>Recalc\u00f3 que la dependencia a su cargo continuar\u00e1 fortaleciendo el orden en los centros de reclusi\u00f3n y as\u00ed evitar la colusi\u00f3n de c\u00e9lulas delincuenciales y prevenir posibles disturbios en los penales de la entidad.<\/p>\n<p>Cabe destacar que, el protocolo de traslado se efectu\u00f3 con apego irrestricto a los derechos humanos de las personas privadas de la libertad sentenciadas por delitos de alto impacto, como son delincuencia organizada, homicidio, extorsi\u00f3n y secuestro; fueron reubicadas a los Centros Federales de Readaptaci\u00f3n Social, de Guanajuato, Michoac\u00e1n, zona oriente y Oaxaca.<\/p>\n<p>&nbsp;<\/p>\n","protected":false},"excerpt":{"rendered":"<p><span style=\"color: #005497;\">Jos\u00e9 Luis Monta\u00f1ez<\/span><br \/>\n<br \/>\nLa Secretar\u00eda de Seguridad del Estado de M\u00e9xico (SSEM) traslad\u00f3 ayer a 49 personas privadas de su libertad a penales federales, al ser catalogadas como de alto riesgo, de acuerdo a sus perfiles criminol\u00f3gicos.<\/p>\n","protected":false},"author":5,"featured_media":352629,"comment_status":"open","ping_status":"open","sticky":false,"template":"","format":"standard","meta":{"_monsterinsights_skip_tracking":false,"_monsterinsights_sitenote_active":false,"_monsterinsights_sitenote_note":"","_monsterinsights_sitenote_category":0,"footnotes":""},"categories":[7],"tags":[67640,67641,68,43675,41,803,67639,14731,67290],"class_list":["post-352628","post","type-post","status-publish","format-standard","has-post-thumbnail","hentry","category-seguridad","tag-49-reos","tag-alta-peligrosidad","tag-edomex","tag-estado-de-mexico","tag-guanajuato","tag-michoacan","tag-penales-federales","tag-reos","tag-trasladan"],"_links":{"self":[{"href":"https:\/\/www.diarioimagen.net\/index.php?rest_route=\/wp\/v2\/posts\/352628","targetHints":{"allow":["GET"]}}],"collection":[{"href":"https:\/\/www.diarioimagen.net\/index.php?rest_route=\/wp\/v2\/posts"}],"about":[{"href":"https:\/\/www.diarioimagen.net\/index.php?rest_route=\/wp\/v2\/types\/post"}],"author":[{"embeddable":true,"href":"https:\/\/www.diarioimagen.net\/index.php?rest_route=\/wp\/v2\/users\/5"}],"replies":[{"embeddable":true,"href":"https:\/\/www.diarioimagen.net\/index.php?rest_route=%2Fwp%2Fv2%2Fcomments&post=352628"}],"version-history":[{"count":0,"href":"https:\/\/www.diarioimagen.net\/index.php?rest_route=\/wp\/v2\/posts\/352628\/revisions"}],"wp:featuredmedia":[{"embeddable":true,"href":"https:\/\/www.diarioimagen.net\/index.php?rest_route=\/wp\/v2\/media\/352629"}],"wp:attachment":[{"href":"https:\/\/www.diarioimagen.net\/index.php?rest_route=%2Fwp%2Fv2%2Fmedia&parent=352628"}],"wp:term":[{"taxonomy":"category","embeddable":true,"href":"https:\/\/www.diarioimagen.net\/index.php?rest_route=%2Fwp%2Fv2%2Fcategories&post=352628"},{"taxonomy":"post_tag","embeddable":true,"href":"https:\/\/www.diarioimagen.net\/index.php?rest_route=%2Fwp%2Fv2%2Ftags&post=352628"}],"curies":[{"name":"wp","href":"https:\/\/api.w.org\/{rel}","templated":true}]}}