{"id":352682,"date":"2017-11-10T00:07:00","date_gmt":"2017-11-10T06:07:00","guid":{"rendered":"http:\/\/www.diarioimagen.net\/?p=352682"},"modified":"2017-11-10T06:27:24","modified_gmt":"2017-11-10T12:27:24","slug":"aumentan-11-delitos-del-fuero-comun-en-la-cdmx","status":"publish","type":"post","link":"https:\/\/www.diarioimagen.net\/?p=352682","title":{"rendered":"Aumentan 11% delitos del fuero com\u00fan en la CDMX"},"content":{"rendered":"<ul>\n<li><strong><em>Informa de la PGJ a la Asamblea Legislativa<\/em><\/strong><\/li>\n<\/ul>\n<p>&nbsp;<\/p>\n<div id=\"attachment_352802\" style=\"width: 470px\" class=\"wp-caption aligncenter\"><a href=\"http:\/\/www.diarioimagen.net\/?attachment_id=352802\" rel=\"attachment wp-att-352802\"><img loading=\"lazy\" decoding=\"async\" aria-describedby=\"caption-attachment-352802\" class=\"size-large wp-image-352802\" src=\"http:\/\/www.diarioimagen.net\/wp-content\/uploads\/2017\/11\/DELITOS-3248-460x259.jpg\" alt=\"\" width=\"460\" height=\"259\" srcset=\"https:\/\/www.diarioimagen.net\/wp-content\/uploads\/2017\/11\/DELITOS-3248-460x259.jpg 460w, https:\/\/www.diarioimagen.net\/wp-content\/uploads\/2017\/11\/DELITOS-3248-240x135.jpg 240w, https:\/\/www.diarioimagen.net\/wp-content\/uploads\/2017\/11\/DELITOS-3248-235x132.jpg 235w, https:\/\/www.diarioimagen.net\/wp-content\/uploads\/2017\/11\/DELITOS-3248-202x114.jpg 202w, https:\/\/www.diarioimagen.net\/wp-content\/uploads\/2017\/11\/DELITOS-3248-350x196.jpg 350w, https:\/\/www.diarioimagen.net\/wp-content\/uploads\/2017\/11\/DELITOS-3248-220x123.jpg 220w, https:\/\/www.diarioimagen.net\/wp-content\/uploads\/2017\/11\/DELITOS-3248-237x132.jpg 237w, https:\/\/www.diarioimagen.net\/wp-content\/uploads\/2017\/11\/DELITOS-3248.jpg 480w\" sizes=\"auto, (max-width: 460px) 100vw, 460px\" \/><\/a><p id=\"caption-attachment-352802\" class=\"wp-caption-text\">Las denuncias por delitos de alto impacto en la Ciudad de M\u00e9xico se elevaron 6.5 por ciento.<\/p><\/div>\n<p>&nbsp;<\/p>\n<p>Los delitos del fuero com\u00fan se incrementaron 11.4 por ciento en la Ciudad de M\u00e9xico, inform\u00f3 el procurador capitalino, Edmundo Garrido Osorio.<\/p>\n<p>El aumento corresponde del 16 de septiembre de 2016 a julio de este a\u00f1o y en comparaci\u00f3n con el mismo periodo, pero de 2015 a 2016, acorde con el 5\u00b0 Informe que el funcionario capitalino present\u00f3 ante la Asamblea Legislativa.<\/p>\n<p>El il\u00edcito que present\u00f3 mayor incremento fue el robo dentro del Metro, con 226 por ciento.<\/p>\n<p>El homicidio doloso pas\u00f3 de un promedio diario de 2.43 a 2.93 por ciento, lo que represent\u00f3 un 20.7 de incremento.<\/p>\n<p>Las denuncias por delitos de alto impacto se elevaron 6.5 por ciento, pues pasaron de 24 mil 645 denuncias a 26 mil 162, mientras los de bajo impacto 12.4, seg\u00fan las estad\u00edsticas de la Procuradur\u00eda.<\/p>\n<p>No obstante, en dicho periodo los secuestros bajaron 20.6 por ciento; el robo a casa- habitaci\u00f3n baj\u00f3 11.5, el robo a negocio 13.3 y el robo a cuentahabiente present\u00f3 un decremento de 13.8.<\/p>\n<p>El delito que m\u00e1s descendi\u00f3 fue el robo a pasajero de taxi, que pas\u00f3 de 640 casos en 2015-2016 a 84 en 2016-2017.<\/p>\n<p>Las lesiones por disparo de arma de fuego aumentaron 31.5 por ciento.<\/p>\n","protected":false},"excerpt":{"rendered":"<p>Los delitos del fuero com\u00fan se incrementaron 11.4 por ciento en la Ciudad de M\u00e9xico, inform\u00f3 el procurador capitalino, Edmundo Garrido Osorio.<\/p>\n","protected":false},"author":3,"featured_media":352802,"comment_status":"open","ping_status":"open","sticky":false,"template":"","format":"standard","meta":{"_monsterinsights_skip_tracking":false,"_monsterinsights_sitenote_active":false,"_monsterinsights_sitenote_note":"","_monsterinsights_sitenote_category":0,"footnotes":""},"categories":[6],"tags":[16997,34444,8654,4262,43677],"class_list":["post-352682","post","type-post","status-publish","format-standard","has-post-thumbnail","hentry","category-cd-de-mexico","tag-aumento","tag-cdmx","tag-delincuencia","tag-fuero","tag-seguridad"],"_links":{"self":[{"href":"https:\/\/www.diarioimagen.net\/index.php?rest_route=\/wp\/v2\/posts\/352682","targetHints":{"allow":["GET"]}}],"collection":[{"href":"https:\/\/www.diarioimagen.net\/index.php?rest_route=\/wp\/v2\/posts"}],"about":[{"href":"https:\/\/www.diarioimagen.net\/index.php?rest_route=\/wp\/v2\/types\/post"}],"author":[{"embeddable":true,"href":"https:\/\/www.diarioimagen.net\/index.php?rest_route=\/wp\/v2\/users\/3"}],"replies":[{"embeddable":true,"href":"https:\/\/www.diarioimagen.net\/index.php?rest_route=%2Fwp%2Fv2%2Fcomments&post=352682"}],"version-history":[{"count":0,"href":"https:\/\/www.diarioimagen.net\/index.php?rest_route=\/wp\/v2\/posts\/352682\/revisions"}],"wp:featuredmedia":[{"embeddable":true,"href":"https:\/\/www.diarioimagen.net\/index.php?rest_route=\/wp\/v2\/media\/352802"}],"wp:attachment":[{"href":"https:\/\/www.diarioimagen.net\/index.php?rest_route=%2Fwp%2Fv2%2Fmedia&parent=352682"}],"wp:term":[{"taxonomy":"category","embeddable":true,"href":"https:\/\/www.diarioimagen.net\/index.php?rest_route=%2Fwp%2Fv2%2Fcategories&post=352682"},{"taxonomy":"post_tag","embeddable":true,"href":"https:\/\/www.diarioimagen.net\/index.php?rest_route=%2Fwp%2Fv2%2Ftags&post=352682"}],"curies":[{"name":"wp","href":"https:\/\/api.w.org\/{rel}","templated":true}]}}