{"id":352693,"date":"2017-11-10T00:07:33","date_gmt":"2017-11-10T06:07:33","guid":{"rendered":"http:\/\/www.diarioimagen.net\/?p=352693"},"modified":"2017-11-10T05:45:28","modified_gmt":"2017-11-10T11:45:28","slug":"secretario-de-salud-puede-presidir-el-consejo-directivo-del-isem","status":"publish","type":"post","link":"https:\/\/www.diarioimagen.net\/?p=352693","title":{"rendered":"Secretario de Salud puede presidir el Consejo Directivo del ISEM"},"content":{"rendered":"<ul>\n<li><strong><em>Aprueba Legislatura mexiquense<\/em><\/strong><\/li>\n<\/ul>\n<p>&nbsp;<\/p>\n<p><a href=\"http:\/\/www.diarioimagen.net\/?attachment_id=352781\" rel=\"attachment wp-att-352781\"><img loading=\"lazy\" decoding=\"async\" class=\"aligncenter size-large wp-image-352781\" src=\"http:\/\/www.diarioimagen.net\/wp-content\/uploads\/2017\/11\/LEGISLATURA-3248-460x259.jpg\" alt=\"\" width=\"460\" height=\"259\" srcset=\"https:\/\/www.diarioimagen.net\/wp-content\/uploads\/2017\/11\/LEGISLATURA-3248-460x259.jpg 460w, https:\/\/www.diarioimagen.net\/wp-content\/uploads\/2017\/11\/LEGISLATURA-3248-240x135.jpg 240w, https:\/\/www.diarioimagen.net\/wp-content\/uploads\/2017\/11\/LEGISLATURA-3248-235x132.jpg 235w, https:\/\/www.diarioimagen.net\/wp-content\/uploads\/2017\/11\/LEGISLATURA-3248-202x114.jpg 202w, https:\/\/www.diarioimagen.net\/wp-content\/uploads\/2017\/11\/LEGISLATURA-3248-350x196.jpg 350w, https:\/\/www.diarioimagen.net\/wp-content\/uploads\/2017\/11\/LEGISLATURA-3248-220x123.jpg 220w, https:\/\/www.diarioimagen.net\/wp-content\/uploads\/2017\/11\/LEGISLATURA-3248-237x132.jpg 237w, https:\/\/www.diarioimagen.net\/wp-content\/uploads\/2017\/11\/LEGISLATURA-3248.jpg 480w\" sizes=\"auto, (max-width: 460px) 100vw, 460px\" \/><\/a><\/p>\n<p>&nbsp;<\/p>\n<p><strong>Toluca, Estado de M\u00e9xico<\/strong>.- Para permitir que la o el secretario de Salud tambi\u00e9n pueda asumir el cargo de director general del Instituto de Salud del Estado de M\u00e9xico (ISEM), sin que esto genere doble remuneraci\u00f3n, la 59 Legislatura mexiquense aprob\u00f3, por unanimidad, reformas al C\u00f3digo Administrativo de la entidad.<\/p>\n<p>En sesi\u00f3n presidida por el diputado Diego Eric Moreno Valle, la legisladora Leticia Calder\u00f3n Ram\u00edrez (PRI), quien propuso la iniciativa, explic\u00f3 que el gobierno estatal contar\u00e1 con la capacidad de crear los lineamientos a seguir por el ISEM para prestar de manera eficaz sus servicios y alinear las pol\u00edticas en esta materia dando congruencia operacional y una eficaz implementaci\u00f3n.<\/p>\n<p>Con estas reformas, se establece que el Consejo Directivo del ISEM estar\u00e1 integrado por un presidente, quien ser\u00e1 la o el titular de la Secretar\u00eda de Salud; un secretario, designado por el Consejo interno a propuesta de su presidente, y un comisario, representante de la Secretar\u00eda de la Contralor\u00eda.<\/p>\n<p>De igual forma, ocho vocales, representantes de las secretar\u00edas de Finanzas, de Trabajo, de Educaci\u00f3n, de Desarrollo Urbano y Metropolitano, de Desarrollo Agropecuario y de Medio Ambiente, as\u00ed como un representante de la Secretar\u00eda de Salud del gobierno federal y otro de los trabajadores designados por el Comit\u00e9 Ejecutivo Nacional del Sindicato Nacional de Trabajadores de la Secretar\u00eda de Salud.<\/p>\n","protected":false},"excerpt":{"rendered":"<p>Para permitir que la o el secretario de Salud tambi\u00e9n pueda asumir el cargo de director general del Instituto de Salud del Estado de M\u00e9xico (ISEM), sin que esto genere doble remuneraci\u00f3n, la 59 Legislatura mexiquense aprob\u00f3, por unanimidad, reformas al C\u00f3digo Administrativo de la entidad.<\/p>\n","protected":false},"author":3,"featured_media":352781,"comment_status":"open","ping_status":"open","sticky":false,"template":"","format":"standard","meta":{"_monsterinsights_skip_tracking":false,"_monsterinsights_sitenote_active":false,"_monsterinsights_sitenote_note":"","_monsterinsights_sitenote_category":0,"footnotes":""},"categories":[35155],"tags":[43675,452],"class_list":["post-352693","post","type-post","status-publish","format-standard","has-post-thumbnail","hentry","category-estado-de-mexico-estado-de-mexico","tag-estado-de-mexico","tag-toluca"],"_links":{"self":[{"href":"https:\/\/www.diarioimagen.net\/index.php?rest_route=\/wp\/v2\/posts\/352693","targetHints":{"allow":["GET"]}}],"collection":[{"href":"https:\/\/www.diarioimagen.net\/index.php?rest_route=\/wp\/v2\/posts"}],"about":[{"href":"https:\/\/www.diarioimagen.net\/index.php?rest_route=\/wp\/v2\/types\/post"}],"author":[{"embeddable":true,"href":"https:\/\/www.diarioimagen.net\/index.php?rest_route=\/wp\/v2\/users\/3"}],"replies":[{"embeddable":true,"href":"https:\/\/www.diarioimagen.net\/index.php?rest_route=%2Fwp%2Fv2%2Fcomments&post=352693"}],"version-history":[{"count":0,"href":"https:\/\/www.diarioimagen.net\/index.php?rest_route=\/wp\/v2\/posts\/352693\/revisions"}],"wp:featuredmedia":[{"embeddable":true,"href":"https:\/\/www.diarioimagen.net\/index.php?rest_route=\/wp\/v2\/media\/352781"}],"wp:attachment":[{"href":"https:\/\/www.diarioimagen.net\/index.php?rest_route=%2Fwp%2Fv2%2Fmedia&parent=352693"}],"wp:term":[{"taxonomy":"category","embeddable":true,"href":"https:\/\/www.diarioimagen.net\/index.php?rest_route=%2Fwp%2Fv2%2Fcategories&post=352693"},{"taxonomy":"post_tag","embeddable":true,"href":"https:\/\/www.diarioimagen.net\/index.php?rest_route=%2Fwp%2Fv2%2Ftags&post=352693"}],"curies":[{"name":"wp","href":"https:\/\/api.w.org\/{rel}","templated":true}]}}