{"id":352723,"date":"2017-11-10T00:05:19","date_gmt":"2017-11-10T06:05:19","guid":{"rendered":"http:\/\/www.diarioimagen.net\/?p=352723"},"modified":"2017-11-10T06:07:01","modified_gmt":"2017-11-10T12:07:01","slug":"huixquilucan-sede-del-foro-de-mujeres-de-alto-impacto","status":"publish","type":"post","link":"https:\/\/www.diarioimagen.net\/?p=352723","title":{"rendered":"Huixquilucan, sede del  foro de \u201cMujeres de Alto Impacto\u201d"},"content":{"rendered":"<ul>\n<li><strong><em>Experiencias en temas pol\u00edticos y de iniciativa privada<\/em><\/strong><\/li>\n<\/ul>\n<p>&nbsp;<\/p>\n<div id=\"attachment_352790\" style=\"width: 470px\" class=\"wp-caption aligncenter\"><a href=\"http:\/\/www.diarioimagen.net\/?attachment_id=352790\" rel=\"attachment wp-att-352790\"><img loading=\"lazy\" decoding=\"async\" aria-describedby=\"caption-attachment-352790\" class=\"size-large wp-image-352790\" src=\"http:\/\/www.diarioimagen.net\/wp-content\/uploads\/2017\/11\/HUIXQUILUCAN-3248-460x259.jpg\" alt=\"\" width=\"460\" height=\"259\" srcset=\"https:\/\/www.diarioimagen.net\/wp-content\/uploads\/2017\/11\/HUIXQUILUCAN-3248-460x259.jpg 460w, https:\/\/www.diarioimagen.net\/wp-content\/uploads\/2017\/11\/HUIXQUILUCAN-3248-240x135.jpg 240w, https:\/\/www.diarioimagen.net\/wp-content\/uploads\/2017\/11\/HUIXQUILUCAN-3248-235x132.jpg 235w, https:\/\/www.diarioimagen.net\/wp-content\/uploads\/2017\/11\/HUIXQUILUCAN-3248-202x114.jpg 202w, https:\/\/www.diarioimagen.net\/wp-content\/uploads\/2017\/11\/HUIXQUILUCAN-3248-350x196.jpg 350w, https:\/\/www.diarioimagen.net\/wp-content\/uploads\/2017\/11\/HUIXQUILUCAN-3248-220x123.jpg 220w, https:\/\/www.diarioimagen.net\/wp-content\/uploads\/2017\/11\/HUIXQUILUCAN-3248-237x132.jpg 237w, https:\/\/www.diarioimagen.net\/wp-content\/uploads\/2017\/11\/HUIXQUILUCAN-3248.jpg 480w\" sizes=\"auto, (max-width: 460px) 100vw, 460px\" \/><\/a><p id=\"caption-attachment-352790\" class=\"wp-caption-text\">Se llev\u00f3 a cabo el primer foro \u201cMujeres de Alto Impacto\u201d, un espacio en el que se compartieron experiencias de vida.<\/p><\/div>\n<p>&nbsp;<\/p>\n<p><strong>Huixquilucan, Estado de M\u00e9xico<\/strong>.- El gobierno de Huixquilucan, la Universidad An\u00e1huac y la Asociaci\u00f3n Mexicana de Mujeres Jefas de Empresa (AMMJE), realizaron el primer foro \u201cMujeres de Alto Impacto\u201d, un espacio en el que se compartieron experiencias de vida en el proceso de empoderamiento de este sector.<\/p>\n<p>En representaci\u00f3n del presidente municipal, Enrique Vargas del Villar, el secretario del Ayuntamiento,\u00a0Pablo Fern\u00e1ndez de Cevallos Gonz\u00e1lez,\u00a0expres\u00f3 que este tipo de foros permiten redoblar esfuerzos para adoptar estrategias que ayuden al empoderamiento del sector femenino en Huixquilucan.<\/p>\n<p>Record\u00f3 que hoy en d\u00eda las mujeres rompen los paradigmas bajo los cuales han sido catalogadas durante a\u00f1os y han obtenido igualdad de participaci\u00f3n y oportunidades. \u201cLas mujeres son protagonistas de sus propias historias, tienen la capacidad de lograr la transformaci\u00f3n de su entorno, cambiando la mentalidad de su entorno colectivo y social\u201d, resalt\u00f3.<\/p>\n<p>Agradeci\u00f3 a la Universidad An\u00e1huac y a la AMMJE,\u00a0la distinci\u00f3n hecha al municipio para ser sede de este primer foro y representar a la comunidad de empresarias mexicanas.<\/p>\n<p>En su oportunidad, la presidenta de la Asociaci\u00f3n Mexicana de Mujeres Jefas de Empresa (AMMJE),\u00a0Blanca Estela P\u00e9rez Villalobos,\u00a0se\u00f1al\u00f3 que en este espacio, se reunieron empresarias de la regi\u00f3n centro del pa\u00eds, que comprende los estados de M\u00e9xico, Hidalgo y Ciudad de M\u00e9xico.<\/p>\n<p>Precis\u00f3 que de manera conjunta con el Gobierno Municipal, que encabeza Enrique Vargas del Villar, se vincular\u00e1 a las emprendedoras y empresarias con los programas gubernamentales para impulsarlas y que sus proyectos se vuelvan productivos.<\/p>\n<p>En las mesas de trabajo, \u201cLa mujer en la vida p\u00fablica y pol\u00edtica del pa\u00eds. Mitos y Realidades\u201d, y \u201cEl desarrollo\u00a0 de la mujer en la sociedad como empresaria y ejecutiva\u201d,\u00a0las participantes escucharon\u00a0\u00a0historias de \u00e9xito en voz de sus protagonistas.<\/p>\n<p>La directora de administraci\u00f3n,\u00a0Teresa Ginez Serrano, comparti\u00f3 con las asistentes su crecimiento profesional en el sector gubernamental. En este panel tambi\u00e9n particip\u00f3 la diputada Yolanda Guadalupe Valladares Valle; la subsecretaria de Desarrollo Social del estado de M\u00e9xico,\u00a0 Rosalba Gualito Casta\u00f1eda.<\/p>\n<p>Durante el foro \u201cMujeres de Alto Impacto\u201d, se instal\u00f3 un bazar con productos de empresas lideradas por mujeres, culminando con un desfile de modas.<\/p>\n","protected":false},"excerpt":{"rendered":"<p>El gobierno de Huixquilucan, la Universidad An\u00e1huac y la Asociaci\u00f3n Mexicana de Mujeres Jefas de Empresa (AMMJE), realizaron el primer foro \u201cMujeres de Alto Impacto\u201d, un espacio en el que se compartieron experiencias de vida en el proceso de empoderamiento de este sector.<\/p>\n","protected":false},"author":3,"featured_media":352790,"comment_status":"open","ping_status":"open","sticky":false,"template":"","format":"standard","meta":{"_monsterinsights_skip_tracking":false,"_monsterinsights_sitenote_active":false,"_monsterinsights_sitenote_note":"","_monsterinsights_sitenote_category":0,"footnotes":""},"categories":[35155],"tags":[43675,1097,67675],"class_list":["post-352723","post","type-post","status-publish","format-standard","has-post-thumbnail","hentry","category-estado-de-mexico-estado-de-mexico","tag-estado-de-mexico","tag-huixquilucan","tag-mujeres-de-alto-impacto"],"_links":{"self":[{"href":"https:\/\/www.diarioimagen.net\/index.php?rest_route=\/wp\/v2\/posts\/352723","targetHints":{"allow":["GET"]}}],"collection":[{"href":"https:\/\/www.diarioimagen.net\/index.php?rest_route=\/wp\/v2\/posts"}],"about":[{"href":"https:\/\/www.diarioimagen.net\/index.php?rest_route=\/wp\/v2\/types\/post"}],"author":[{"embeddable":true,"href":"https:\/\/www.diarioimagen.net\/index.php?rest_route=\/wp\/v2\/users\/3"}],"replies":[{"embeddable":true,"href":"https:\/\/www.diarioimagen.net\/index.php?rest_route=%2Fwp%2Fv2%2Fcomments&post=352723"}],"version-history":[{"count":0,"href":"https:\/\/www.diarioimagen.net\/index.php?rest_route=\/wp\/v2\/posts\/352723\/revisions"}],"wp:featuredmedia":[{"embeddable":true,"href":"https:\/\/www.diarioimagen.net\/index.php?rest_route=\/wp\/v2\/media\/352790"}],"wp:attachment":[{"href":"https:\/\/www.diarioimagen.net\/index.php?rest_route=%2Fwp%2Fv2%2Fmedia&parent=352723"}],"wp:term":[{"taxonomy":"category","embeddable":true,"href":"https:\/\/www.diarioimagen.net\/index.php?rest_route=%2Fwp%2Fv2%2Fcategories&post=352723"},{"taxonomy":"post_tag","embeddable":true,"href":"https:\/\/www.diarioimagen.net\/index.php?rest_route=%2Fwp%2Fv2%2Ftags&post=352723"}],"curies":[{"name":"wp","href":"https:\/\/api.w.org\/{rel}","templated":true}]}}