{"id":352725,"date":"2017-11-10T00:05:37","date_gmt":"2017-11-10T06:05:37","guid":{"rendered":"http:\/\/www.diarioimagen.net\/?p=352725"},"modified":"2017-11-10T06:08:52","modified_gmt":"2017-11-10T12:08:52","slug":"pri-no-debe-discriminar-al-sector-obrero-en-reparto-de-candidaturas-janitzio-soto","status":"publish","type":"post","link":"https:\/\/www.diarioimagen.net\/?p=352725","title":{"rendered":"PRI no debe discriminar al sector obrero en reparto de candidaturas: Janitzio Soto"},"content":{"rendered":"<ul>\n<li><strong><em>L\u00edder de los trabajadores del Valle de M\u00e9xico<\/em><\/strong><\/li>\n<\/ul>\n<p>&nbsp;<\/p>\n<div id=\"attachment_352793\" style=\"width: 470px\" class=\"wp-caption aligncenter\"><a href=\"http:\/\/www.diarioimagen.net\/?attachment_id=352793\" rel=\"attachment wp-att-352793\"><img loading=\"lazy\" decoding=\"async\" aria-describedby=\"caption-attachment-352793\" class=\"size-large wp-image-352793\" src=\"http:\/\/www.diarioimagen.net\/wp-content\/uploads\/2017\/11\/TLALNEPANTLA-3248-460x259.jpg\" alt=\"\" width=\"460\" height=\"259\" srcset=\"https:\/\/www.diarioimagen.net\/wp-content\/uploads\/2017\/11\/TLALNEPANTLA-3248-460x259.jpg 460w, https:\/\/www.diarioimagen.net\/wp-content\/uploads\/2017\/11\/TLALNEPANTLA-3248-240x135.jpg 240w, https:\/\/www.diarioimagen.net\/wp-content\/uploads\/2017\/11\/TLALNEPANTLA-3248-235x132.jpg 235w, https:\/\/www.diarioimagen.net\/wp-content\/uploads\/2017\/11\/TLALNEPANTLA-3248-202x114.jpg 202w, https:\/\/www.diarioimagen.net\/wp-content\/uploads\/2017\/11\/TLALNEPANTLA-3248-350x196.jpg 350w, https:\/\/www.diarioimagen.net\/wp-content\/uploads\/2017\/11\/TLALNEPANTLA-3248-220x123.jpg 220w, https:\/\/www.diarioimagen.net\/wp-content\/uploads\/2017\/11\/TLALNEPANTLA-3248-237x132.jpg 237w, https:\/\/www.diarioimagen.net\/wp-content\/uploads\/2017\/11\/TLALNEPANTLA-3248.jpg 480w\" sizes=\"auto, (max-width: 460px) 100vw, 460px\" \/><\/a><p id=\"caption-attachment-352793\" class=\"wp-caption-text\">El sector obrero ha sido el <em>patito feo<\/em> a la hora de la repartici\u00f3n de candidaturas, afirma Janitzio Soto.<\/p><\/div>\n<p>&nbsp;<\/p>\n<p><strong>Tlalnepantla, Estado de M\u00e9xico<\/strong>.- De las tres centrales de que est\u00e1 conformado el PRI, por siempre, la obrera, que encabeza la CTM, ha sido el<em> patito feo <\/em>a la hora de la repartici\u00f3n de candidaturas para diputaciones, senadur\u00edas, gobiernos estatales y alcald\u00edas y todo lo dem\u00e1s, se\u00f1al\u00f3 Janitzio Soto, principal l\u00edder de los trabajadores del Valle de M\u00e9xico.<\/p>\n<p>Esa injusta y an\u00f3mala situaci\u00f3n debe terminar, dice tajante, al hacer un llamado a la dirigencia y a los liderazgos de su partido, para que act\u00faen con justicia, lo mismo al escoger en unos d\u00edas m\u00e1s al candidato a la Presidencia de la Rep\u00fablica, que al seleccionarse todas las dem\u00e1s candidaturas a nivel estatal y nacional.<\/p>\n<p>No se entiende, dice bien claro, el trato discriminatorio que tradicionalmente se ha dado a los trabajadores en la repartici\u00f3n de candidaturas a puestos de elecci\u00f3n popular, donde casi siempre el gan\u00f3n es el sector popular. Y en cuanto al sector campesino, tiene que reconocerse que en la realidad de la lucha pol\u00edtica se ve y se siente muy poco.<\/p>\n<p>M\u00e1s adelante, Soto Elguera dijo que aunque quiz\u00e1 los l\u00edderes del sector obrero no son gente perfecta, tampoco lo son los de los otros. Y s\u00ed, explica tajante, las agrupaciones de trabajadores son ejemplares en la lucha por conseguir mejores ingresos para sus agremiados y tambi\u00e9n para emprender algunas tareas en beneficio de la sociedad.<\/p>\n<p>Agrega que es loable la solidaridad que muestran los trabajadores en sus luchas. Unidad a toda prueba es la constante cuando llegan los momentos dif\u00edciles, por lo que en general es ejemplar su comportamiento y casi siempre salen adelante con \u00e9xito.<\/p>\n<p>Explic\u00f3 el dirigente que a pesar de que en general se les niega un trato justo, las organizaciones obreras son de lo m\u00e1s fiel a su partido y de las que m\u00e1s trabajan en las campa\u00f1as de los candidatos de su partido sean del sector que sean.<\/p>\n<p>Finalmente Janitzio Soto llam\u00f3 a la unidad priista y dijo que ojal\u00e1 no se deje a la mayor parte de los aspirantes obreros \u201cchiflando en la loma\u201d ya que son gente de trabajo y de garra que en las campa\u00f1as pol\u00edticas se dejan sentir por su entrega y dedicaci\u00f3n.<\/p>\n","protected":false},"excerpt":{"rendered":"<p>De las tres centrales de que est\u00e1 conformado el PRI, por siempre, la obrera, que encabeza la CTM, ha sido el<em> patito feo <\/em>a la hora de la repartici\u00f3n de candidaturas para diputaciones, senadur\u00edas, gobiernos estatales y alcald\u00edas y todo lo dem\u00e1s, se\u00f1al\u00f3 Janitzio Soto, principal l\u00edder de los trabajadores del Valle de M\u00e9xico.<\/p>\n","protected":false},"author":3,"featured_media":352793,"comment_status":"open","ping_status":"open","sticky":false,"template":"","format":"standard","meta":{"_monsterinsights_skip_tracking":false,"_monsterinsights_sitenote_active":false,"_monsterinsights_sitenote_note":"","_monsterinsights_sitenote_category":0,"footnotes":""},"categories":[35155],"tags":[2894,43675,67676,169],"class_list":["post-352725","post","type-post","status-publish","format-standard","has-post-thumbnail","hentry","category-estado-de-mexico-estado-de-mexico","tag-ctm","tag-estado-de-mexico","tag-sector-obrero","tag-tlalnepantla"],"_links":{"self":[{"href":"https:\/\/www.diarioimagen.net\/index.php?rest_route=\/wp\/v2\/posts\/352725","targetHints":{"allow":["GET"]}}],"collection":[{"href":"https:\/\/www.diarioimagen.net\/index.php?rest_route=\/wp\/v2\/posts"}],"about":[{"href":"https:\/\/www.diarioimagen.net\/index.php?rest_route=\/wp\/v2\/types\/post"}],"author":[{"embeddable":true,"href":"https:\/\/www.diarioimagen.net\/index.php?rest_route=\/wp\/v2\/users\/3"}],"replies":[{"embeddable":true,"href":"https:\/\/www.diarioimagen.net\/index.php?rest_route=%2Fwp%2Fv2%2Fcomments&post=352725"}],"version-history":[{"count":0,"href":"https:\/\/www.diarioimagen.net\/index.php?rest_route=\/wp\/v2\/posts\/352725\/revisions"}],"wp:featuredmedia":[{"embeddable":true,"href":"https:\/\/www.diarioimagen.net\/index.php?rest_route=\/wp\/v2\/media\/352793"}],"wp:attachment":[{"href":"https:\/\/www.diarioimagen.net\/index.php?rest_route=%2Fwp%2Fv2%2Fmedia&parent=352725"}],"wp:term":[{"taxonomy":"category","embeddable":true,"href":"https:\/\/www.diarioimagen.net\/index.php?rest_route=%2Fwp%2Fv2%2Fcategories&post=352725"},{"taxonomy":"post_tag","embeddable":true,"href":"https:\/\/www.diarioimagen.net\/index.php?rest_route=%2Fwp%2Fv2%2Ftags&post=352725"}],"curies":[{"name":"wp","href":"https:\/\/api.w.org\/{rel}","templated":true}]}}