{"id":352733,"date":"2017-11-10T00:03:04","date_gmt":"2017-11-10T06:03:04","guid":{"rendered":"http:\/\/www.diarioimagen.net\/?p=352733"},"modified":"2017-11-10T06:38:21","modified_gmt":"2017-11-10T12:38:21","slug":"aplican-presupuesto-de-20-mdp-a-reencarpetado-de-calles-en-cuautitlan","status":"publish","type":"post","link":"https:\/\/www.diarioimagen.net\/?p=352733","title":{"rendered":"Aplican presupuesto de 20 mdp a reencarpetado de calles en Cuautitl\u00e1n"},"content":{"rendered":"<ul>\n<li><strong><em>Conjunto Urbano Hacienda de Cuautitl\u00e1n<\/em><\/strong><\/li>\n<\/ul>\n<p>&nbsp;<\/p>\n<div id=\"attachment_352814\" style=\"width: 470px\" class=\"wp-caption aligncenter\"><a href=\"http:\/\/www.diarioimagen.net\/?attachment_id=352814\" rel=\"attachment wp-att-352814\"><img loading=\"lazy\" decoding=\"async\" aria-describedby=\"caption-attachment-352814\" class=\"size-large wp-image-352814\" src=\"http:\/\/www.diarioimagen.net\/wp-content\/uploads\/2017\/11\/CUAUTITLAN-3248-460x259.jpg\" alt=\"\" width=\"460\" height=\"259\" srcset=\"https:\/\/www.diarioimagen.net\/wp-content\/uploads\/2017\/11\/CUAUTITLAN-3248-460x259.jpg 460w, https:\/\/www.diarioimagen.net\/wp-content\/uploads\/2017\/11\/CUAUTITLAN-3248-240x135.jpg 240w, https:\/\/www.diarioimagen.net\/wp-content\/uploads\/2017\/11\/CUAUTITLAN-3248-235x132.jpg 235w, https:\/\/www.diarioimagen.net\/wp-content\/uploads\/2017\/11\/CUAUTITLAN-3248-202x114.jpg 202w, https:\/\/www.diarioimagen.net\/wp-content\/uploads\/2017\/11\/CUAUTITLAN-3248-350x196.jpg 350w, https:\/\/www.diarioimagen.net\/wp-content\/uploads\/2017\/11\/CUAUTITLAN-3248-220x123.jpg 220w, https:\/\/www.diarioimagen.net\/wp-content\/uploads\/2017\/11\/CUAUTITLAN-3248-237x132.jpg 237w, https:\/\/www.diarioimagen.net\/wp-content\/uploads\/2017\/11\/CUAUTITLAN-3248.jpg 480w\" sizes=\"auto, (max-width: 460px) 100vw, 460px\" \/><\/a><p id=\"caption-attachment-352814\" class=\"wp-caption-text\">La alcaldesa, Ma. Guadalupe Fern\u00e1ndez S\u00e1nchez, dio inicio la obra de reencarpetado de calles del Conjunto Urbano Hacienda de Cuautitl\u00e1n.<\/p><\/div>\n<p>&nbsp;<\/p>\n<p><strong>Cuautitl\u00e1n, Estado de M\u00e9xico<\/strong>.- En el Conjunto Urbano Hacienda de Cuautitl\u00e1n, con la presencia de autoridades auxiliares y vecinos, la presidenta municipal, Ma. Guadalupe Fern\u00e1ndez S\u00e1nchez, dio inicio la obra de reencarpetado con mezcla asf\u00e1ltica del 75% de las calles de este fraccionamiento y avenida Arturo Montiel, que atraviesa las unidades habitacionales Galaxia y Guadalupana.<\/p>\n<p>Esta obra se realizar\u00e1 con una inversi\u00f3n de 20 millones del programa FORTALES (Fortalecimiento de los Estados) y que se asign\u00f3 al presupuesto de los legisladores federales donde Gabriel Casillas Zanata era titular de la diputaci\u00f3n, quien fue el principal promotor de esta gesti\u00f3n, a quien en su oportunidad la presidenta Lupita Fern\u00e1ndez agradeci\u00f3 la generosidad y cari\u00f1o por Cuautitl\u00e1n y le pidi\u00f3 que as\u00ed siga en su nueva encomienda como director general de IMEVIS.<\/p>\n<p>La edil, Ma. Guadalupe Fern\u00e1ndez S\u00e1nchez, se\u00f1al\u00f3 que ya se cuenta con el presupuesto de esta gesti\u00f3n y la empresa responsable de la obra,\u00a0 lo cual permitir\u00e1 que se ejecute sin contratiempos, como dato adicional mencion\u00f3 que\u00a0 la mezcla asf\u00e1ltica tendr\u00e1 un espesor de 5 cm y en la avenida Arturo Montiel de 8, por la afluencia de veh\u00edculos, sumando un total de 42 mil 700 metros cuadrados es de mezcla asf\u00e1ltica, que\u00a0 beneficiaran a\u00a0 m\u00e1s de 20 mil habitantes.<\/p>\n<p>Despu\u00e9s del evento protocolario se invit\u00f3 a los asistentes al banderazo de inicio de la obra, donde le acompa\u00f1aron a la presidenta el actual Diputado Federal C. Jos\u00e9 Luis Cardoso Esteves, y los regidores de la administraci\u00f3n.<\/p>\n","protected":false},"excerpt":{"rendered":"<p>En el Conjunto Urbano Hacienda de Cuautitl\u00e1n, con la presencia de autoridades auxiliares y vecinos, la presidenta municipal, Ma. Guadalupe Fern\u00e1ndez S\u00e1nchez, dio inicio la obra de reencarpetado con mezcla asf\u00e1ltica del 75% de las calles de este fraccionamiento y avenida Arturo Montiel, que atraviesa las unidades habitacionales Galaxia y Guadalupana.<\/p>\n","protected":false},"author":3,"featured_media":352814,"comment_status":"open","ping_status":"open","sticky":false,"template":"","format":"standard","meta":{"_monsterinsights_skip_tracking":false,"_monsterinsights_sitenote_active":false,"_monsterinsights_sitenote_note":"","_monsterinsights_sitenote_category":0,"footnotes":""},"categories":[35155],"tags":[50283,681,43675,6053],"class_list":["post-352733","post","type-post","status-publish","format-standard","has-post-thumbnail","hentry","category-estado-de-mexico-estado-de-mexico","tag-calles","tag-cuautitlan","tag-estado-de-mexico","tag-presupuesto"],"_links":{"self":[{"href":"https:\/\/www.diarioimagen.net\/index.php?rest_route=\/wp\/v2\/posts\/352733","targetHints":{"allow":["GET"]}}],"collection":[{"href":"https:\/\/www.diarioimagen.net\/index.php?rest_route=\/wp\/v2\/posts"}],"about":[{"href":"https:\/\/www.diarioimagen.net\/index.php?rest_route=\/wp\/v2\/types\/post"}],"author":[{"embeddable":true,"href":"https:\/\/www.diarioimagen.net\/index.php?rest_route=\/wp\/v2\/users\/3"}],"replies":[{"embeddable":true,"href":"https:\/\/www.diarioimagen.net\/index.php?rest_route=%2Fwp%2Fv2%2Fcomments&post=352733"}],"version-history":[{"count":0,"href":"https:\/\/www.diarioimagen.net\/index.php?rest_route=\/wp\/v2\/posts\/352733\/revisions"}],"wp:featuredmedia":[{"embeddable":true,"href":"https:\/\/www.diarioimagen.net\/index.php?rest_route=\/wp\/v2\/media\/352814"}],"wp:attachment":[{"href":"https:\/\/www.diarioimagen.net\/index.php?rest_route=%2Fwp%2Fv2%2Fmedia&parent=352733"}],"wp:term":[{"taxonomy":"category","embeddable":true,"href":"https:\/\/www.diarioimagen.net\/index.php?rest_route=%2Fwp%2Fv2%2Fcategories&post=352733"},{"taxonomy":"post_tag","embeddable":true,"href":"https:\/\/www.diarioimagen.net\/index.php?rest_route=%2Fwp%2Fv2%2Ftags&post=352733"}],"curies":[{"name":"wp","href":"https:\/\/api.w.org\/{rel}","templated":true}]}}