{"id":352738,"date":"2017-11-10T00:01:46","date_gmt":"2017-11-10T06:01:46","guid":{"rendered":"http:\/\/www.diarioimagen.net\/?p=352738"},"modified":"2017-11-10T06:40:25","modified_gmt":"2017-11-10T12:40:25","slug":"rescatan-a-asaltante-que-iba-a-ser-linchado-en-ecatepec","status":"publish","type":"post","link":"https:\/\/www.diarioimagen.net\/?p=352738","title":{"rendered":"Rescatan a asaltante que iba a ser linchado en Ecatepec"},"content":{"rendered":"<p><a href=\"http:\/\/www.diarioimagen.net\/?attachment_id=352820\" rel=\"attachment wp-att-352820\"><img loading=\"lazy\" decoding=\"async\" class=\"aligncenter size-large wp-image-352820\" src=\"http:\/\/www.diarioimagen.net\/wp-content\/uploads\/2017\/11\/ECATEPEC-3248-460x259.jpg\" alt=\"\" width=\"460\" height=\"259\" srcset=\"https:\/\/www.diarioimagen.net\/wp-content\/uploads\/2017\/11\/ECATEPEC-3248-460x259.jpg 460w, https:\/\/www.diarioimagen.net\/wp-content\/uploads\/2017\/11\/ECATEPEC-3248-240x135.jpg 240w, https:\/\/www.diarioimagen.net\/wp-content\/uploads\/2017\/11\/ECATEPEC-3248-235x132.jpg 235w, https:\/\/www.diarioimagen.net\/wp-content\/uploads\/2017\/11\/ECATEPEC-3248-202x114.jpg 202w, https:\/\/www.diarioimagen.net\/wp-content\/uploads\/2017\/11\/ECATEPEC-3248-350x196.jpg 350w, https:\/\/www.diarioimagen.net\/wp-content\/uploads\/2017\/11\/ECATEPEC-3248-220x123.jpg 220w, https:\/\/www.diarioimagen.net\/wp-content\/uploads\/2017\/11\/ECATEPEC-3248-237x132.jpg 237w, https:\/\/www.diarioimagen.net\/wp-content\/uploads\/2017\/11\/ECATEPEC-3248.jpg 480w\" sizes=\"auto, (max-width: 460px) 100vw, 460px\" \/><\/a><\/p>\n<p>&nbsp;<\/p>\n<p><strong>Ecatepec, Estado de M\u00e9xico.- <\/strong>Ricardo Mauricio Garc\u00eda Acosta, de 38 a\u00f1os, peligroso sujeto, que a punto estuvo de ser linchado por vecinos de la colonia San Agust\u00edn, 2\u00aa secci\u00f3n, luego de que hab\u00eda asaltado y despojado de dinero y otros objetos a una mujer, sobre la avenida Laderas de Monte Alb\u00e1n.<\/p>\n<p>Gracias a la intervenci\u00f3n de los ocupantes de la patrulla 22-203 de Seguridad P\u00fablica de Ecatepec, se logr\u00f3 rescatar y trasladarlo ante el agente del Ministerio P\u00fablico, a petici\u00f3n de su v\u00edctima, dijo el comisario Arturo Centeno Cano.<\/p>\n","protected":false},"excerpt":{"rendered":"<p>Ricardo Mauricio Garc\u00eda Acosta, de 38 a\u00f1os, peligroso sujeto, que a punto estuvo de ser linchado por vecinos de la colonia San Agust\u00edn, 2\u00aa secci\u00f3n, luego de que hab\u00eda asaltado y despojado de dinero y otros objetos a una mujer, sobre la avenida Laderas de Monte Alb\u00e1n.<\/p>\n","protected":false},"author":3,"featured_media":352820,"comment_status":"open","ping_status":"open","sticky":false,"template":"","format":"standard","meta":{"_monsterinsights_skip_tracking":false,"_monsterinsights_sitenote_active":false,"_monsterinsights_sitenote_note":"","_monsterinsights_sitenote_category":0,"footnotes":""},"categories":[35155],"tags":[454,43675,63912],"class_list":["post-352738","post","type-post","status-publish","format-standard","has-post-thumbnail","hentry","category-estado-de-mexico-estado-de-mexico","tag-ecatepec","tag-estado-de-mexico","tag-linchado"],"_links":{"self":[{"href":"https:\/\/www.diarioimagen.net\/index.php?rest_route=\/wp\/v2\/posts\/352738","targetHints":{"allow":["GET"]}}],"collection":[{"href":"https:\/\/www.diarioimagen.net\/index.php?rest_route=\/wp\/v2\/posts"}],"about":[{"href":"https:\/\/www.diarioimagen.net\/index.php?rest_route=\/wp\/v2\/types\/post"}],"author":[{"embeddable":true,"href":"https:\/\/www.diarioimagen.net\/index.php?rest_route=\/wp\/v2\/users\/3"}],"replies":[{"embeddable":true,"href":"https:\/\/www.diarioimagen.net\/index.php?rest_route=%2Fwp%2Fv2%2Fcomments&post=352738"}],"version-history":[{"count":0,"href":"https:\/\/www.diarioimagen.net\/index.php?rest_route=\/wp\/v2\/posts\/352738\/revisions"}],"wp:featuredmedia":[{"embeddable":true,"href":"https:\/\/www.diarioimagen.net\/index.php?rest_route=\/wp\/v2\/media\/352820"}],"wp:attachment":[{"href":"https:\/\/www.diarioimagen.net\/index.php?rest_route=%2Fwp%2Fv2%2Fmedia&parent=352738"}],"wp:term":[{"taxonomy":"category","embeddable":true,"href":"https:\/\/www.diarioimagen.net\/index.php?rest_route=%2Fwp%2Fv2%2Fcategories&post=352738"},{"taxonomy":"post_tag","embeddable":true,"href":"https:\/\/www.diarioimagen.net\/index.php?rest_route=%2Fwp%2Fv2%2Ftags&post=352738"}],"curies":[{"name":"wp","href":"https:\/\/api.w.org\/{rel}","templated":true}]}}