{"id":352844,"date":"2017-11-10T00:11:47","date_gmt":"2017-11-10T06:11:47","guid":{"rendered":"http:\/\/www.diarioimagen.net\/?p=352844"},"modified":"2017-11-10T07:18:44","modified_gmt":"2017-11-10T13:18:44","slug":"el-expectante-relevo-de-agustin-carstens","status":"publish","type":"post","link":"https:\/\/www.diarioimagen.net\/?p=352844","title":{"rendered":"El expectante relevo\u00a0de Agust\u00edn Carstens\u00a0"},"content":{"rendered":"<h2>Tras la puerta del poder<\/h2>\n<h5>Roberto Vizca\u00edno<\/h5>\n<p>&nbsp;<\/p>\n<div id=\"attachment_352845\" style=\"width: 470px\" class=\"wp-caption aligncenter\"><a href=\"http:\/\/www.diarioimagen.net\/?attachment_id=352845\" rel=\"attachment wp-att-352845\"><img loading=\"lazy\" decoding=\"async\" aria-describedby=\"caption-attachment-352845\" class=\"size-large wp-image-352845\" src=\"http:\/\/www.diarioimagen.net\/wp-content\/uploads\/2017\/11\/huachicoleros-LUIS-XAVIER-3248-460x355.jpg\" alt=\"\" width=\"460\" height=\"355\" srcset=\"https:\/\/www.diarioimagen.net\/wp-content\/uploads\/2017\/11\/huachicoleros-LUIS-XAVIER-3248-460x355.jpg 460w, https:\/\/www.diarioimagen.net\/wp-content\/uploads\/2017\/11\/huachicoleros-LUIS-XAVIER-3248-240x185.jpg 240w, https:\/\/www.diarioimagen.net\/wp-content\/uploads\/2017\/11\/huachicoleros-LUIS-XAVIER-3248-768x593.jpg 768w, https:\/\/www.diarioimagen.net\/wp-content\/uploads\/2017\/11\/huachicoleros-LUIS-XAVIER-3248.jpg 1200w\" sizes=\"auto, (max-width: 460px) 100vw, 460px\" \/><\/a><p id=\"caption-attachment-352845\" class=\"wp-caption-text\">Huachicoleros&#8230; | Luis Xavier<\/p><\/div>\n<p>&nbsp;<\/p>\n<p>A los senadores les faltan 6 sesiones para concluir este mes y en alguna de ellas, quiz\u00e1 hacia la quinta, prevista a realizarse el martes 28, logren los acuerdos internos para designar al sustituto del doctor <b>Agust\u00edn Carstens<\/b> en el cargo de nuevo gobernador del Banco de M\u00e9xico.<\/p>\n<p>Esta designaci\u00f3n trae consigo una fuerte expectaci\u00f3n en las bancadas de la c\u00e1mara alta &#8211;y en todos los dem\u00e1s \u00e1mbitos fuera de ella&#8211;, porque hasta ayer no hab\u00eda llegado la propuesta del presiente <b>Enrique Pe\u00f1a Nieto<\/b> y hay quienes creen que el se\u00f1alado podr\u00eda ser <b>Jos\u00e9 Antonio Meade<\/b>.<\/p>\n<p>Si el propuesto fuese el secretario de Hacienda, entonces la baraja de los 4 presidenciables de <b>Emilio Gamboa<\/b> quedar\u00eda en 3.<\/p>\n<p>Y entonces la sucesi\u00f3n presidencial en el PRI se cerrar\u00eda entre <b>Miguel \u00c1ngel Osorio Chong<\/b> y <b>Aurelio Nu\u00f1o<\/b>, en ese orden, afirman.<\/p>\n<p>Si por el contrario se confirma que el nominado al Banco de M\u00e9xico ser\u00e1 el vicegobernador <b>Alejandro D\u00edaz de Le\u00f3n<\/b>, como lo viene (dicen), promoviendo el presidente del Senado, el panista <b>Ernesto Cordero,<\/b> entonces esa se\u00f1al presidencial indicar\u00eda (aseguran), que el candidato del PRI a la presidencia de la Rep\u00fablica ser\u00e1 <b>Jos\u00e9 Antonio Meade.<\/b><\/p>\n<p>Entrevistado al paso ayer en el patio central del Senado entre una reuni\u00f3n y otra, el sonriente coordinador de los senadores del PRI, el casi infalible <b>Emilio Gamboa<\/b>, confirm\u00f3 que ese nombramiento debe darse antes del jueves 30 de este noviembre.<\/p>\n<p>Y no rechaz\u00f3 que el propuesto por <b>Pe\u00f1a Nieto<\/b> pudiera ser <b>Meade<\/b>.<\/p>\n<p>\u201cLo he platicado con \u00e9l (con el titular de Hacienda) y est\u00e1 tranquilo, me dijo que \u00e9l acatar\u00e1 lo que el Presidente decida\u201d.<\/p>\n<p>Es decir, que Pe\u00f1a lo nomine a uno u otro cargo. As\u00ed de f\u00e1cil e importante.<\/p>\n<p><b>Gamboa,<\/b> siempre sonriente, no solt\u00f3 m\u00e1s prenda.<\/p>\n<p>Ya en corto, a la pregunta de cu\u00e1l de todas las sucesiones en las que ha sido testigo como parte del primer\u00edsimo c\u00edrculo ha sido m\u00e1s dif\u00edcil en relaci\u00f3n a la actual, indic\u00f3 que todas han tenido circunstancias distintas.<\/p>\n<p>\u201cLo \u00fanico que te digo es que saldremos unidos, en las mejores condiciones de triunfo, y con un muy buen candidato\u201d.<\/p>\n<p>Se lo creo.<\/p>\n<p style=\"text-align: center;\"><b>Se reasignaron 70 mil millones\u00a0<\/b><\/p>\n<p>Aprobado en comisiones y listo para llevarse al pleno de San L\u00e1zaro donde anoche le esperaban m\u00e1s de 400 reservas &#8211;casi la mitad s\u00f3lo de la fracci\u00f3n de <b>Andr\u00e9s Manuel L\u00f3pez Obrador<\/b>, la de Morena&#8211;, el dictamen del Presupuesto de Egresos para 2017 contiene reasignaciones por alrededor de 70 mil millones de pesos, inform\u00f3 el presidente de la Comisi\u00f3n de Presupuesto, el pri\u00edsta poblano <b>Jorge Estefan Chidiac.<\/b><\/p>\n<p>Es, dijo, uno de los mayores esfuerzos realizados por ninguna otra legislatura y en esas reasignaciones se da respuesta a important\u00edsimos reclamos sociales, afirm\u00f3.<\/p>\n<p>Presionado para que explicara hacia qu\u00e9 partidas ir\u00e1n esas reasignaciones, Estefan precis\u00f3:<\/p>\n<p>\u201cLes voy a decir: 18 mil millones de pesos adicionales ser\u00e1n para el Fonden; 8 mil para el campo; 6 mil 500 para carreteras; un poco m\u00e1s de 6 mil millones para educaci\u00f3n; m\u00e1s de mil 200 millones para cultura; 7 mil millones m\u00e1s en participaciones para estados y municipios, lo cual hace que estados y municipios reciban 4.3 por ciento m\u00e1s en t\u00e9rminos reales\u201d.<\/p>\n<p>Eso fue posible, dijo, porque esos recursos le fueron recortados a programas del gobierno federal.<\/p>\n<p>\u201cAhora s\u00ed, que el apriete de cintur\u00f3n se lo llev\u00f3 el Ejecutivo\u2026 no fueron los hogares, no fueron las empresas y no fueron estados y municipios. Todo el ajuste del cintur\u00f3n qued\u00f3 en el Poder Ejecutivo\u201d, indic\u00f3.<\/p>\n<p><b>Apoyan al IMSS<\/b><\/p>\n<p>Al intervenir durante la comparecencia del titular del IMSS, Mikel Arriola, el presidente del Senado, el panista <b>Ernesto Cordero,<\/b> consider\u00f3 que si hay una instituci\u00f3n que deba obtener el mayor de los apoyos del Legislativo es el Seguro Social.<\/p>\n<p>No se puede posponer la atenci\u00f3n m\u00e9dica a los trabajadores de M\u00e9xico, se\u00f1al\u00f3.<\/p>\n<p>As\u00ed, ante los integrantes de la Comisi\u00f3n de Seguridad Social, el ex secretario de Hacienda, reconoci\u00f3 el buen manejo que se ha hecho de las finanzas en el IMSS debido al manejo del gasto en la instituci\u00f3n.<\/p>\n<p>Cordero subray\u00f3 que en los 10 meses que restan a la legislatura, se puede \u201cempujar\u201d una agenda legislativa que permita preparar al IMSS para los pr\u00f3ximos 50 a\u00f1os.<\/p>\n<p>\u201cM\u00e9xico se merece una instituci\u00f3n como el IMSS, tenemos que estar a la altura de los retos demogr\u00e1ficos, epidemiol\u00f3gicos, m\u00e9dicos, laborales que implica el futuro\u201d.<\/p>\n<p>Mikel Arri\u00f3la dijo: \u201cyo les dir\u00eda a los senadores que el estado que guardan las finanzas del IMSS tuvo una modificaci\u00f3n para bien, derivado directamente de las reformas estructurales que aprob\u00f3 este Senado.<\/p>\n<p>\u201cYo lo que pondr\u00eda en la agenda de corto y mediano plazo, senador Cordero, que yo encantado de poder trabajar con este Senado para poder asegurar ese equilibrio, si tiene que ser a nivel ley\u201d.<\/p>\n<p>A su vez <b>Emilio Gamboa,<\/b> coordinador de los senadores del PRI, y quien fuera director del IMSS al inicio del r\u00e9gimen de <b>Carlos Salinas,<\/b> dijo que a este instituto no s\u00f3lo hay que fortalecerlo sino modernizarlo.<\/p>\n<p>Consider\u00f3 que el hecho de que en lo que va de este sexenio se haya logrado crear 3 millones 139 mil nuevos empleos en buena medida ocurre por el nivel de aceptaci\u00f3n que tiene el IMSS en la sociedad mexicana.<\/p>\n<p style=\"text-align: center;\"><b>Suicidios, un reto actual<\/b><\/p>\n<p>Ayer tambi\u00e9n, pero en otra comisi\u00f3n, la pri\u00edsta Yolanda de la Torre, present\u00f3 una iniciativa de reforma a la Ley General de Salud a fin de establecer como materia de prevenci\u00f3n la detecci\u00f3n, orientaci\u00f3n, y atenci\u00f3n de trastornos y riesgos suicidas.<\/p>\n<p>El suicidio, explic\u00f3, debe ser atendido como uno de los problemas m\u00e1s graves de salud en M\u00e9xico, debido a su incremento en j\u00f3venes entre 15 y 24 a\u00f1os y ni\u00f1os de 9 a 13 a\u00f1os de edad.<\/p>\n<p>La depresi\u00f3n, problemas econ\u00f3micos, p\u00e9rdidas familiares, ausencia de afecto, divorcio de los padres y falta de empleo, enumer\u00f3, se relacionan con suicidios cometidos por ni\u00f1as, ni\u00f1os y j\u00f3venes, sin descartar a los adultos que se quitan la vida por estas u otras causas, afirm\u00f3.<\/p>\n<p style=\"text-align: center;\"><b>Recursos para \u201cM\u00e9xico Conectado\u201d<\/b><\/p>\n<p>Quien ayer acudi\u00f3 a San L\u00e1zaro fue el subsecretario de Comunicaciones de la SCT, <b>Edgar Olvera<\/b> para pedirles una partida de 2 mil 500 millones de pesos y poder aplicar el programa \u201cM\u00e9xico Conectado\u201d, que contribuye a garantizar el derecho constitucional de acceso al servicio de Internet de banda ancha.<\/p>\n<p>En un encuentro con diputados de la Comisi\u00f3n de Comunicaciones, que preside el diputado pri\u00edsta <b>Andr\u00e9s Aguirre,<\/b> el subsecretario de la SCT dijo que esta dependencia considera que la partida prevista para este programa ha disminuido considerablemente desde 2013.<\/p>\n<p>En ese a\u00f1o recibi\u00f3 2 mil 300 millones mientras que en 2017 s\u00f3lo se le asignaron 250 millones. Ello a pesar de que ha sido un programa por dem\u00e1s exitoso al permitir se conecten cerca de 20 millones de usuarios.<\/p>\n<p>Explic\u00f3 que actualmente existen 101 mil sitios que requieren de una inversi\u00f3n de sostenimiento de 1,162 millones y de otros 1,124 para poder crecer y adicionar 20 mil nuevos espacios de Internet.<\/p>\n<p><em><a href=\"mailto:rvizcainoa@gmail.com\" target=\"_blank\" rel=\"noopener noreferrer\">rvizcainoa@gmail.com<\/a><\/em><br \/>\n<em><a href=\"http:\/\/www.endirecto.mx\/\" target=\"_blank\" rel=\"noopener noreferrer\">www.endirecto.mx<\/a><\/em><br \/>\n<em><a href=\"https:\/\/twitter.com\/_rvizcaino\" target=\"_blank\" rel=\"noopener noreferrer\">@_RVizcaino<\/a><\/em><br \/>\n<a href=\"https:\/\/www.facebook.com\/rvizcainoa\" target=\"_blank\" rel=\"noopener noreferrer\">f<em>acebook.com\/rvizcainoa<\/em><\/a><\/p>\n","protected":false},"excerpt":{"rendered":"<p><span style=\"color: #005497;\"><strong>Roberto Vizca\u00edno<\/strong><\/span><br \/>\n<br \/>\nA los senadores les faltan 6 sesiones para concluir este mes y en alguna de ellas, quiz\u00e1 hacia la quinta, prevista a realizarse el martes 28, logren los acuerdos internos para designar al sustituto del doctor Agust\u00edn Carstens en el cargo de nuevo gobernador del Banco de M\u00e9xico.<\/p>\n","protected":false},"author":1,"featured_media":352845,"comment_status":"open","ping_status":"open","sticky":false,"template":"","format":"standard","meta":{"_monsterinsights_skip_tracking":false,"_monsterinsights_sitenote_active":false,"_monsterinsights_sitenote_note":"","_monsterinsights_sitenote_category":0,"footnotes":""},"categories":[136],"tags":[43674,93,94],"class_list":["post-352844","post","type-post","status-publish","format-standard","has-post-thumbnail","hentry","category-roberto-vizcaino-opinion","tag-opinion","tag-roberto-vizcaino","tag-tras-la-puerta-del-poder"],"_links":{"self":[{"href":"https:\/\/www.diarioimagen.net\/index.php?rest_route=\/wp\/v2\/posts\/352844","targetHints":{"allow":["GET"]}}],"collection":[{"href":"https:\/\/www.diarioimagen.net\/index.php?rest_route=\/wp\/v2\/posts"}],"about":[{"href":"https:\/\/www.diarioimagen.net\/index.php?rest_route=\/wp\/v2\/types\/post"}],"author":[{"embeddable":true,"href":"https:\/\/www.diarioimagen.net\/index.php?rest_route=\/wp\/v2\/users\/1"}],"replies":[{"embeddable":true,"href":"https:\/\/www.diarioimagen.net\/index.php?rest_route=%2Fwp%2Fv2%2Fcomments&post=352844"}],"version-history":[{"count":0,"href":"https:\/\/www.diarioimagen.net\/index.php?rest_route=\/wp\/v2\/posts\/352844\/revisions"}],"wp:featuredmedia":[{"embeddable":true,"href":"https:\/\/www.diarioimagen.net\/index.php?rest_route=\/wp\/v2\/media\/352845"}],"wp:attachment":[{"href":"https:\/\/www.diarioimagen.net\/index.php?rest_route=%2Fwp%2Fv2%2Fmedia&parent=352844"}],"wp:term":[{"taxonomy":"category","embeddable":true,"href":"https:\/\/www.diarioimagen.net\/index.php?rest_route=%2Fwp%2Fv2%2Fcategories&post=352844"},{"taxonomy":"post_tag","embeddable":true,"href":"https:\/\/www.diarioimagen.net\/index.php?rest_route=%2Fwp%2Fv2%2Ftags&post=352844"}],"curies":[{"name":"wp","href":"https:\/\/api.w.org\/{rel}","templated":true}]}}