{"id":352867,"date":"2017-11-13T00:08:42","date_gmt":"2017-11-13T06:08:42","guid":{"rendered":"http:\/\/www.diarioimagen.net\/?p=352867"},"modified":"2017-11-12T18:10:01","modified_gmt":"2017-11-13T00:10:01","slug":"reos-y-justicia","status":"publish","type":"post","link":"https:\/\/www.diarioimagen.net\/?p=352867","title":{"rendered":"Reos y justicia"},"content":{"rendered":"<h2>Punto por punto<\/h2>\n<h5>Augusto Corro<\/h5>\n<p>&nbsp;<\/p>\n<div id=\"attachment_352868\" style=\"width: 470px\" class=\"wp-caption aligncenter\"><a href=\"http:\/\/www.diarioimagen.net\/?attachment_id=352868\" rel=\"attachment wp-att-352868\"><img loading=\"lazy\" decoding=\"async\" aria-describedby=\"caption-attachment-352868\" class=\"size-large wp-image-352868\" src=\"http:\/\/www.diarioimagen.net\/wp-content\/uploads\/2017\/11\/LA-SOLUCION-jose-luis-3249-460x372.jpg\" alt=\"\" width=\"460\" height=\"372\" srcset=\"https:\/\/www.diarioimagen.net\/wp-content\/uploads\/2017\/11\/LA-SOLUCION-jose-luis-3249-460x372.jpg 460w, https:\/\/www.diarioimagen.net\/wp-content\/uploads\/2017\/11\/LA-SOLUCION-jose-luis-3249-240x194.jpg 240w, https:\/\/www.diarioimagen.net\/wp-content\/uploads\/2017\/11\/LA-SOLUCION-jose-luis-3249-768x621.jpg 768w, https:\/\/www.diarioimagen.net\/wp-content\/uploads\/2017\/11\/LA-SOLUCION-jose-luis-3249.jpg 1200w\" sizes=\"auto, (max-width: 460px) 100vw, 460px\" \/><\/a><p id=\"caption-attachment-352868\" class=\"wp-caption-text\">La soluci\u00f3n&#8230; | Jos\u00e9 Luis<\/p><\/div>\n<p>&nbsp;<\/p>\n<p>Todos sabemos que en las prisiones son tantos los problemas, algunos fatales, que si no los atienden estallan.<\/p>\n<p>En los \u00faltimos a\u00f1os la violencia es el pan de cada d\u00eda en los penales. \u00bfUna de las causas? La sobrepoblaci\u00f3n de internos.<\/p>\n<p>Legisladores y autoridades decidieron aplicar un nuevo sistema de justicia penal. Hacer menos infernales los reclusorios.<\/p>\n<p>Para tal fin se aplic\u00f3 el nuevo sistema de justicia penal que, con leyes menos severas, de 2015 a la fecha permiti\u00f3 que 11 mil reos lograran salir de las c\u00e1rceles de la Ciudad de M\u00e9xico (CDMX).<\/p>\n<p>As\u00ed, un delincuente no tuvo tantos obst\u00e1culos para alcanzar la libertad y su reinserci\u00f3n en la sociedad.<\/p>\n<p>\u00bfEsa persona reci\u00e9n liberada recibi\u00f3 alguna orientaci\u00f3n para no volver a delinquir? Lo dudo. No le quedaba otro camino que hacer lo mismo. Y repetir la historia.<\/p>\n<p>En ese c\u00edrculo vicioso se vive en la CDMX. \u00bfC\u00f3mo se pondr\u00e1 fin a los innumerables asaltos a los capitalinos? Ni idea.<\/p>\n<p>El combate a la delincuencia, si de veras se pretende hacerlo efectivo, tendr\u00e1 que ir a fondo, con una educaci\u00f3n preventiva. Que no ocurrir\u00e1.<\/p>\n<p>Por ahora, existe la certeza de que no funcion\u00f3 la idea de dejar en libertad a las personas que cometieron delitos menores.\u00a0 \u00bfO s\u00ed?<\/p>\n<p style=\"text-align: center;\"><b>LA RECONSTRUCCI\u00d3N<\/b><\/p>\n<p>El tiempo avanza y la reconstrucci\u00f3n de la Ciudad de M\u00e9xico (CDMX) se atrasa. Claro que no es f\u00e1cil realizar un proyecto de esa dimensi\u00f3n de la noche a la ma\u00f1ana.<\/p>\n<p>Sin embargo, los damnificados ya empiezan a demostrar su inquietud por la lentitud de la aplicaci\u00f3n del plan.<\/p>\n<p>El terremoto del 19 de septiembre caus\u00f3 la muerte de 228 personas y afect\u00f3 a m\u00e1s de 3 mil inmuebles en la CDMX, entre los que se derrumbaron y aquellos que siguen de pie, pero con da\u00f1os considerables.<\/p>\n<p>Como si se tratara de un tema fr\u00edvolo las autoridades de los tres niveles practican su tradicional burocratismo y hacen lenta la entrega y aplicaci\u00f3n de recursos para la reconstrucci\u00f3n.<\/p>\n<p>Los damnificados decidieron iniciar sus protestas con cierres de avenidas. El da\u00f1o llega a terceros que tienen que vivir horas de desesperaci\u00f3n en los congestionamientos vehiculares.<\/p>\n<p>El conflicto apenas empieza. Los proyectos del gobierno lentos e irreflexivos de alguna manera influir\u00e1n en las elecciones del pr\u00f3ximo a\u00f1o. En t\u00e9rminos castizos se podr\u00eda decir que cosechar\u00e1n lo que ahora siembran, con tanto desd\u00e9n e irresponsabilidad. Poco o nada les importa que los damnificados duerman en las plazas p\u00fablicas, lejos del calor del hogar.<\/p>\n<p style=\"text-align: center;\"><b>AGUA Y ACEITE<\/b><\/p>\n<p>En algunos medios se comenta el avance del Frente Ciudadano por M\u00e9xico (FCM). Para algunos polit\u00f3logos la alianza (antinatural) s\u00ed ser\u00e1 posible.<\/p>\n<p>Para otros, la duda est\u00e1 presente. \u00bfLograr\u00e1n los tres partidos PAN, PRD y MC\u00a0 la anhelada unidad para participar, con resultados positivos, en las elecciones del pr\u00f3ximo a\u00f1o?<\/p>\n<p>El principal obst\u00e1culo que amenaza la alianza es la designaci\u00f3n del candidato a la Presidencia de la Rep\u00fablica. De acuerdo con el peso de los partidos que la integran, Acci\u00f3n Nacional es la organizaci\u00f3n m\u00e1s fuerte y se supone que el abanderado presidencial tendr\u00eda que ser blanquiazul.<\/p>\n<p>En el PAN son dos candidatos que aspiran a la m\u00e1xima candidatura: Ricardo Anaya, el l\u00edder del PAN y Rafael Moreno Valle, ex gobernador de Puebla.<\/p>\n<p>En el empe\u00f1o para la alianza, Anaya es el panista que m\u00e1s entusiasmo mostr\u00f3 por la unidad partidista con el PRD y MC. El que, desde un principio, negoci\u00f3 con Alejandra Barrales, del PRD.<\/p>\n<p>Si se aplicara la l\u00f3gica, el presidente panista ser\u00eda el abanderado frentista. Claro, Alejandra Barrales, la dirigente del PRD, conseguir\u00eda la candidatura para la contienda en busca del gobierno de la CDMX.<\/p>\n<p>\u00bfY los otros aspirantes del FCM que desean la candidatura presidencial aceptar\u00e1n, sin chistar, la designaci\u00f3n que favorezca a Anaya? Nadie sabe qu\u00e9 ocurrir\u00e1, pero no se tratar\u00e1 de una situaci\u00f3n tersa, de amistad duradera. \u00bfO s\u00ed?<\/p>\n<p style=\"text-align: center;\"><b>BENDITA CHAMBA<\/b><\/p>\n<p>Seres privilegiados aquellos que se dedican a la \u201cgrilla\u201d y luego resultan beneficiados como senadores o diputados.<\/p>\n<p>Por ejemplo, leemos, sin sorpresa alguna, que el Congreso de la Uni\u00f3n aportar\u00e1 una bolsa de 667.7 millones de pesos del Presupuesto de Egresos de la Federaci\u00f3n (PEF) 2018, para el retiro de los 500 diputados y 128 senadores, que integran la 63 Legislatura.<\/p>\n<p>Y si le interesan las matem\u00e1ticas, le informamos que al Congreso de la Uni\u00f3n se le otorgar\u00e1n 13 mi 344 millones en conjunto.<\/p>\n<p>La C\u00e1mara de Diputados tendr\u00e1 un presupuesto de 8 mil 439 millones, y el Senado\u00a0 4 mil 905 millones de pesos para el pr\u00f3ximo a\u00f1o. \u00bfAlg\u00fan comentario?<\/p>\n<p><em><a href=\"mailto:aco2742@hotmail.com\" target=\"_blank\" rel=\"noopener noreferrer\">aco2742@hotmail.com<\/a><\/em><\/p>\n","protected":false},"excerpt":{"rendered":"<p><span style=\"color: #005497;\"><strong>Augusto Corro<\/strong><\/span><br \/>\n<br \/>\nTodos sabemos que en las prisiones son tantos los problemas, algunos fatales, que si no los atienden estallan.<\/p>\n","protected":false},"author":1,"featured_media":352868,"comment_status":"open","ping_status":"open","sticky":false,"template":"","format":"standard","meta":{"_monsterinsights_skip_tracking":false,"_monsterinsights_sitenote_active":false,"_monsterinsights_sitenote_note":"","_monsterinsights_sitenote_category":0,"footnotes":""},"categories":[157],"tags":[43686,43674,11515],"class_list":["post-352867","post","type-post","status-publish","format-standard","has-post-thumbnail","hentry","category-augusto-corro","tag-augusto-corro","tag-opinion","tag-punto-por-punto"],"_links":{"self":[{"href":"https:\/\/www.diarioimagen.net\/index.php?rest_route=\/wp\/v2\/posts\/352867","targetHints":{"allow":["GET"]}}],"collection":[{"href":"https:\/\/www.diarioimagen.net\/index.php?rest_route=\/wp\/v2\/posts"}],"about":[{"href":"https:\/\/www.diarioimagen.net\/index.php?rest_route=\/wp\/v2\/types\/post"}],"author":[{"embeddable":true,"href":"https:\/\/www.diarioimagen.net\/index.php?rest_route=\/wp\/v2\/users\/1"}],"replies":[{"embeddable":true,"href":"https:\/\/www.diarioimagen.net\/index.php?rest_route=%2Fwp%2Fv2%2Fcomments&post=352867"}],"version-history":[{"count":0,"href":"https:\/\/www.diarioimagen.net\/index.php?rest_route=\/wp\/v2\/posts\/352867\/revisions"}],"wp:featuredmedia":[{"embeddable":true,"href":"https:\/\/www.diarioimagen.net\/index.php?rest_route=\/wp\/v2\/media\/352868"}],"wp:attachment":[{"href":"https:\/\/www.diarioimagen.net\/index.php?rest_route=%2Fwp%2Fv2%2Fmedia&parent=352867"}],"wp:term":[{"taxonomy":"category","embeddable":true,"href":"https:\/\/www.diarioimagen.net\/index.php?rest_route=%2Fwp%2Fv2%2Fcategories&post=352867"},{"taxonomy":"post_tag","embeddable":true,"href":"https:\/\/www.diarioimagen.net\/index.php?rest_route=%2Fwp%2Fv2%2Ftags&post=352867"}],"curies":[{"name":"wp","href":"https:\/\/api.w.org\/{rel}","templated":true}]}}