{"id":352948,"date":"2017-11-13T00:11:27","date_gmt":"2017-11-13T06:11:27","guid":{"rendered":"http:\/\/www.diarioimagen.net\/?p=352948"},"modified":"2017-11-13T05:47:02","modified_gmt":"2017-11-13T11:47:02","slug":"advierte-narro-que-la-diabetes-sigue-disparada","status":"publish","type":"post","link":"https:\/\/www.diarioimagen.net\/?p=352948","title":{"rendered":"Advierte Narro que la diabetes sigue disparada"},"content":{"rendered":"<ul>\n<li><strong><em>En casos y muertes por ese mal<\/em><\/strong><\/li>\n<\/ul>\n<p>&nbsp;<\/p>\n<div id=\"attachment_353043\" style=\"width: 470px\" class=\"wp-caption aligncenter\"><a href=\"http:\/\/www.diarioimagen.net\/?attachment_id=353043\" rel=\"attachment wp-att-353043\"><img loading=\"lazy\" decoding=\"async\" aria-describedby=\"caption-attachment-353043\" class=\"size-large wp-image-353043\" src=\"http:\/\/www.diarioimagen.net\/wp-content\/uploads\/2017\/11\/narro-3249-460x269.jpg\" alt=\"\" width=\"460\" height=\"269\" srcset=\"https:\/\/www.diarioimagen.net\/wp-content\/uploads\/2017\/11\/narro-3249-460x269.jpg 460w, https:\/\/www.diarioimagen.net\/wp-content\/uploads\/2017\/11\/narro-3249-240x141.jpg 240w, https:\/\/www.diarioimagen.net\/wp-content\/uploads\/2017\/11\/narro-3249.jpg 700w\" sizes=\"auto, (max-width: 460px) 100vw, 460px\" \/><\/a><p id=\"caption-attachment-353043\" class=\"wp-caption-text\">El secretario de Salud, Jos\u00e9 Narro, se\u00f1al\u00f3 que en 2016 murieron 105 mil mexicanos de diabetes, el mal de este siglo.<\/p><\/div>\n<p>&nbsp;<\/p>\n<p>En el marco de la tercera edici\u00f3n de la carrera nacional \u201cMoviendo M\u00e9xico por tu salud\u201d, el secretario de salud, Jos\u00e9 Narro, lanz\u00f3 un angustioso llamado a los mexicanos para prevenirse contra la diabetes, en raz\u00f3n de que un total de 105 mil 500 mexicanos murieron de este mal\u00a0en 2016, unas 7.000 defunciones m\u00e1s respecto del a\u00f1o anterior.<\/p>\n<p>Inform\u00f3 que se ha registrado un incremento en la muerte por diabetes al pasar de 98.500 casos en 2015 a 105.500 decesos en 2016. \u201cEsto significa 7.000 muertes m\u00e1s de un a\u00f1o a otro, lo cual marca la magnitud de este problema\u201d, se\u00f1al\u00f3.<\/p>\n<p>En el D\u00eda Mundial de la Lucha contra la Obesidad, Narro subray\u00f3 que con este tipo de actividades se promueve la activaci\u00f3n f\u00edsica y el deporte para combatir el sobrepeso, la obesidad y las enfermedades que se derivan de ellas como la diabetes, hipertensi\u00f3n arterial e insuficiencia renal, entre otras.<\/p>\n<p>Por ello, insisti\u00f3 en que la poblaci\u00f3n tome conciencia de la importancia de la activaci\u00f3n f\u00edsica para mantener una buena salud y hacer ejercicio de manera cotidiana, adem\u00e1s de llevar una dieta balanceada.<\/p>\n<p>En noviembre del pasado a\u00f1o, M\u00e9xico declar\u00f3 emergencia epidemiol\u00f3gica por diabetes, sobrepeso y obesidad, con el objetivo de desacelerar el ritmo de crecimiento de estos padecimientos.<\/p>\n","protected":false},"excerpt":{"rendered":"<p>En el marco de la tercera edici\u00f3n de la carrera nacional \u201cMoviendo M\u00e9xico por tu salud\u201d, el secretario de salud, Jos\u00e9 Narro, lanz\u00f3 un angustioso llamado a los mexicanos para prevenirse contra la diabetes, en raz\u00f3n de que un total de 105 mil 500 mexicanos murieron de este mal en 2016, unas 7.000 defunciones m\u00e1s respecto del a\u00f1o anterior.<\/p>\n","protected":false},"author":3,"featured_media":353043,"comment_status":"open","ping_status":"open","sticky":false,"template":"","format":"standard","meta":{"_monsterinsights_skip_tracking":false,"_monsterinsights_sitenote_active":false,"_monsterinsights_sitenote_note":"","_monsterinsights_sitenote_category":0,"footnotes":""},"categories":[877],"tags":[9277,571,43692],"class_list":["post-352948","post","type-post","status-publish","format-standard","has-post-thumbnail","hentry","category-salud","tag-diabetes","tag-jose-narro-robles","tag-salud"],"_links":{"self":[{"href":"https:\/\/www.diarioimagen.net\/index.php?rest_route=\/wp\/v2\/posts\/352948","targetHints":{"allow":["GET"]}}],"collection":[{"href":"https:\/\/www.diarioimagen.net\/index.php?rest_route=\/wp\/v2\/posts"}],"about":[{"href":"https:\/\/www.diarioimagen.net\/index.php?rest_route=\/wp\/v2\/types\/post"}],"author":[{"embeddable":true,"href":"https:\/\/www.diarioimagen.net\/index.php?rest_route=\/wp\/v2\/users\/3"}],"replies":[{"embeddable":true,"href":"https:\/\/www.diarioimagen.net\/index.php?rest_route=%2Fwp%2Fv2%2Fcomments&post=352948"}],"version-history":[{"count":0,"href":"https:\/\/www.diarioimagen.net\/index.php?rest_route=\/wp\/v2\/posts\/352948\/revisions"}],"wp:featuredmedia":[{"embeddable":true,"href":"https:\/\/www.diarioimagen.net\/index.php?rest_route=\/wp\/v2\/media\/353043"}],"wp:attachment":[{"href":"https:\/\/www.diarioimagen.net\/index.php?rest_route=%2Fwp%2Fv2%2Fmedia&parent=352948"}],"wp:term":[{"taxonomy":"category","embeddable":true,"href":"https:\/\/www.diarioimagen.net\/index.php?rest_route=%2Fwp%2Fv2%2Fcategories&post=352948"},{"taxonomy":"post_tag","embeddable":true,"href":"https:\/\/www.diarioimagen.net\/index.php?rest_route=%2Fwp%2Fv2%2Ftags&post=352948"}],"curies":[{"name":"wp","href":"https:\/\/api.w.org\/{rel}","templated":true}]}}