{"id":352963,"date":"2017-11-13T00:04:24","date_gmt":"2017-11-13T06:04:24","guid":{"rendered":"http:\/\/www.diarioimagen.net\/?p=352963"},"modified":"2017-11-13T00:25:49","modified_gmt":"2017-11-13T06:25:49","slug":"presupuesto-2","status":"publish","type":"post","link":"https:\/\/www.diarioimagen.net\/?p=352963","title":{"rendered":"Presupuesto"},"content":{"rendered":"<h2>Desde el portal<\/h2>\n<h5>\u00c1ngel Soriano<\/h5>\n<p>&nbsp;<\/p>\n<p>La reconstrucci\u00f3n de poblados da\u00f1ados por los sismos de septiembre y el apoyo a los damnificados es uno de los rubros mayormente beneficiados, afirm\u00f3 el diputado presidente de la Comisi\u00f3n de Presupuesto y Cuenta P\u00fablica, Jorge Charbel Estefan Chidiac, aunque al respecto hay protestas por lo que consideran m\u00ednima la cifra de 18 mil millones de pesos en comparaci\u00f3n con lo que se ha asignado a otros rubros, como el Fobaproa, en su momento.<\/p>\n<p>Y aunque Estefan considera que en esta ocasi\u00f3n el apriete del cintur\u00f3n le toc\u00f3 al Ejecutivo y se elimin\u00f3 la partida a los \u201cmoches\u201d, lo cierto es que en las universidades p\u00fablicas siguen los problemas: el rector de la UAEM sigue en conflicto con el gobernador de Morelos, Graco Ram\u00edrez, por cuestiones presupuestales y la Universidad Aut\u00f3noma \u201cBenito Ju\u00e1rez\u201d de Oaxaca no reanuda sus actividades normalmente por falta de recursos.<\/p>\n<p>Otras universidades p\u00fablicas se encuentran en problemas financieros y el sector educativo se encuentra semiparalizado por da\u00f1os a sus edificios y la recurrente demanda de mejores aulas e instalaciones escolares, aunque las autoridades educativas bajo el mismo problema, de da\u00f1os a sus instalaciones, se muden f\u00e1cilmente a Coyoac\u00e1n en edificio de lujo en medio de la precariedad y de demandas de servicios de la poblaci\u00f3n.<\/p>\n<p>Lo cierto es que, son tantas las necesidades del pa\u00eds, que cualquier presupuesto resulta insuficiente para atender las necesidades, pero s\u00ed ser\u00eda conveniente que dos aspectos se les diera la atenci\u00f3n necesaria: la reconstrucci\u00f3n y la educaci\u00f3n, temas que ser\u00e1n sin duda bandera pol\u00edtica de los partidos en las campa\u00f1as electorales. Y no es para menos: hay irritaci\u00f3n social.<\/p>\n<p style=\"text-align: center;\"><strong>TURBULENCIAS<br \/>\nSeguir\u00e1n los bloqueos: Mafud<\/strong><\/p>\n<p>\u00a0Tras una semana de asueto y otra de bloqueos, el tres veces secretario de Gobierno de Oaxaca,\u00a0 H\u00e9ctor Anuar Mafud Mafud, anunci\u00f3 que seguir\u00e1n los bloqueos de los grupos inconformes pero asegur\u00f3 que \u00e9stos no son originados por la falta de atenci\u00f3n a sus demandas ni por razones de ingobernabilidad, sino porque la soluci\u00f3n no est\u00e1 al alcance del gobierno del estado. Y en medio del caos, el cabildo citadino se inconform\u00f3 con el viaje sin permiso a Viena del edil Jos\u00e9 Antonio Hern\u00e1ndez Fraguas, que abandon\u00f3 la nave sin informar a nadie\u2026Al participar en la clausura del<\/p>\n<p>XIX Congreso Nacional de Derecho Agrario y IV Congreso Internacional de Derecho Agrario, el presidente de la Mesa Directiva de la C\u00e1mara de Diputados, Jorge Carlos Ram\u00edrez Mar\u00edn, dijo que la inestabilidad econ\u00f3mica mundial y el realineamiento de nuevos bloques fronterizos deriva en una complicada relaci\u00f3n con nuestro vecino del norte y m\u00e1s importante socio comercial en materia agropecuaria. La relaci\u00f3n pas\u00f3 de la sociedad a la amenaza y tiene en vilo el TLC del que en buena medida depende la vida econ\u00f3mica del campo mexicano, y es impensable el M\u00e9xico moderno sin \u00e9l, pero la tarea inmediata es que nadie se quede atr\u00e1s para superar los fen\u00f3menos de desigualdad, indic\u00f3\u2026El gobernador Alfredo del Mazo entreg\u00f3 apoyos del programa Familias Mexiquenses a mil 100 ni\u00f1os, adultos mayores y mujeres que viven en condiciones de vulnerabilidad en los municipios de Atizap\u00e1n de Zaragoza, Naucalpan y Nicol\u00e1s Romero acompa\u00f1ado del titular de SEDESOL-Edomex, Eric Sevilla Montes de Oca\u2026<\/p>\n<p><em><a href=\"http:\/\/www.revista-brecha.com\/\" target=\"_blank\" rel=\"noopener noreferrer\">www.revista-brecha.com<br \/>\n<\/a><a href=\"mailto:asorianocarrasco@yahoo.com\">asorianocarrasco@yahoo.com<\/a><\/em><\/p>\n","protected":false},"excerpt":{"rendered":"<p><span style=\"color: #005497;\"><strong>\u00c1ngel Soriano<\/strong><\/span><\/p>\n","protected":false},"author":3,"featured_media":0,"comment_status":"open","ping_status":"open","sticky":false,"template":"","format":"standard","meta":{"_monsterinsights_skip_tracking":false,"_monsterinsights_sitenote_active":false,"_monsterinsights_sitenote_note":"","_monsterinsights_sitenote_category":0,"footnotes":""},"categories":[135],"tags":[85,86,43674],"class_list":["post-352963","post","type-post","status-publish","format-standard","hentry","category-angel-soriano-opinion","tag-angel-soriano","tag-desde-el-portal","tag-opinion"],"_links":{"self":[{"href":"https:\/\/www.diarioimagen.net\/index.php?rest_route=\/wp\/v2\/posts\/352963","targetHints":{"allow":["GET"]}}],"collection":[{"href":"https:\/\/www.diarioimagen.net\/index.php?rest_route=\/wp\/v2\/posts"}],"about":[{"href":"https:\/\/www.diarioimagen.net\/index.php?rest_route=\/wp\/v2\/types\/post"}],"author":[{"embeddable":true,"href":"https:\/\/www.diarioimagen.net\/index.php?rest_route=\/wp\/v2\/users\/3"}],"replies":[{"embeddable":true,"href":"https:\/\/www.diarioimagen.net\/index.php?rest_route=%2Fwp%2Fv2%2Fcomments&post=352963"}],"version-history":[{"count":0,"href":"https:\/\/www.diarioimagen.net\/index.php?rest_route=\/wp\/v2\/posts\/352963\/revisions"}],"wp:attachment":[{"href":"https:\/\/www.diarioimagen.net\/index.php?rest_route=%2Fwp%2Fv2%2Fmedia&parent=352963"}],"wp:term":[{"taxonomy":"category","embeddable":true,"href":"https:\/\/www.diarioimagen.net\/index.php?rest_route=%2Fwp%2Fv2%2Fcategories&post=352963"},{"taxonomy":"post_tag","embeddable":true,"href":"https:\/\/www.diarioimagen.net\/index.php?rest_route=%2Fwp%2Fv2%2Ftags&post=352963"}],"curies":[{"name":"wp","href":"https:\/\/api.w.org\/{rel}","templated":true}]}}