{"id":353052,"date":"2017-11-14T00:04:48","date_gmt":"2017-11-14T06:04:48","guid":{"rendered":"http:\/\/www.diarioimagen.net\/?p=353052"},"modified":"2017-11-14T23:39:58","modified_gmt":"2017-11-15T05:39:58","slug":"cae-el-tortillero-lider-ligado-a-los-beltran-leyva","status":"publish","type":"post","link":"https:\/\/www.diarioimagen.net\/?p=353052","title":{"rendered":"Cae El Tortillero, l\u00edder ligado a los Beltr\u00e1n Leyva"},"content":{"rendered":"<ul>\n<li><em><strong>Lo detiene la PGR en Quer\u00e9taro<\/strong><\/em><\/li>\n<\/ul>\n<p>&nbsp;<\/p>\n<div id=\"attachment_353053\" style=\"width: 470px\" class=\"wp-caption aligncenter\"><img loading=\"lazy\" decoding=\"async\" aria-describedby=\"caption-attachment-353053\" class=\"size-large wp-image-353053\" src=\"http:\/\/www.diarioimagen.net\/wp-content\/uploads\/2017\/11\/TORTILLERO14-PORTAL-460x268.jpg\" alt=\"\" width=\"460\" height=\"268\" srcset=\"https:\/\/www.diarioimagen.net\/wp-content\/uploads\/2017\/11\/TORTILLERO14-PORTAL-460x268.jpg 460w, https:\/\/www.diarioimagen.net\/wp-content\/uploads\/2017\/11\/TORTILLERO14-PORTAL-240x140.jpg 240w, https:\/\/www.diarioimagen.net\/wp-content\/uploads\/2017\/11\/TORTILLERO14-PORTAL.jpg 480w\" sizes=\"auto, (max-width: 460px) 100vw, 460px\" \/><p id=\"caption-attachment-353053\" class=\"wp-caption-text\">Samuel Liz\u00e1rraga Ontiveros, \u201cEl Tortillero\u201d, l\u00edder de la c\u00e9lula de \u201cLos Mazatlecos\u201d, ligada a los Beltr\u00e1n Leyva.<\/p><\/div>\n<p>&nbsp;<\/p>\n<p>La Procuradur\u00eda General de la Rep\u00fablica (PGR) dio a conocer la detenci\u00f3n de Samuel Liz\u00e1rraga Ontiveros, \u201cEl Tortillero\u201d, l\u00edder de la c\u00e9lula de \u201cLos Mazatlecos\u201d, se\u00f1alado como el responsable de la violencia en Sinaloa y uno de los 122 objetivos prioritarios del gobierno federal.<\/p>\n<p>El encargado de despacho de la PGR, Alberto El\u00edas Beltr\u00e1n, inform\u00f3 que el arresto de Liz\u00e1rraga Ontiveros se concret\u00f3 el domingo en Quer\u00e9taro.<\/p>\n<p>El inculpado, de 34 a\u00f1os, es responsable del trasiego de drogas desde Baja California hasta Estados Unidos y brazo armado del c\u00e1rtel de los Beltr\u00e1n Leyva<\/p>\n<p>Adem\u00e1s, tiene \u00f3rdenes de arresto por secuestro y homicidio emitidas por juzgados de Chihuahua y Sinaloa.<\/p>\n<p>De acuerdo con las investigaciones, \u201cEl Tortillero\u201d es originario de Sinaloa y se\u00f1alado como uno de los principales generadores de violencia en el sur de esa entidad, adem\u00e1s de que se caracteriza por emplear m\u00e9todos muy violentos contra sus v\u00edctimas.<\/p>\n<p>El\u00edas Beltr\u00e1n sostuvo que el arresto del inculpado se concret\u00f3 con estricto apego al debido proceso y en todo momento fueron respetados sus derechos humanos.<\/p>\n<p>A \u201cEl Tortillero\u201d se le adjudica la responsabilidad por la ola de violencia que se vive en Sinaloa, operaba en los puertos de Manzanillo, Colima; L\u00e1zaro C\u00e1rdenas, Michoac\u00e1n, y en la zona de Mexicali, Baja California.<\/p>\n<p>El detenido es originario de Sinaloa y cuenta con tres \u00f3rdenes de aprehensi\u00f3n por delincuencia organizada, adem\u00e1s de que est\u00e1 acusado de secuestro y homicidio.<\/p>\n<p>\u201cEl Tortillero\u201d fue puesto a disposici\u00f3n del Agente del Ministerio P\u00fablico adscrito a la Subprocuradur\u00eda Especializada en Investigaci\u00f3n de Delincuencia Organizada (SEIDO).<\/p>\n","protected":false},"excerpt":{"rendered":"<p>La Procuradur\u00eda General de la Rep\u00fablica (PGR) dio a conocer la detenci\u00f3n de Samuel Liz\u00e1rraga Ontiveros, \u201cEl Tortillero\u201d, l\u00edder de la c\u00e9lula de \u201cLos Mazatlecos\u201d, se\u00f1alado como el responsable de la violencia en Sinaloa y uno de los 122 objetivos prioritarios del gobierno federal.<\/p>\n","protected":false},"author":5,"featured_media":353053,"comment_status":"open","ping_status":"open","sticky":false,"template":"","format":"standard","meta":{"_monsterinsights_skip_tracking":false,"_monsterinsights_sitenote_active":false,"_monsterinsights_sitenote_note":"","_monsterinsights_sitenote_category":0,"footnotes":""},"categories":[7],"tags":[5782,67742,67744,47,43677,67743],"class_list":["post-353052","post","type-post","status-publish","format-standard","has-post-thumbnail","hentry","category-seguridad","tag-beltran-leyva","tag-el-tortillero","tag-lizarraga-ontiveros","tag-queretaro","tag-seguridad","tag-los-mazatlecos"],"_links":{"self":[{"href":"https:\/\/www.diarioimagen.net\/index.php?rest_route=\/wp\/v2\/posts\/353052","targetHints":{"allow":["GET"]}}],"collection":[{"href":"https:\/\/www.diarioimagen.net\/index.php?rest_route=\/wp\/v2\/posts"}],"about":[{"href":"https:\/\/www.diarioimagen.net\/index.php?rest_route=\/wp\/v2\/types\/post"}],"author":[{"embeddable":true,"href":"https:\/\/www.diarioimagen.net\/index.php?rest_route=\/wp\/v2\/users\/5"}],"replies":[{"embeddable":true,"href":"https:\/\/www.diarioimagen.net\/index.php?rest_route=%2Fwp%2Fv2%2Fcomments&post=353052"}],"version-history":[{"count":0,"href":"https:\/\/www.diarioimagen.net\/index.php?rest_route=\/wp\/v2\/posts\/353052\/revisions"}],"wp:featuredmedia":[{"embeddable":true,"href":"https:\/\/www.diarioimagen.net\/index.php?rest_route=\/wp\/v2\/media\/353053"}],"wp:attachment":[{"href":"https:\/\/www.diarioimagen.net\/index.php?rest_route=%2Fwp%2Fv2%2Fmedia&parent=353052"}],"wp:term":[{"taxonomy":"category","embeddable":true,"href":"https:\/\/www.diarioimagen.net\/index.php?rest_route=%2Fwp%2Fv2%2Fcategories&post=353052"},{"taxonomy":"post_tag","embeddable":true,"href":"https:\/\/www.diarioimagen.net\/index.php?rest_route=%2Fwp%2Fv2%2Ftags&post=353052"}],"curies":[{"name":"wp","href":"https:\/\/api.w.org\/{rel}","templated":true}]}}