{"id":353132,"date":"2017-11-14T00:10:43","date_gmt":"2017-11-14T06:10:43","guid":{"rendered":"http:\/\/www.diarioimagen.net\/?p=353132"},"modified":"2017-11-14T02:18:26","modified_gmt":"2017-11-14T08:18:26","slug":"osorio-la-necesidad-no-debe-justificar-delincuencia","status":"publish","type":"post","link":"https:\/\/www.diarioimagen.net\/?p=353132","title":{"rendered":"Osorio: la necesidad no debe justificar delincuencia"},"content":{"rendered":"<ul>\n<li><strong><em>Se congratula del arresto de l\u00edder criminal<\/em><\/strong><\/li>\n<\/ul>\n<p>&nbsp;<\/p>\n<div id=\"attachment_353228\" style=\"width: 470px\" class=\"wp-caption aligncenter\"><a href=\"http:\/\/www.diarioimagen.net\/?attachment_id=353228\" rel=\"attachment wp-att-353228\"><img loading=\"lazy\" decoding=\"async\" aria-describedby=\"caption-attachment-353228\" class=\"size-large wp-image-353228\" src=\"http:\/\/www.diarioimagen.net\/wp-content\/uploads\/2017\/11\/OSORIO-3250-460x259.jpg\" alt=\"\" width=\"460\" height=\"259\" srcset=\"https:\/\/www.diarioimagen.net\/wp-content\/uploads\/2017\/11\/OSORIO-3250-460x259.jpg 460w, https:\/\/www.diarioimagen.net\/wp-content\/uploads\/2017\/11\/OSORIO-3250-240x135.jpg 240w, https:\/\/www.diarioimagen.net\/wp-content\/uploads\/2017\/11\/OSORIO-3250-235x132.jpg 235w, https:\/\/www.diarioimagen.net\/wp-content\/uploads\/2017\/11\/OSORIO-3250-202x114.jpg 202w, https:\/\/www.diarioimagen.net\/wp-content\/uploads\/2017\/11\/OSORIO-3250-350x196.jpg 350w, https:\/\/www.diarioimagen.net\/wp-content\/uploads\/2017\/11\/OSORIO-3250-220x123.jpg 220w, https:\/\/www.diarioimagen.net\/wp-content\/uploads\/2017\/11\/OSORIO-3250-237x132.jpg 237w, https:\/\/www.diarioimagen.net\/wp-content\/uploads\/2017\/11\/OSORIO-3250.jpg 480w\" sizes=\"auto, (max-width: 460px) 100vw, 460px\" \/><\/a><p id=\"caption-attachment-353228\" class=\"wp-caption-text\">Miguel \u00c1ngel Osorio Chong sostuvo n encuentro con vecinos de la colonia Cubitos, en Pachuca, Hidalgo.<\/p><\/div>\n<p>&nbsp;<\/p>\n<p>El secretario de Gobernaci\u00f3n, Miguel \u00c1ngel Osorio Chong, rechaz\u00f3 que la necesidad sea una justificante para que los j\u00f3venes se dediquen a delinquir como lo afirman algunos pol\u00edticos.<\/p>\n<p>\u201cHe puesto ejemplos como el de Chiapas, que es uno de los estados m\u00e1s seguros, en el que hay much\u00edsimas necesidades, que se requieren muchas escuelas, que se requieren muchas calles, agua potable, drenajes, y no por eso los j\u00f3venes piensan en lastimar a su vecino o a parte de la sociedad. Eso es una gran mentira. Se volvi\u00f3 aspiracional\u201d, enfatiz\u00f3.<\/p>\n<p>Durante un encuentro con vecinos de la colonia Cubitos en Pachuca, Hidalgo, se congratul\u00f3 por la detenci\u00f3n en Quer\u00e9taro de Samuel N, alias \u201cEl Tortillero\u201d, uno de los objetivos prioritarios del gobierno federal.<\/p>\n<p>El funcionario destac\u00f3 la coordinaci\u00f3n entre autoridades, la cual permiti\u00f3 el arresto del l\u00edder criminal, as\u00ed como el hecho que de 122 delincuentes establecidos como objetivos prioritarios, las autoridades federales han capturado o abatido a 108.<\/p>\n<p>Recalc\u00f3 que este individuo que ha \u201clastimando a miles de personas en todo el territorio nacional, ayer fue capturado y el d\u00eda de hoy est\u00e1 siendo presentado por la Procuradur\u00eda General de la Rep\u00fablica\u201d.<\/p>\n<p>Antes, hace cinco a\u00f1os, se presentaba a los delincuentes en los medios de comunicaci\u00f3n, con las armas, con la droga, en cualquier horario, lo que -dijo- se llama apolog\u00eda del delito \u201cporque lo \u00fanico que est\u00e1n generando es que se crean historias\u201d.<\/p>\n<p>Por ello, ahora \u201cse presenta un delincuente como es, se le agacha la cabeza y se le lleva a que rinda cuentas ante la justicia\u201d, a\u00f1adi\u00f3 el titular de la Secretar\u00eda de Gobernaci\u00f3n (Segob).<\/p>\n<p>\u201cNo pod\u00edamos seguirlos presentando as\u00ed ante la mirada de nuestros j\u00f3venes, de nuestros ni\u00f1os y de sus pap\u00e1s\u201d.<\/p>\n<p>En ese sentido, el funcionario federal asever\u00f3 que la estrategia va en dos vertientes: una, la coyuntura, polic\u00edas bien preparados, bien pagados, capacitados, con controles de confianza.<\/p>\n<p>La otra, es la de la prevenci\u00f3n, y para la cual se dispuso hasta el a\u00f1o antepasado, de ocho mil millones de pesos que se distribuyeron en todo el pa\u00eds, municipio por municipio.<\/p>\n<p>Osorio Chong afirm\u00f3 que con esta estrategia integral se devolver\u00e1 la tranquilidad a Hidalgo y al pa\u00eds.<\/p>\n<p>En el evento, el titular de Gobernaci\u00f3n inaugur\u00f3 la segunda etapa del Macromural Pachuca se Pinta.<\/p>\n","protected":false},"excerpt":{"rendered":"<p>El secretario de Gobernaci\u00f3n, Miguel \u00c1ngel Osorio Chong, rechaz\u00f3 que la necesidad sea una justificante para que los j\u00f3venes se dediquen a delinquir como lo afirman algunos pol\u00edticos.<\/p>\n","protected":false},"author":3,"featured_media":353228,"comment_status":"open","ping_status":"open","sticky":false,"template":"","format":"standard","meta":{"_monsterinsights_skip_tracking":false,"_monsterinsights_sitenote_active":false,"_monsterinsights_sitenote_note":"","_monsterinsights_sitenote_category":0,"footnotes":""},"categories":[3],"tags":[8654,42,3676],"class_list":["post-353132","post","type-post","status-publish","format-standard","has-post-thumbnail","hentry","category-nacional","tag-delincuencia","tag-hidalgo","tag-miguel-angel-osorio-chong"],"_links":{"self":[{"href":"https:\/\/www.diarioimagen.net\/index.php?rest_route=\/wp\/v2\/posts\/353132","targetHints":{"allow":["GET"]}}],"collection":[{"href":"https:\/\/www.diarioimagen.net\/index.php?rest_route=\/wp\/v2\/posts"}],"about":[{"href":"https:\/\/www.diarioimagen.net\/index.php?rest_route=\/wp\/v2\/types\/post"}],"author":[{"embeddable":true,"href":"https:\/\/www.diarioimagen.net\/index.php?rest_route=\/wp\/v2\/users\/3"}],"replies":[{"embeddable":true,"href":"https:\/\/www.diarioimagen.net\/index.php?rest_route=%2Fwp%2Fv2%2Fcomments&post=353132"}],"version-history":[{"count":0,"href":"https:\/\/www.diarioimagen.net\/index.php?rest_route=\/wp\/v2\/posts\/353132\/revisions"}],"wp:featuredmedia":[{"embeddable":true,"href":"https:\/\/www.diarioimagen.net\/index.php?rest_route=\/wp\/v2\/media\/353228"}],"wp:attachment":[{"href":"https:\/\/www.diarioimagen.net\/index.php?rest_route=%2Fwp%2Fv2%2Fmedia&parent=353132"}],"wp:term":[{"taxonomy":"category","embeddable":true,"href":"https:\/\/www.diarioimagen.net\/index.php?rest_route=%2Fwp%2Fv2%2Fcategories&post=353132"},{"taxonomy":"post_tag","embeddable":true,"href":"https:\/\/www.diarioimagen.net\/index.php?rest_route=%2Fwp%2Fv2%2Ftags&post=353132"}],"curies":[{"name":"wp","href":"https:\/\/api.w.org\/{rel}","templated":true}]}}