{"id":353304,"date":"2017-11-15T00:05:49","date_gmt":"2017-11-15T06:05:49","guid":{"rendered":"http:\/\/www.diarioimagen.net\/?p=353304"},"modified":"2017-11-15T23:15:19","modified_gmt":"2017-11-16T05:15:19","slug":"mexico-registra-la-tasa-de-desocupacion-mas-baja-en-12-anos","status":"publish","type":"post","link":"https:\/\/www.diarioimagen.net\/?p=353304","title":{"rendered":"M\u00e9xico registra la tasa de desocupaci\u00f3n m\u00e1s baja en 12 a\u00f1os"},"content":{"rendered":"<ul>\n<li><strong><em>Fue de 3.3 en el tercer trimestre del a\u00f1o<\/em><\/strong><\/li>\n<\/ul>\n<p>&nbsp;<\/p>\n<div id=\"attachment_353370\" style=\"width: 470px\" class=\"wp-caption aligncenter\"><a href=\"http:\/\/www.diarioimagen.net\/?attachment_id=353370\" rel=\"attachment wp-att-353370\"><img loading=\"lazy\" decoding=\"async\" aria-describedby=\"caption-attachment-353370\" class=\"size-large wp-image-353370\" src=\"http:\/\/www.diarioimagen.net\/wp-content\/uploads\/2017\/11\/DESEMPLEO-3251-460x259.jpg\" alt=\"\" width=\"460\" height=\"259\" srcset=\"https:\/\/www.diarioimagen.net\/wp-content\/uploads\/2017\/11\/DESEMPLEO-3251-460x259.jpg 460w, https:\/\/www.diarioimagen.net\/wp-content\/uploads\/2017\/11\/DESEMPLEO-3251-240x135.jpg 240w, https:\/\/www.diarioimagen.net\/wp-content\/uploads\/2017\/11\/DESEMPLEO-3251-235x132.jpg 235w, https:\/\/www.diarioimagen.net\/wp-content\/uploads\/2017\/11\/DESEMPLEO-3251-202x114.jpg 202w, https:\/\/www.diarioimagen.net\/wp-content\/uploads\/2017\/11\/DESEMPLEO-3251-350x196.jpg 350w, https:\/\/www.diarioimagen.net\/wp-content\/uploads\/2017\/11\/DESEMPLEO-3251-220x123.jpg 220w, https:\/\/www.diarioimagen.net\/wp-content\/uploads\/2017\/11\/DESEMPLEO-3251-237x132.jpg 237w, https:\/\/www.diarioimagen.net\/wp-content\/uploads\/2017\/11\/DESEMPLEO-3251.jpg 480w\" sizes=\"auto, (max-width: 460px) 100vw, 460px\" \/><\/a><p id=\"caption-attachment-353370\" class=\"wp-caption-text\">La tasa de informalidad laboral fue de 57.2 por ciento, la m\u00e1s baja en un tercer trimestre desde que se tiene registro.<\/p><\/div>\n<p>&nbsp;<\/p>\n<p>En el tercer trimestre del a\u00f1o, la tasa de desocupaci\u00f3n en M\u00e9xico fue de 3.3 por ciento de la Poblaci\u00f3n Econ\u00f3micamente Activa (PEA), la menor en 12 a\u00f1os (primer trimestre de 2006), de acuerdo con cifras desestacionalizadas publicadas por el INEGI.<\/p>\n<p>Asimismo, la tasa de informalidad laboral fue de 57.2 por ciento, la m\u00e1s baja en un tercer trimestre desde que se tiene registro -a partir de 2005- dio a conocer el Instituto Nacional de Estad\u00edstica y Geograf\u00eda (INEGI).<\/p>\n<p>A su vez, la tasa de ocupaci\u00f3n en el sector informal fue 26.6 por ciento, la m\u00e1s baja de la que se tenga registro, a partir de 2005, resalt\u00f3 el Instituto.<\/p>\n<p>Inform\u00f3 que la tasa de desocupaci\u00f3n a nivel nacional de julio a septiembre de este a\u00f1o, de 3.3 por ciento, fue 0.1 por ciento menor al trimestre inmediato anterior y 0.4 por ciento por debajo a la observada en igual periodo del a\u00f1o anterior, con cifras ajustadas por estacionalidad.<\/p>\n<p>Con cifras desestacionalizadas, en el tercer trimestre de 2017, la poblaci\u00f3n desocupada en el pa\u00eds se situ\u00f3 en 1.9 millones de personas y la tasa de desocupaci\u00f3n correspondiente fue de 3.6 por ciento de la PEA, porcentaje menor al 4.0 de igual trimestre de 2016.<\/p>\n<p>Por entidad federativa, las mayores tasas de desocupaci\u00f3n en el periodo de referencia se registraron en Tabasco con 6.9 por ciento, Ciudad de M\u00e9xico con 5.2 por ciento, Baja California Sur con 4.6 por ciento y Estado de M\u00e9xico con 4.4 por ciento.<\/p>\n<p>En contraste, las menores tasas de desocupaci\u00f3n se presentaron en Guerrero con 1.4 por ciento, Hidalgo y Oaxaca con 2.2 por ciento cada una y Chihuahua con 2.4 por ciento, de acuerdo con las cifras oportunas de los Indicadores de Ocupaci\u00f3n y Empleo durante el tercer trimestre de 2017.<\/p>\n<p>La tasa de desocupaci\u00f3n se refiere al porcentaje de la PEA que no trabaj\u00f3 ni siquiera una hora durante la semana de referencia de la encuesta, pero manifest\u00f3 su disposici\u00f3n para hacerlo e hizo alguna actividad por obtener empleo, se\u00f1al\u00f3 el INEGI.<\/p>\n<p>Indic\u00f3 que la poblaci\u00f3n ocupada alcanz\u00f3 52.4 millones de personas, y de estas 35.9 millones son trabajadores subordinados y remunerados; 11.7 millones trabajan por su cuenta, sin emplear personal pagado.<\/p>\n<p>A su vez, 2.5 millones son trabajadores que no reciben remuneraci\u00f3n, y 2.3 millones son propietarios de los bienes de producci\u00f3n, con trabajadores a su cargo.<\/p>\n<p>Se\u00f1al\u00f3 que la poblaci\u00f3n subocupada, medida como aquella que declar\u00f3 tener necesidad y disponibilidad para trabajar m\u00e1s horas represent\u00f3 7.0 por ciento de las personas ocupadas, tasa inferior a la de igual periodo de un a\u00f1o antes que fue de 7.8 por ciento.<\/p>\n<p>El Instituto indic\u00f3 que en el tercer trimestre, hay 564 mil 459 menos personas que buscan empleo y no lo encuentran (22.6 por ciento menos que en el cuarto trimestre de 2012).<\/p>\n<p>Por otra parte, hay tres\u00a0 millones 616 mil 375 m\u00e1s personas ocupadas que en el cuarto trimestre de 2012, lo que implic\u00f3 un alza de 7.4 por ciento.<\/p>\n","protected":false},"excerpt":{"rendered":"<p>En el tercer trimestre del a\u00f1o, la tasa de desocupaci\u00f3n en M\u00e9xico fue de 3.3 por ciento de la Poblaci\u00f3n Econ\u00f3micamente Activa (PEA), la menor en 12 a\u00f1os (primer trimestre de 2006), de acuerdo con cifras desestacionalizadas publicadas por el INEGI.<\/p>\n","protected":false},"author":3,"featured_media":353370,"comment_status":"open","ping_status":"open","sticky":false,"template":"","format":"standard","meta":{"_monsterinsights_skip_tracking":false,"_monsterinsights_sitenote_active":false,"_monsterinsights_sitenote_note":"","_monsterinsights_sitenote_category":0,"footnotes":""},"categories":[8],"tags":[67826,43678,193,44,67825],"class_list":["post-353304","post","type-post","status-publish","format-standard","has-post-thumbnail","hentry","category-finanzas","tag-desocupacion","tag-finanzas","tag-inegi","tag-mexico","tag-registra"],"_links":{"self":[{"href":"https:\/\/www.diarioimagen.net\/index.php?rest_route=\/wp\/v2\/posts\/353304","targetHints":{"allow":["GET"]}}],"collection":[{"href":"https:\/\/www.diarioimagen.net\/index.php?rest_route=\/wp\/v2\/posts"}],"about":[{"href":"https:\/\/www.diarioimagen.net\/index.php?rest_route=\/wp\/v2\/types\/post"}],"author":[{"embeddable":true,"href":"https:\/\/www.diarioimagen.net\/index.php?rest_route=\/wp\/v2\/users\/3"}],"replies":[{"embeddable":true,"href":"https:\/\/www.diarioimagen.net\/index.php?rest_route=%2Fwp%2Fv2%2Fcomments&post=353304"}],"version-history":[{"count":0,"href":"https:\/\/www.diarioimagen.net\/index.php?rest_route=\/wp\/v2\/posts\/353304\/revisions"}],"wp:featuredmedia":[{"embeddable":true,"href":"https:\/\/www.diarioimagen.net\/index.php?rest_route=\/wp\/v2\/media\/353370"}],"wp:attachment":[{"href":"https:\/\/www.diarioimagen.net\/index.php?rest_route=%2Fwp%2Fv2%2Fmedia&parent=353304"}],"wp:term":[{"taxonomy":"category","embeddable":true,"href":"https:\/\/www.diarioimagen.net\/index.php?rest_route=%2Fwp%2Fv2%2Fcategories&post=353304"},{"taxonomy":"post_tag","embeddable":true,"href":"https:\/\/www.diarioimagen.net\/index.php?rest_route=%2Fwp%2Fv2%2Ftags&post=353304"}],"curies":[{"name":"wp","href":"https:\/\/api.w.org\/{rel}","templated":true}]}}