{"id":353356,"date":"2017-11-15T00:11:45","date_gmt":"2017-11-15T06:11:45","guid":{"rendered":"http:\/\/www.diarioimagen.net\/?p=353356"},"modified":"2017-11-15T06:46:30","modified_gmt":"2017-11-15T12:46:30","slug":"persiste-el-encono-entre-senadores","status":"publish","type":"post","link":"https:\/\/www.diarioimagen.net\/?p=353356","title":{"rendered":"Persiste el encono entre senadores"},"content":{"rendered":"<h2>Tras la puerta del poder<\/h2>\n<h5>Roberto Vizca\u00edno<\/h5>\n<p>&nbsp;<\/p>\n<div id=\"attachment_353454\" style=\"width: 470px\" class=\"wp-caption aligncenter\"><a href=\"http:\/\/www.diarioimagen.net\/?attachment_id=353454\" rel=\"attachment wp-att-353454\"><img loading=\"lazy\" decoding=\"async\" aria-describedby=\"caption-attachment-353454\" class=\"size-large wp-image-353454\" src=\"http:\/\/www.diarioimagen.net\/wp-content\/uploads\/2017\/11\/MARAL-3251-460x226.jpg\" alt=\"\" width=\"460\" height=\"226\" srcset=\"https:\/\/www.diarioimagen.net\/wp-content\/uploads\/2017\/11\/MARAL-3251-460x226.jpg 460w, https:\/\/www.diarioimagen.net\/wp-content\/uploads\/2017\/11\/MARAL-3251-240x118.jpg 240w, https:\/\/www.diarioimagen.net\/wp-content\/uploads\/2017\/11\/MARAL-3251-768x378.jpg 768w, https:\/\/www.diarioimagen.net\/wp-content\/uploads\/2017\/11\/MARAL-3251.jpg 1200w\" sizes=\"auto, (max-width: 460px) 100vw, 460px\" \/><\/a><p id=\"caption-attachment-353454\" class=\"wp-caption-text\">Maral<\/p><\/div>\n<p>&nbsp;<\/p>\n<p>Por m\u00e1s que lo intentan, los 5 coordinadores parlamentarios en el Senado no avanzan. Mientras, como en la canci\u00f3n, el tiempo pasa y se consumen las sesiones \u201csin materia qu\u00e9 discutir\u201d. As\u00ed la designaci\u00f3n del sustituto del depuesto Fiscal Electoral <strong>Santiago Nieto<\/strong> parece cada vez m\u00e1s remota.<\/p>\n<p>Ayer por ejemplo la Plenaria se fue con algunos anuncios, algunos exhortos, informes de otras instituciones, pero el tema central del nombramiento del titular de la Fiscal\u00eda Especializada en Delitos Electorales, la Fepade, simplemente pas\u00f3 de largo.<\/p>\n<p>Al quite sali\u00f3 el presidente de la C\u00e1mara Alta, el panista <strong>Ernesto Cordero<\/strong> para informar que la Junta de Coordinaci\u00f3n Pol\u00edtica \u201cno tuvo acuerdos\u201d y que la convocatoria para llamar a los aspirantes a ser el fiscal electoral, se pospon\u00eda hasta el jueves de la semana entrante.<\/p>\n<p>Eso significa que en la Jucopo que encabeza la pri\u00edsta mexiquense <strong>Ana Lilia Hererra<\/strong>, y que est\u00e1 integrada por <strong>Emilio Gamboa<\/strong> por el PRI; por <strong>Fernando Herrera<\/strong> por el PAN; <strong>Luis S\u00e1nchez<\/strong> por el PRD; <strong>Manuel Bartlett <\/strong>por PT-Morena y por <strong>Carlos Alberto Puente<\/strong> por el PVEM persisten los enconos y las propuestas encontradas.<\/p>\n<p>El jueves entrante faltar\u00e1n s\u00f3lo 6 sesiones para concluir el per\u00edodo legislativo de este a\u00f1o y s\u00f3lo quedar\u00e1 el siguiente (que inicia el 1 de febrero y termina el 30 de abril), para que finalice la presente legislatura.<\/p>\n<p>No hay que olvidar que el 1 de septiembre de 2018 inicia una nueva legislatura de senadores y diputados.<\/p>\n<p>As\u00ed que lo que no salga de aqu\u00ed al 15 de diciembre, dif\u00edcilmente podr\u00e1 ser aprobado en el de febrero, marzo y abril, porque en esos tres meses de 2018 estar\u00e1 a todo lo que d\u00e9 la campa\u00f1a electoral de 2018.<\/p>\n<p>En ese tiempo se habr\u00e1n ido del Senado quiz\u00e1 40 senadores a buscar otros cargos y entrar\u00e1n sus suplentes, que hasta hoy no saben ni c\u00f3mo ni qu\u00e9 se tramita en el Senado.<\/p>\n<p>De la C\u00e1mara de Diputados en los siguientes 30 d\u00edas pedir\u00e1n licencia quiz\u00e1 un centenar de legisladores que aspiran a ser senadores, o alcaldes o gobernadores.<\/p>\n<p>As\u00ed que lo del Fiscal Electoral sale antes del 15 de diciembre o los comicios de 2018, que han sido calificados por todas las autoridades involucradas como los m\u00e1s complejos y grandes que haya habido nunca antes en M\u00e9xico, o se va sin fiscal.<\/p>\n<p>Al fin puntos de vista distintos, para la presidencia de <strong>Enrique Pe\u00f1a Nieto <\/strong>eso no es un problema o un obst\u00e1culo que vaya a detonar alg\u00fan conflicto insalvable. Su vocero, el abogado <strong>Eduardo S\u00e1nchez<\/strong> dijo la semana pasada en un programa de TV que si bien puede no haber fiscal, hay fiscal\u00eda. Quienes est\u00e9n en responsabilidad de conducirla, pues garantizar\u00e1n que la instituci\u00f3n cumpla con su cometido y fin.<\/p>\n<p>As\u00ed que, \u00bfCu\u00e1l problema?<\/p>\n<p>Mientras tanto, las rencillas y confrontaciones siguen entre los diferentes grupos y corrientes el Senado.<\/p>\n<p>Y ese ambiente provoc\u00f3 que la semana anterior la Plenaria en que se debi\u00f3 abordar el tema de la convocatoria del Fiscal Electoral se suspendiera por falta de qu\u00f3rum.<\/p>\n<p>Ayer no hubo necesidad de tomar tribuna, de convocar a conferencias de prensa incendiarias, de hacer ninguna tronante denuncia p\u00fablica. No, nada de eso. Simplemente todo se pospuso una semana m\u00e1s.<\/p>\n<p>Y apenas van en el proceso de aprobar la convocatoria.<\/p>\n<p>Previamente los coordinadores del PAN, <strong>Fernando Herrera<\/strong> y del PRD, <strong>Luis S\u00e1nchez<\/strong>, dijeron que <strong>Emilio Gamboa,<\/strong> del PRI quer\u00eda descartar el punto 6 del proyecto de Convocatoria.<\/p>\n<p>\u00bfY por qu\u00e9 quer\u00eda tal cosa <strong>Gamboa? <\/strong><\/p>\n<p>Porque ese punto establece que el siguiente fiscal electoral no debe ser o debi\u00f3 ser miembro de directiva en ninguno de sus niveles de partido pol\u00edtico alguno en el pa\u00eds. Cero vinculaci\u00f3n a partido alguno.<\/p>\n<p>Tampoco debi\u00f3 ser candidata o candidato a cargo de elecci\u00f3n popular, en los seis a\u00f1os anteriores a la designaci\u00f3n.<\/p>\n<p>As\u00ed como <strong>Herrera<\/strong> y <strong>S\u00e1nchez <\/strong>dijeron que <strong>Gamboa <\/strong>quiere quitar el punto 6, as\u00ed cercanos a la bancad de senadores del PRI comentaron a su vez que ya estaba avanzada una negociaci\u00f3n senador por senador, para que se aprobara una Convocatoria sin candados.<\/p>\n<p>Es decir, con base a todo lo contrario: con la posibilidad de que ex dirigentes y ex candidatas y ex candidatos a puestos de elecci\u00f3n popular, pudieran participar en la nominaci\u00f3n del nuevo fiscal electoral.<\/p>\n<p>Lo \u00fanico que no se discute es la necesidad de pedir que el aspirante a fiscal electoral, sea alguien con cuando menos 30 a\u00f1os de edad y haber cursado en alguna Universidad no-patito la carrera de Derecho, y adem\u00e1s tener 5 a\u00f1os de experiencia profesional, en el \u00e1rea electoral y gozar de reconocimiento en buena reputaci\u00f3n y buena conducta. Por supuesto no haber pasado por ninguna comisar\u00eda o mesa de Ministerio P\u00fablico como imputado de nada.<\/p>\n<p>As\u00ed que todo sigue entrampado en el Senado.<\/p>\n<p style=\"text-align: center;\"><strong>Preocupante<\/strong><\/p>\n<p>La Asociaci\u00f3n Mexicana de Empresas de Seguridad Privada y la Asociaci\u00f3n Nacional de Tiendas de Autoservicio y Departamentales son dos grupos privados que coinciden en la prestaci\u00f3n de servicios.<\/p>\n<p>Esta fusi\u00f3n se ha estrechado m\u00e1s durante los \u00faltimos a\u00f1os en M\u00e9xico debido a que el grupo de seguridad es el que busca proteger los bienes y productos que se expenden en las miles de tiendas y centros de la Antad.<\/p>\n<p>Es as\u00ed que ambas informan ahora que, de acuerdo a las tendencias, tienen ya previsto que durante el \u201cBuen Fin\u201d y la temporada decembrina, aumente en un 50% el robo hormiga en M\u00e9xico.<\/p>\n<p>Ya durante el mismo per\u00edodo de 2016 este tipo de robo sum\u00f3 los 140 mil millones de pesos en p\u00e9rdidas.<\/p>\n<p>Por ello resultaron afectados unos 19 mil comercios en todo el pa\u00eds, indicaron.<\/p>\n<p>Los indicadores advierten que el robo hormiga ocurre b\u00e1sicamente en 17 estados.<\/p>\n<p>Al informar lo anterior, Marcos Castillo, director general de Prosegur, afiliado a la Asociaci\u00f3n Mexicana de Empresas de Seguridad Privada anunci\u00f3 un programa especial de capacitaci\u00f3n en un simulador de Protocolos de Seguridad en Tiendas Minoristas, o retail, suyo objetivo es capacitar mejor a los agentes privados no s\u00f3lo para combatir al robo hormiga, sino para garantizar un mejor trato a quienes lo realizan.<\/p>\n<p>La cuesti\u00f3n es distinguir a quienes forman bandas de ladrones de tiendas y a quienes hurtan por necesidad o hambre.<\/p>\n<p>=En el fondo el impacto suma casi un mil y medio millones de pesos.<\/p>\n<p>La tecnolog\u00eda se ha sumado a otros m\u00e9todos a fin de que los equipos electr\u00f3nicos m\u00e1s avanzados ayuden a un mayor control de da\u00f1os.<\/p>\n<p>Las tecnolog\u00edas m\u00e1s utilizadas en estos casos, dijo Castillo, son los sistemas de Seguridad Electr\u00f3nica de Art\u00edculos , las de detecci\u00f3n de robo, las de etiquetado de origen, las de Inteligencia de Tr\u00e1fico y desempe\u00f1o de la tienda, los Videos Anal\u00edticos y la Inteligencia de Inventarios.<\/p>\n<p>La ropa y tenis de marca, as\u00ed como celulares y aparatos electr\u00f3nicos, son los productos que m\u00e1s se roban las personas de las tiendas departamentales y de autoservicio, incluso para copiar los dise\u00f1os y posteriormente venderlos en el mercado negro o informal.<\/p>\n<p>La mayor parte de estos robos se realizan e los establecimientos comerciales del Estado de M\u00e9xico, Veracruz, Ciudad de M\u00e9xico, Puebla y Chiapas.<\/p>\n<p>El 60 por ciento de los robos en tiendas las realizan farderos, los cuales se dedican al robo hormiga, act\u00faan en grupos de m\u00e1s de dos personas, mientras que en el caso de las mujeres por lo general lo hacen solas.<\/p>\n<p><em><a href=\"mailto:rvizcainoa@gmail.com\" target=\"_blank\" rel=\"noopener noreferrer\">rvizcainoa@gmail.com<\/a><\/em><br \/>\n<em><a href=\"http:\/\/www.endirecto.mx\/\" target=\"_blank\" rel=\"noopener noreferrer\">www.endirecto.mx<\/a><\/em><br \/>\n<em><a href=\"https:\/\/twitter.com\/_rvizcaino\" target=\"_blank\" rel=\"noopener noreferrer\">@_RVizcaino<\/a><\/em><br \/>\n<a href=\"https:\/\/www.facebook.com\/rvizcainoa\" target=\"_blank\" rel=\"noopener noreferrer\">f<em>acebook.com\/rvizcainoa<\/em><\/a><\/p>\n","protected":false},"excerpt":{"rendered":"<p><span style=\"color: #005497;\"><strong>Roberto Vizca\u00edno<\/strong><\/span><br \/>\n<br \/>\nPor m\u00e1s que lo intentan, los 5 coordinadores parlamentarios en el Senado no avanzan. Mientras, como en la canci\u00f3n, el tiempo pasa y se consumen las sesiones \u201csin materia qu\u00e9 discutir\u201d. As\u00ed la designaci\u00f3n del sustituto del depuesto Fiscal Electoral <strong>Santiago Nieto<\/strong> parece cada vez m\u00e1s remota.<\/p>\n","protected":false},"author":3,"featured_media":353454,"comment_status":"open","ping_status":"open","sticky":false,"template":"","format":"standard","meta":{"_monsterinsights_skip_tracking":false,"_monsterinsights_sitenote_active":false,"_monsterinsights_sitenote_note":"","_monsterinsights_sitenote_category":0,"footnotes":""},"categories":[136],"tags":[43674,93,94],"class_list":["post-353356","post","type-post","status-publish","format-standard","has-post-thumbnail","hentry","category-roberto-vizcaino-opinion","tag-opinion","tag-roberto-vizcaino","tag-tras-la-puerta-del-poder"],"_links":{"self":[{"href":"https:\/\/www.diarioimagen.net\/index.php?rest_route=\/wp\/v2\/posts\/353356","targetHints":{"allow":["GET"]}}],"collection":[{"href":"https:\/\/www.diarioimagen.net\/index.php?rest_route=\/wp\/v2\/posts"}],"about":[{"href":"https:\/\/www.diarioimagen.net\/index.php?rest_route=\/wp\/v2\/types\/post"}],"author":[{"embeddable":true,"href":"https:\/\/www.diarioimagen.net\/index.php?rest_route=\/wp\/v2\/users\/3"}],"replies":[{"embeddable":true,"href":"https:\/\/www.diarioimagen.net\/index.php?rest_route=%2Fwp%2Fv2%2Fcomments&post=353356"}],"version-history":[{"count":0,"href":"https:\/\/www.diarioimagen.net\/index.php?rest_route=\/wp\/v2\/posts\/353356\/revisions"}],"wp:featuredmedia":[{"embeddable":true,"href":"https:\/\/www.diarioimagen.net\/index.php?rest_route=\/wp\/v2\/media\/353454"}],"wp:attachment":[{"href":"https:\/\/www.diarioimagen.net\/index.php?rest_route=%2Fwp%2Fv2%2Fmedia&parent=353356"}],"wp:term":[{"taxonomy":"category","embeddable":true,"href":"https:\/\/www.diarioimagen.net\/index.php?rest_route=%2Fwp%2Fv2%2Fcategories&post=353356"},{"taxonomy":"post_tag","embeddable":true,"href":"https:\/\/www.diarioimagen.net\/index.php?rest_route=%2Fwp%2Fv2%2Ftags&post=353356"}],"curies":[{"name":"wp","href":"https:\/\/api.w.org\/{rel}","templated":true}]}}