{"id":353665,"date":"2017-11-17T00:11:32","date_gmt":"2017-11-17T06:11:32","guid":{"rendered":"http:\/\/www.diarioimagen.net\/?p=353665"},"modified":"2017-11-17T00:38:17","modified_gmt":"2017-11-17T06:38:17","slug":"gasolineros-descartan-alza-severa-en-combustibles-en-enero","status":"publish","type":"post","link":"https:\/\/www.diarioimagen.net\/?p=353665","title":{"rendered":"Adelantan liberaci\u00f3n de precios de gasolinas"},"content":{"rendered":"<ul>\n<li><strong><em>Para estados del centro y del sureste<\/em><\/strong>\n<p>&nbsp;<\/li>\n<\/ul>\n<div id=\"attachment_353666\" style=\"width: 470px\" class=\"wp-caption aligncenter\"><img loading=\"lazy\" decoding=\"async\" aria-describedby=\"caption-attachment-353666\" class=\"wp-image-353666 size-large\" src=\"http:\/\/www.diarioimagen.net\/wp-content\/uploads\/2017\/11\/GASOLINAZO17-PORTAL-460x268.jpg\" alt=\"\" width=\"460\" height=\"268\" srcset=\"https:\/\/www.diarioimagen.net\/wp-content\/uploads\/2017\/11\/GASOLINAZO17-PORTAL-460x268.jpg 460w, https:\/\/www.diarioimagen.net\/wp-content\/uploads\/2017\/11\/GASOLINAZO17-PORTAL-240x140.jpg 240w, https:\/\/www.diarioimagen.net\/wp-content\/uploads\/2017\/11\/GASOLINAZO17-PORTAL.jpg 480w\" sizes=\"auto, (max-width: 460px) 100vw, 460px\" \/><p id=\"caption-attachment-353666\" class=\"wp-caption-text\">Expendedores de gasolina descartan un aumento severo en precios de las gasolinas, a partir de enero.<\/p><\/div>\n<p>&nbsp;<\/p>\n<p>El \u00d3rgano de Gobierno de la Comisi\u00f3n Reguladora de Energ\u00eda (CRE) aprob\u00f3 adelantar la quinta etapa de la flexibilizaci\u00f3n de mercados de gasolina y di\u00e9sel para el pr\u00f3ximo 30 de noviembre.<\/p>\n<p>A partir de esta fecha, Aguascalientes, Colima, Chiapas, Estado de M\u00e9xico, Guanajuato, Guerrero, Hidalgo, Jalisco, Michoac\u00e1n, Morelos, Nayarit, Oaxaca, Puebla, Quer\u00e9taro, San Luis Potos\u00ed, Tabasco, Tlaxcala, Veracruz, Zacatecas y la Ciudad de M\u00e9xico, aunados a Campeche, Quintana Roo y Yucat\u00e1n, se sumar\u00e1n a los estados del norte del pa\u00eds que ya tienen acceso a combustibles a precio liberado, con lo que se abarca todo el territorio nacional.<\/p>\n<p>Explic\u00f3 que adelantar la quinta etapa busca acelerar los efectos positivos de la apertura, tales como la participaci\u00f3n de nuevos actores y la llegada de nuevas inversiones en los mercados de las gasolinas y el di\u00e9sel en todo el pa\u00eds.<\/p>\n<p>En un comunicado, el organismo regulador record\u00f3 que el 20 de diciembre de 2016 aprob\u00f3 el cronograma de flexibilizaci\u00f3n de los mercados de gasolinas y di\u00e9sel que consideraba cinco etapas de apertura regional que permitir\u00edan la libre fluctuaci\u00f3n de precios en todo el pa\u00eds a lo largo de 2017.<\/p>\n<p>La primera etapa entr\u00f3 en vigor el 30 de marzo pasado en los estados de Baja California y Sonora; la segunda comenz\u00f3 el 15 de junio en Chihuahua, Coahuila, Nuevo Le\u00f3n, Tamaulipas y en el municipio de G\u00f3mez Palacio, Durango; y la tercera etapa que incluy\u00f3 Baja California Sur, Sinaloa y el resto de Durango, comenz\u00f3 el 30 de octubre pasado.<\/p>\n<p>La cuarta etapa est\u00e1 prevista para iniciar el 30 de noviembre pr\u00f3ximo en los estados del centro del pa\u00eds, junto con los estados de la pen\u00ednsula de Yucat\u00e1n, que estaban considerados para una quinta fase que comenzar\u00eda el 30 de diciembre de 2017.<\/p>\n<p>Con base en la experiencia de las tres etapas de flexibilizaci\u00f3n anteriores, la CRE observ\u00f3, por un lado, que en las zonas ya liberadas se aprecia una tendencia general a la estabilidad en los precios y, por otro lado, que el proceso despert\u00f3 el inter\u00e9s de empresas nacionales e internacionales en el mercado mexicano de combustibles.<\/p>\n<p>De manera adicional, la CRE aprob\u00f3 dos modificaciones importantes relacionadas con los precios de venta que realiza Pemex en refiner\u00edas y en terminales de almacenamiento, con la finalidad de generar condiciones de equidad, competencia y trato no discriminatorio para los participantes del mercado y as\u00ed impulsar el desarrollo del mercado de combustibles.<\/p>\n<p>El primer cambio establece que cuando Pemex no pueda realizar la primera venta en sus refiner\u00edas o en puntos de internaci\u00f3n (VPM), deber\u00e1 ofrecer esa primera venta en puntos alternos de su propia infraestructura que sean viables t\u00e9cnicamente.<\/p>\n<p style=\"text-align: center;\"><strong>Gasolineros descartan <\/strong><strong>alza \u201csevera\u201d en gasolinas<\/strong><\/p>\n<p>El actual esquema de precios de combustibles seguir\u00e1 despu\u00e9s de su liberaci\u00f3n, planeada originalmente para el 31 de diciembre, y \u201cno habr\u00e1 una gran diferencia\u201d porque evitar\u00e1 reflejar incrementos o disminuciones \u201ccon picos severos\u201d, argument\u00f3 el presidente de la Organizaci\u00f3n Nacional de Expendedores de Petr\u00f3leo (Onexpo), Roberto D\u00edaz de Le\u00f3n Mart\u00ednez<\/p>\n<p>\u201cNosotros vemos que el precio ser\u00e1 un tendencia muy razonable y similar a lo que ha sucedido, de disminuciones y aumentos semanales con poca significaci\u00f3n en el mercado\u201d, se\u00f1al\u00f3 en conferencia de prensa.<\/p>\n<p>Ante el escenario de 2018, D\u00edaz de Le\u00f3n Mart\u00ednez dijo que ser\u00eda irresponsable asegurar un aumento en los combustibles para entonces y, a\u00fan m\u00e1s, adelantar el monto, porque dependen de factores como los precios internacionales del crudo, el tipo de cambio y otros elementos.<\/p>\n<p>Sobre que la autoridad correspondiente adelantar\u00e1 la liberaci\u00f3n de los precios de los combustibles en estados del sureste para el pr\u00f3ximo 30 de noviembre, cuando est\u00e1 prevista su liberaci\u00f3n en entidades del centro del pa\u00eds, consider\u00f3 positivo el hecho, con lo que ya estar\u00edan liberados en todo el territorio nacional.<\/p>\n<p>\u201cEsto va permitir que haya un piso parejo para todos\u201d y continuar con el esquema de \u201csuavizamiento de precios\u201d en 2018, argument\u00f3 el presidente de la Onexpo.<\/p>\n<p>D\u00edaz de Le\u00f3n Mart\u00ednez se\u00f1al\u00f3 que la medida permitir\u00e1 abrir el 64 por ciento del mercado de combustibles pendiente, y acentu\u00f3 que esta es una buena se\u00f1al porque deja en evidencia que la reforma energ\u00e9tica es una realidad.<\/p>\n","protected":false},"excerpt":{"rendered":"<p>El \u00d3rgano de Gobierno de la Comisi\u00f3n Reguladora de Energ\u00eda (CRE) aprob\u00f3 adelantar la quinta etapa de la flexibilizaci\u00f3n de mercados de gasolina y di\u00e9sel para el pr\u00f3ximo 30 de noviembre. A partir de esta fecha, Aguascalientes, Colima, Chiapas, Estado de M\u00e9xico, Guanajuato, Guerrero, Hidalgo, Jalisco, Michoac\u00e1n, Morelos, Nayarit, Oaxaca, Puebla, Quer\u00e9taro, San Luis Potos\u00ed, Tabasco, Tlaxcala, Veracruz, Zacatecas y la Ciudad de M\u00e9xico, aunados a Campeche, Quintana Roo y Yucat\u00e1n, se sumar\u00e1n a los estados del norte del pa\u00eds que ya tienen acceso a combustibles a precio liberado, con lo que se abarca todo el territorio nacional.<\/p>\n","protected":false},"author":5,"featured_media":353666,"comment_status":"open","ping_status":"open","sticky":false,"template":"","format":"standard","meta":{"_monsterinsights_skip_tracking":false,"_monsterinsights_sitenote_active":false,"_monsterinsights_sitenote_note":"","_monsterinsights_sitenote_category":0,"footnotes":""},"categories":[8],"tags":[67893,67895,47826,43678,67892,67894],"class_list":["post-353665","post","type-post","status-publish","format-standard","has-post-thumbnail","hentry","category-finanzas","tag-severa","tag-31-de-diciembre","tag-combustibles","tag-finanzas","tag-gasolineros","tag-roberto-diaz-de-leon-martinez"],"_links":{"self":[{"href":"https:\/\/www.diarioimagen.net\/index.php?rest_route=\/wp\/v2\/posts\/353665","targetHints":{"allow":["GET"]}}],"collection":[{"href":"https:\/\/www.diarioimagen.net\/index.php?rest_route=\/wp\/v2\/posts"}],"about":[{"href":"https:\/\/www.diarioimagen.net\/index.php?rest_route=\/wp\/v2\/types\/post"}],"author":[{"embeddable":true,"href":"https:\/\/www.diarioimagen.net\/index.php?rest_route=\/wp\/v2\/users\/5"}],"replies":[{"embeddable":true,"href":"https:\/\/www.diarioimagen.net\/index.php?rest_route=%2Fwp%2Fv2%2Fcomments&post=353665"}],"version-history":[{"count":0,"href":"https:\/\/www.diarioimagen.net\/index.php?rest_route=\/wp\/v2\/posts\/353665\/revisions"}],"wp:featuredmedia":[{"embeddable":true,"href":"https:\/\/www.diarioimagen.net\/index.php?rest_route=\/wp\/v2\/media\/353666"}],"wp:attachment":[{"href":"https:\/\/www.diarioimagen.net\/index.php?rest_route=%2Fwp%2Fv2%2Fmedia&parent=353665"}],"wp:term":[{"taxonomy":"category","embeddable":true,"href":"https:\/\/www.diarioimagen.net\/index.php?rest_route=%2Fwp%2Fv2%2Fcategories&post=353665"},{"taxonomy":"post_tag","embeddable":true,"href":"https:\/\/www.diarioimagen.net\/index.php?rest_route=%2Fwp%2Fv2%2Ftags&post=353665"}],"curies":[{"name":"wp","href":"https:\/\/api.w.org\/{rel}","templated":true}]}}