{"id":353706,"date":"2017-11-17T00:10:35","date_gmt":"2017-11-17T06:10:35","guid":{"rendered":"http:\/\/www.diarioimagen.net\/?p=353706"},"modified":"2017-11-17T01:41:17","modified_gmt":"2017-11-17T07:41:17","slug":"ninguna-incertidumbre-por-revisar-el-tlcan-cada-5-anos-guajardo","status":"publish","type":"post","link":"https:\/\/www.diarioimagen.net\/?p=353706","title":{"rendered":"Ninguna incertidumbre por revisar el TLCAN cada 5 a\u00f1os: Guajardo"},"content":{"rendered":"<ul>\n<li><strong><em>Hoy inicia quinta ronda<\/em><\/strong><\/li>\n<\/ul>\n<p>&nbsp;<\/p>\n<div id=\"attachment_353752\" style=\"width: 470px\" class=\"wp-caption aligncenter\"><a href=\"http:\/\/www.diarioimagen.net\/?attachment_id=353752\" rel=\"attachment wp-att-353752\"><img loading=\"lazy\" decoding=\"async\" aria-describedby=\"caption-attachment-353752\" class=\"size-large wp-image-353752\" src=\"http:\/\/www.diarioimagen.net\/wp-content\/uploads\/2017\/11\/TLC-3253-460x259.jpg\" alt=\"\" width=\"460\" height=\"259\" srcset=\"https:\/\/www.diarioimagen.net\/wp-content\/uploads\/2017\/11\/TLC-3253-460x259.jpg 460w, https:\/\/www.diarioimagen.net\/wp-content\/uploads\/2017\/11\/TLC-3253-240x135.jpg 240w, https:\/\/www.diarioimagen.net\/wp-content\/uploads\/2017\/11\/TLC-3253-235x132.jpg 235w, https:\/\/www.diarioimagen.net\/wp-content\/uploads\/2017\/11\/TLC-3253-202x114.jpg 202w, https:\/\/www.diarioimagen.net\/wp-content\/uploads\/2017\/11\/TLC-3253-350x196.jpg 350w, https:\/\/www.diarioimagen.net\/wp-content\/uploads\/2017\/11\/TLC-3253-220x123.jpg 220w, https:\/\/www.diarioimagen.net\/wp-content\/uploads\/2017\/11\/TLC-3253-237x132.jpg 237w, https:\/\/www.diarioimagen.net\/wp-content\/uploads\/2017\/11\/TLC-3253.jpg 480w\" sizes=\"auto, (max-width: 460px) 100vw, 460px\" \/><\/a><p id=\"caption-attachment-353752\" class=\"wp-caption-text\">Ildefonso Guajardo Villarreal neg\u00f3 que la propuesta de revisar el TLCAN cada cinco a\u00f1os genere incertidumbre financiera.<\/p><\/div>\n<p>&nbsp;<\/p>\n<p>El titular de la Secretar\u00eda de Econom\u00eda (SE), Ildefonso Guajardo Villarreal, neg\u00f3 que la propuesta de revisar el Tratado de Libre Comercio de Am\u00e9rica del Norte (TLCAN) cada cinco a\u00f1os genere incertidumbre financiera en los pr\u00f3ximos a\u00f1os.<\/p>\n<p>\u201cLo que da incertidumbre es proponer terminaci\u00f3n al acuerdo a futuro, hoy el TLCAN te permite notificar tu salida si un d\u00eda crees que no te conviene o no te sirve. Entonces hagamos un an\u00e1lisis estructurado de los efectos de un TLCAN cada cinco a\u00f1os, eso no quiere decir que en autom\u00e1tico te vayas a salir, es una revaluaci\u00f3n, y eso es lo que estamos proponiendo\u201d, subray\u00f3.<\/p>\n<p>Tras participar en el foro \u201cMujeres Pyme\u201d, dijo que la propuesta del gobierno mexicano es diferente a la de la administraci\u00f3n estadounidense, que busca una \u201cmuerte s\u00fabita\u201d del acuerdo, pese a estar en vigor el pr\u00f3ximo lustro.<\/p>\n<p>Reiter\u00f3 que hay un amplio n\u00famero de negociadores de los tres pa\u00edses trabajando en la discusi\u00f3n del acuerdo para crear una contrapropuesta, por lo que la agenda sigue con las siguientes rondas de negociaciones, a celebrarse en Washington y posteriormente en Ottawa.<\/p>\n<p>Guajardo Villarreal destac\u00f3 que las contrapropuestas de la delegaci\u00f3n mexicana se dar\u00e1n en el avance, de la renegociaci\u00f3n del TLCAN en cap\u00edtulos a punto de cerrar, como los relacionados a las telecomunicaciones, al comercio electr\u00f3nico y de anticorrupci\u00f3n, que son de gran inter\u00e9s para M\u00e9xico.<\/p>\n<p>Sostuvo que discute a\u00fan el fortalecimiento de mejores pr\u00e1cticas regulatorias, y descalific\u00f3 que no haya voluntad de las otras delegaciones en la renegociaci\u00f3n del acuerdo comercial.<\/p>\n<p>Ante las marcadas diferencias entre Canad\u00e1, Estados Unidos y M\u00e9xico en la renegociaci\u00f3n del TLCAN, en un cambio de estrategia, los ministros de los tres pa\u00edses acordaron que no participar\u00e1n en la quinta ronda de negociaci\u00f3n a realizarse del 17 al 21 de noviembre.<\/p>\n<p>Contrario a lo que ocurri\u00f3 en la segunda, tercera y cuarta ronda que culminaron con una conferencia de prensa de los tres ministros y, a pesar de que los gobiernos manejaron la versi\u00f3n de que llegar\u00edan a M\u00e9xico el 21 de noviembre, la canciller de Canad\u00e1, Chrystia Freelanda y el representante Comercial estadounidense, Robert Lighthizer, para reunirse con el secretario de Econom\u00eda, Ildefonso Guajardo, se anunci\u00f3 que no habr\u00e1 tal encuentro.<\/p>\n","protected":false},"excerpt":{"rendered":"<p>El titular de la Secretar\u00eda de Econom\u00eda (SE), Ildefonso Guajardo Villarreal, neg\u00f3 que la propuesta de revisar el Tratado de Libre Comercio de Am\u00e9rica del Norte (TLCAN) cada cinco a\u00f1os genere incertidumbre financiera en los pr\u00f3ximos a\u00f1os.<\/p>\n","protected":false},"author":3,"featured_media":353752,"comment_status":"open","ping_status":"open","sticky":false,"template":"","format":"standard","meta":{"_monsterinsights_skip_tracking":false,"_monsterinsights_sitenote_active":false,"_monsterinsights_sitenote_note":"","_monsterinsights_sitenote_category":0,"footnotes":""},"categories":[8],"tags":[43678,26964,64906,2167],"class_list":["post-353706","post","type-post","status-publish","format-standard","has-post-thumbnail","hentry","category-finanzas","tag-finanzas","tag-ildefonso-guajardo-villarreal","tag-incertidumbre","tag-tlcan"],"_links":{"self":[{"href":"https:\/\/www.diarioimagen.net\/index.php?rest_route=\/wp\/v2\/posts\/353706","targetHints":{"allow":["GET"]}}],"collection":[{"href":"https:\/\/www.diarioimagen.net\/index.php?rest_route=\/wp\/v2\/posts"}],"about":[{"href":"https:\/\/www.diarioimagen.net\/index.php?rest_route=\/wp\/v2\/types\/post"}],"author":[{"embeddable":true,"href":"https:\/\/www.diarioimagen.net\/index.php?rest_route=\/wp\/v2\/users\/3"}],"replies":[{"embeddable":true,"href":"https:\/\/www.diarioimagen.net\/index.php?rest_route=%2Fwp%2Fv2%2Fcomments&post=353706"}],"version-history":[{"count":0,"href":"https:\/\/www.diarioimagen.net\/index.php?rest_route=\/wp\/v2\/posts\/353706\/revisions"}],"wp:featuredmedia":[{"embeddable":true,"href":"https:\/\/www.diarioimagen.net\/index.php?rest_route=\/wp\/v2\/media\/353752"}],"wp:attachment":[{"href":"https:\/\/www.diarioimagen.net\/index.php?rest_route=%2Fwp%2Fv2%2Fmedia&parent=353706"}],"wp:term":[{"taxonomy":"category","embeddable":true,"href":"https:\/\/www.diarioimagen.net\/index.php?rest_route=%2Fwp%2Fv2%2Fcategories&post=353706"},{"taxonomy":"post_tag","embeddable":true,"href":"https:\/\/www.diarioimagen.net\/index.php?rest_route=%2Fwp%2Fv2%2Ftags&post=353706"}],"curies":[{"name":"wp","href":"https:\/\/api.w.org\/{rel}","templated":true}]}}