{"id":353708,"date":"2017-11-17T00:10:28","date_gmt":"2017-11-17T06:10:28","guid":{"rendered":"http:\/\/www.diarioimagen.net\/?p=353708"},"modified":"2017-11-17T04:09:11","modified_gmt":"2017-11-17T10:09:11","slug":"fuentes-de-trabajo-mas-cercanas-a-los-hogares","status":"publish","type":"post","link":"https:\/\/www.diarioimagen.net\/?p=353708","title":{"rendered":"Fuentes de trabajo m\u00e1s cercanas a los hogares"},"content":{"rendered":"<h2>Arco Norte<\/h2>\n<h5>Jos\u00e9 Luis Monta\u00f1ez Aguilar<\/h5>\n<p>&nbsp;<\/p>\n<p><a href=\"http:\/\/www.diarioimagen.net\/?attachment_id=353748\" rel=\"attachment wp-att-353748\"><img loading=\"lazy\" decoding=\"async\" class=\"aligncenter size-large wp-image-353748\" src=\"http:\/\/www.diarioimagen.net\/wp-content\/uploads\/2017\/11\/arco-3253-460x321.jpg\" alt=\"\" width=\"460\" height=\"321\" srcset=\"https:\/\/www.diarioimagen.net\/wp-content\/uploads\/2017\/11\/arco-3253-460x321.jpg 460w, https:\/\/www.diarioimagen.net\/wp-content\/uploads\/2017\/11\/arco-3253-240x168.jpg 240w, https:\/\/www.diarioimagen.net\/wp-content\/uploads\/2017\/11\/arco-3253.jpg 700w\" sizes=\"auto, (max-width: 460px) 100vw, 460px\" \/><\/a><\/p>\n<p>&nbsp;<\/p>\n<p>En octubre, la cifra de empleos generados en el Estado de M\u00e9xico fue la mayor registrada en este a\u00f1o, con 22 mil 942 nuevos puestos de trabajo, por lo que el gobernador Alfredo Del Mazo destac\u00f3 que esta cantidad es un logro derivado del compromiso de su administraci\u00f3n con la generaci\u00f3n de empleos bien retribuidos, dignos y cercanos a los hogares de las familias.<\/p>\n<p>Mencion\u00f3 que este n\u00famero es superior al registrado en octubre del a\u00f1o anterior, cuando fue de 9 mil 800 plazas laborales.<\/p>\n<p>Con la creaci\u00f3n de estos empleos, Del Mazo refrenda el compromiso de esta administraci\u00f3n en la creaci\u00f3n de un mill\u00f3n de fuentes de trabajo, como lo se\u00f1al\u00f3 hace algunas semanas al instalar el Gabinete de Desarrollo Econ\u00f3mico.<\/p>\n<p>Al entregar t\u00edtulos de propiedad en beneficio de mil 183 familias de diversos municipios del Valle de M\u00e9xico, tambi\u00e9n reconoci\u00f3 el compromiso del gobierno federal en este tema, pues en la administraci\u00f3n del presidente Enrique Pe\u00f1a se han creado 3 millones 328 mil puestos de empleo, lo que ha permitido mejorar la calidad de millones de familias a nivel nacional.<\/p>\n<p style=\"text-align: center;\"><strong>Informan avances sobre alerta de g\u00e9nero en municipios mexiquenses<\/strong><\/p>\n<p>\u00a0El secretario de Justicia y Derechos Humanos, Rodrigo Espeleta, encabez\u00f3 la reuni\u00f3n interinstitucional de la mesa de atenci\u00f3n a la Alerta de G\u00e9nero en la que representantes de las \u00e1reas de atenci\u00f3n a la mujer de Ixtapaluca y Naucalpan expusieron sus avances en la ejecuci\u00f3n de medidas que permitan garantizar la seguridad y el bienestar de las mujeres.<\/p>\n<p>Vanessa Ferrer, del Instituto de Protecci\u00f3n a los Derechos de las Mujeres del municipio de Ixtapaluca, detall\u00f3 que actualmente hay 366 agentes adscritos a la Polic\u00eda de G\u00e9nero con presencia en los 21 cuadrantes de seguridad que suma el ayuntamiento. Inform\u00f3\u00a0 que en Ixtapaluca se conform\u00f3 el Comit\u00e9 de Prevenci\u00f3n y Atenci\u00f3n del Hostigamiento y Acoso Sexual para la Administraci\u00f3n P\u00fablica Municipal.<\/p>\n<p>En tanto, Adriana Hinojosa, titular del Instituto de la Mujer de Naucalpan, dio a conocer que\u00a0 se han recuperado espacios p\u00fablicos y creado redes para estar pendientes de que las mujeres est\u00e9n m\u00e1s protegidas.<\/p>\n<p><em><a href=\"mailto:montanezaguilar@gmail.com\" target=\"_blank\" rel=\"noopener noreferrer\">montanezaguilar@gmail.com<\/a><\/em><\/p>\n","protected":false},"excerpt":{"rendered":"<p><span style=\"color: #005497;\">Jos\u00e9 Luis Monta\u00f1ez Aguilar<\/span><br \/>\n<br \/>\nEn octubre, la cifra de empleos generados en el Estado de M\u00e9xico fue la mayor registrada en este a\u00f1o, con 22 mil 942 nuevos puestos de trabajo, por lo que el gobernador Alfredo Del Mazo destac\u00f3 que esta cantidad es un logro derivado del compromiso de su administraci\u00f3n con la generaci\u00f3n de empleos bien retribuidos, dignos y cercanos a los hogares de las familias.<\/p>\n","protected":false},"author":3,"featured_media":353748,"comment_status":"open","ping_status":"open","sticky":false,"template":"","format":"standard","meta":{"_monsterinsights_skip_tracking":false,"_monsterinsights_sitenote_active":false,"_monsterinsights_sitenote_note":"","_monsterinsights_sitenote_category":0,"footnotes":""},"categories":[5],"tags":[67935,43674],"class_list":["post-353708","post","type-post","status-publish","format-standard","has-post-thumbnail","hentry","category-estado-de-mexico","tag-arco","tag-opinion"],"_links":{"self":[{"href":"https:\/\/www.diarioimagen.net\/index.php?rest_route=\/wp\/v2\/posts\/353708","targetHints":{"allow":["GET"]}}],"collection":[{"href":"https:\/\/www.diarioimagen.net\/index.php?rest_route=\/wp\/v2\/posts"}],"about":[{"href":"https:\/\/www.diarioimagen.net\/index.php?rest_route=\/wp\/v2\/types\/post"}],"author":[{"embeddable":true,"href":"https:\/\/www.diarioimagen.net\/index.php?rest_route=\/wp\/v2\/users\/3"}],"replies":[{"embeddable":true,"href":"https:\/\/www.diarioimagen.net\/index.php?rest_route=%2Fwp%2Fv2%2Fcomments&post=353708"}],"version-history":[{"count":0,"href":"https:\/\/www.diarioimagen.net\/index.php?rest_route=\/wp\/v2\/posts\/353708\/revisions"}],"wp:featuredmedia":[{"embeddable":true,"href":"https:\/\/www.diarioimagen.net\/index.php?rest_route=\/wp\/v2\/media\/353748"}],"wp:attachment":[{"href":"https:\/\/www.diarioimagen.net\/index.php?rest_route=%2Fwp%2Fv2%2Fmedia&parent=353708"}],"wp:term":[{"taxonomy":"category","embeddable":true,"href":"https:\/\/www.diarioimagen.net\/index.php?rest_route=%2Fwp%2Fv2%2Fcategories&post=353708"},{"taxonomy":"post_tag","embeddable":true,"href":"https:\/\/www.diarioimagen.net\/index.php?rest_route=%2Fwp%2Fv2%2Ftags&post=353708"}],"curies":[{"name":"wp","href":"https:\/\/api.w.org\/{rel}","templated":true}]}}