{"id":353742,"date":"2017-11-17T00:01:26","date_gmt":"2017-11-17T06:01:26","guid":{"rendered":"http:\/\/www.diarioimagen.net\/?p=353742"},"modified":"2017-11-17T04:07:44","modified_gmt":"2017-11-17T10:07:44","slug":"los-111-pueblos-magicos-del-pais-se-reunen-en-monterrey-a-partir-de-hoy-viernes-al-domingo-19-en-la-feria-nacional-de-los-pueblos-magicos","status":"publish","type":"post","link":"https:\/\/www.diarioimagen.net\/?p=353742","title":{"rendered":"Los 111 Pueblos M\u00e1gicos del pa\u00eds se re\u00fanen en Monterrey, a partir de hoy viernes al domingo 19 en la Feria Nacional de los Pueblos M\u00e1gicos"},"content":{"rendered":"<h2>De cinco estrellas<\/h2>\n<h5>Victoria Gonz\u00e1lez Prado<\/h5>\n<p>&nbsp;<\/p>\n<ul>\n<li><em><strong>Ubicado en el \u00e1rea m\u00e1s din\u00e1mica de Aguascalientes, con 154 habitaciones y suites, abre <\/strong><\/em><strong>Hilton Garden Inn<\/strong><\/li>\n<li><em><strong>La 5\u00aa. Feria del Pulque, con la participaci\u00f3n de m\u00e1s de 30 expositores, el s\u00e1bado 18 y domingo 19 en la explanada de Tlatelolco<\/strong><\/em><\/li>\n<li><em><strong>Copa Airlines anunci\u00f3 su nuevo vuelo directo entre la Ciudad de Panam\u00e1 y Mendoza, en Argentina<\/strong><\/em><\/li>\n<\/ul>\n<p><strong>\u00a0<\/strong><\/p>\n<div id=\"attachment_353810\" style=\"width: 470px\" class=\"wp-caption aligncenter\"><a href=\"http:\/\/www.diarioimagen.net\/?attachment_id=353810\" rel=\"attachment wp-att-353810\"><img loading=\"lazy\" decoding=\"async\" aria-describedby=\"caption-attachment-353810\" class=\"size-large wp-image-353810\" src=\"http:\/\/www.diarioimagen.net\/wp-content\/uploads\/2017\/11\/turismo-3253-460x259.jpg\" alt=\"\" width=\"460\" height=\"259\" srcset=\"https:\/\/www.diarioimagen.net\/wp-content\/uploads\/2017\/11\/turismo-3253-460x259.jpg 460w, https:\/\/www.diarioimagen.net\/wp-content\/uploads\/2017\/11\/turismo-3253-240x135.jpg 240w, https:\/\/www.diarioimagen.net\/wp-content\/uploads\/2017\/11\/turismo-3253-235x132.jpg 235w, https:\/\/www.diarioimagen.net\/wp-content\/uploads\/2017\/11\/turismo-3253-202x114.jpg 202w, https:\/\/www.diarioimagen.net\/wp-content\/uploads\/2017\/11\/turismo-3253-350x196.jpg 350w, https:\/\/www.diarioimagen.net\/wp-content\/uploads\/2017\/11\/turismo-3253-220x123.jpg 220w, https:\/\/www.diarioimagen.net\/wp-content\/uploads\/2017\/11\/turismo-3253-237x132.jpg 237w, https:\/\/www.diarioimagen.net\/wp-content\/uploads\/2017\/11\/turismo-3253.jpg 480w\" sizes=\"auto, (max-width: 460px) 100vw, 460px\" \/><\/a><p id=\"caption-attachment-353810\" class=\"wp-caption-text\">Monterrey, sede de la IV Reuni\u00f3n Nacional de Pueblos M\u00e1gicos.<\/p><\/div>\n<p>&nbsp;<\/p>\n<p>Hoy viernes, ser\u00e1 inaugurada la cuarta versi\u00f3n de la Feria Nacional de los Pueblos M\u00e1gicos, que reunir\u00e1 a los 111 existentes a la fecha. Cintermex es la sede de la reuni\u00f3n en la que por primera vez las agencias de viajes locales vender\u00e1n paquetes a los distintos destinos, con la intenci\u00f3n de que cada vez m\u00e1s personas conozcan los atractivos que ofrecen.<\/p>\n<p>Durante la feria habr\u00e1 muestras de gastronom\u00eda, artesan\u00edas, espect\u00e1culos art\u00edsticos y jornadas acad\u00e9micas.<\/p>\n<p>Cabe destacar que la actividad tur\u00edstica y econ\u00f3mica que generan los Pueblos M\u00e1gicos asciende a m\u00e1s del 1.4 por ciento del Producto Interno Bruto (PIB). Durante 2014 los ingresos por este concepto tur\u00edstico de Pueblos M\u00e1gicos ascendieron a un total de 248 mil millones de pesos, cifra que sigue creciendo.<\/p>\n<p>La IV Feria Nacional de Pueblos M\u00e1gicos es considerada la segunda m\u00e1s importante para el sector a nivel nacional despu\u00e9s del Tianguis Tur\u00edstico.\u00a0 Esta reunir\u00e1 a todos los integrantes del programa como expositores, alcaldes y presidentes de comit\u00e9s de cada Pueblo M\u00e1gico.<\/p>\n<p>\u2730\u2730\u2730\u2730\u2730 <em>Hilton Garden Inn,<\/em> la marca global de hoteles de lujo de <em>Hilton,<\/em> anunci\u00f3 la apertura del hotel en Aguascalientes. La propiedad tiene 154 habitaciones.<\/p>\n<p>Estrat\u00e9gicamente ubicado, est\u00e1 aproximadamente a 32 km de las compa\u00f1\u00edas automotrices, el aeropuerto internacional Jes\u00fas Ter\u00e1n Peredo y el Centro Hist\u00f3rico.<\/p>\n<p><strong>Jos\u00e9 Mu\u00f1oz<\/strong>, vicepresidente de Operaciones de Hilton para M\u00e9xico y Centroam\u00e9rica, dijo: \u201ca medida que continuamos expandiendo nuestra huella global, seguimos comprometidos en aumentar nuestra presencia en mercados clave en todo M\u00e9xico para satisfacer las cambiantes necesidades y preferencias de nuestros hu\u00e9spedes\u201d.<\/p>\n<p>El hotel incluye en sus 154 habitaciones suites con sala de estar, habitaciones accesibles y varias habitaciones con comodidades y caracter\u00edsticas dise\u00f1adas para los hu\u00e9spedes asi\u00e1ticos. Cuentan con ropa de cama exclusiva de la marca\u00a0\u00a0 que incluye edredones blancos frescos, s\u00e1banas suaves y almohadas hipoalerg\u00e9nicas. Tambi\u00e9n televisores de alta definici\u00f3n de 47 pulgadas,\u00a0 \u00e1rea de trabajo con silla ergon\u00f3mica, mini refrigerador, horno de microondas y cafetera Keurig.<\/p>\n<p>Los hu\u00e9spedes pueden comer en el restaurante <em>Garden Grill,<\/em> que ofrece desayuno buffet y un men\u00fa de opciones saludables y sabores locales, as\u00ed como un men\u00fa especial para ni\u00f1os. El bar del <em>Lobby<\/em> ofrece un ambiente sofisticado para disfrutar de una variedad de cocteles, vinos y licores. El <em>Pavilion Pantry<\/em>\u00ae est\u00e1 abierto las 24 horas y ofrece una completa selecci\u00f3n de aperitivos salados, golosinas, bebidas fr\u00edas y productos envasados para microondas.<\/p>\n<p>Para los hu\u00e9spedes de negocios, el hotel ofrece m\u00e1s de 160 metros cuadrados de espacio flexible para reuniones en cinco salones, conexi\u00f3n Wi-Fi gratuita en toda la propiedad, centro de negocios abierto las 24 horas con impresi\u00f3n remota <em>Print Spo<\/em>ts\u2122, gimnasio de \u00faltima generaci\u00f3n, piscina exterior con bar y sala de estar, lavander\u00eda de autoservicio y servicio de transporte al aeropuerto y hacia parques industriales.<\/p>\n<p>El hotel en Aguascalientes es parte de <em>Hilton Honors<\/em>, el programa de lealtad para hu\u00e9spedes. Los miembros que reservan directamente tienen acceso a beneficios instant\u00e1neos, incluido un control deslizante de pago flexible que permite a los miembros elegir casi cualquier combinaci\u00f3n de puntos y dinero para reservar una estancia, un descuento exclusivo para miembros, Wi-Fi est\u00e1ndar gratuito y acceso a la aplicaci\u00f3n m\u00f3vil.<\/p>\n<p>\u2730\u2730\u2730\u2730\u2730 La 5\u00aa. Feria del Pulque regresa a sus or\u00edgenes, historias, tradiciones y las diferentes leyendas que rodean a esta bebida nacional, con la participaci\u00f3n de m\u00e1s de 30 expositores, entre ellos gran variedad de gastronom\u00eda, curados de todos los sabores y colores, juguetes de colecci\u00f3n, comics, rifas y muchas cosas m\u00e1s.<\/p>\n<p>Los asistentes podr\u00e1n degustar desde curados cl\u00e1sicos de jitomate, apio, avena, guayaba, fresa, pi\u00f1a, pi\u00f1\u00f3n, cacahuate, hasta sabores ex\u00f3ticos como el de pepino y maracuy\u00e1.<\/p>\n<p>La original Feria del Pulque es organizada por el colectivo S22, y reunir\u00e1 a los mejores productores, pulqueros, tlachiqueros y expertos de esta bebida,\u00a0 con la finalidad de seguir promoviendo la cultura por medio de sus diferentes historias, leyendas y tradiciones que hacen de est\u00e1 bebida&#8230; \u201ccultura para nuestro pa\u00eds\u201d.<\/p>\n<p>Adem\u00e1s de promover la cultura pulquera, est\u00e1 5\u00aa. Feria del Pulque apoya a las grandes y peque\u00f1as empresas que se dedican a la producci\u00f3n, venta y distribuci\u00f3n de esta bebida, que forma parte de la historia de M\u00e9xico ya que es resultado del trabajo de campesinos, tlachiqueros y pulqueros.<\/p>\n<p>Para este gran evento, diferentes bandas dar\u00e1n a conocer sus proyectos musicales.<\/p>\n<p>La Feria del Pulque tendr\u00e1 lugar ma\u00f1ana s\u00e1bado 18 y el domingo 19 de noviembre en la explanada de Tlatelolco en Flores Mag\u00f3n 44. La entrada es libre, s\u00f3lo deber\u00e1s registrarte en: <a href=\"https:\/\/fiestadelpulque.boletia.com\" target=\"_blank\" rel=\"noopener\">https:\/\/fiestadelpulque.boletia.com<\/a><\/p>\n<p>\u2730\u2730\u2730\u2730\u2730 <em>Copa Airlines<\/em> anunci\u00f3 su nuevo vuelo directo entre la Ciudad de Panam\u00e1 y Mendoza, en Argentina, el cual inici\u00f3 operaciones el pasado mi\u00e9rcoles 15 de noviembre, con cuatro frecuencias semanales entre ambas ciudades, fortaleci\u00e9ndose de forma importante la conectividad de la Argentina con el resto del Continente.<\/p>\n<p><strong>Pedro Heilbron<\/strong>, presidente ejecutivo de la l\u00ednea a\u00e9rea indic\u00f3: \u201ccon la apertura de la ruta hacia Mendoza, iniciamos un nuevo cap\u00edtulo en la conectividad de la Argentina con las Am\u00e9ricas. Desde hace 18 a\u00f1os servimos a este importante pa\u00eds, conectando con el resto del Continente, a trav\u00e9s de nuestro <em>Hub<\/em> de las Am\u00e9ricas, a Buenos Aires, C\u00f3rdoba, Rosario y, ahora, a Mendoza, abriendo cuatro puertas de entrada para el desarrollo tur\u00edstico, econ\u00f3mico y para la generaci\u00f3n de empleo en Argentina\u201d.<\/p>\n<p><em><a href=\"mailto:victoriagprado@gmail.com\" target=\"_blank\" rel=\"noopener noreferrer\">victoriagprado@gmail.com<\/a><\/em><br \/>\n<em> Twitter: <a href=\"https:\/\/twitter.com\/victoriagprado\" target=\"_blank\" rel=\"noopener noreferrer\">@victoriagprado<\/a><\/em><\/p>\n","protected":false},"excerpt":{"rendered":"<p>Hoy viernes, ser\u00e1 inaugurada la cuarta versi\u00f3n de la Feria Nacional de los Pueblos M\u00e1gicos, que reunir\u00e1 a los 111 existentes a la fecha. Cintermex es la sede de la reuni\u00f3n en la que por primera vez las agencias de viajes locales vender\u00e1n paquetes a los distintos destinos, con la intenci\u00f3n de que cada vez m\u00e1s personas conozcan los atractivos que ofrecen.<\/p>\n","protected":false},"author":3,"featured_media":353810,"comment_status":"open","ping_status":"open","sticky":false,"template":"","format":"standard","meta":{"_monsterinsights_skip_tracking":false,"_monsterinsights_sitenote_active":false,"_monsterinsights_sitenote_note":"","_monsterinsights_sitenote_category":0,"footnotes":""},"categories":[11],"tags":[107,43674,43681,106],"class_list":["post-353742","post","type-post","status-publish","format-standard","has-post-thumbnail","hentry","category-turismo","tag-de-cinco-estrellas","tag-opinion","tag-turismo","tag-victoria-gonzalez-prado"],"_links":{"self":[{"href":"https:\/\/www.diarioimagen.net\/index.php?rest_route=\/wp\/v2\/posts\/353742","targetHints":{"allow":["GET"]}}],"collection":[{"href":"https:\/\/www.diarioimagen.net\/index.php?rest_route=\/wp\/v2\/posts"}],"about":[{"href":"https:\/\/www.diarioimagen.net\/index.php?rest_route=\/wp\/v2\/types\/post"}],"author":[{"embeddable":true,"href":"https:\/\/www.diarioimagen.net\/index.php?rest_route=\/wp\/v2\/users\/3"}],"replies":[{"embeddable":true,"href":"https:\/\/www.diarioimagen.net\/index.php?rest_route=%2Fwp%2Fv2%2Fcomments&post=353742"}],"version-history":[{"count":0,"href":"https:\/\/www.diarioimagen.net\/index.php?rest_route=\/wp\/v2\/posts\/353742\/revisions"}],"wp:featuredmedia":[{"embeddable":true,"href":"https:\/\/www.diarioimagen.net\/index.php?rest_route=\/wp\/v2\/media\/353810"}],"wp:attachment":[{"href":"https:\/\/www.diarioimagen.net\/index.php?rest_route=%2Fwp%2Fv2%2Fmedia&parent=353742"}],"wp:term":[{"taxonomy":"category","embeddable":true,"href":"https:\/\/www.diarioimagen.net\/index.php?rest_route=%2Fwp%2Fv2%2Fcategories&post=353742"},{"taxonomy":"post_tag","embeddable":true,"href":"https:\/\/www.diarioimagen.net\/index.php?rest_route=%2Fwp%2Fv2%2Ftags&post=353742"}],"curies":[{"name":"wp","href":"https:\/\/api.w.org\/{rel}","templated":true}]}}