{"id":353774,"date":"2017-11-17T00:08:30","date_gmt":"2017-11-17T06:08:30","guid":{"rendered":"http:\/\/www.diarioimagen.net\/?p=353774"},"modified":"2017-11-17T04:19:15","modified_gmt":"2017-11-17T10:19:15","slug":"impunidad-5","status":"publish","type":"post","link":"https:\/\/www.diarioimagen.net\/?p=353774","title":{"rendered":"Impunidad"},"content":{"rendered":"<h2>Punto por punto<\/h2>\n<h5>Augusto Corro<\/h5>\n<p>&nbsp;<\/p>\n<div id=\"attachment_353819\" style=\"width: 470px\" class=\"wp-caption aligncenter\"><a href=\"http:\/\/www.diarioimagen.net\/?attachment_id=353819\" rel=\"attachment wp-att-353819\"><img loading=\"lazy\" decoding=\"async\" aria-describedby=\"caption-attachment-353819\" class=\"size-large wp-image-353819\" src=\"http:\/\/www.diarioimagen.net\/wp-content\/uploads\/2017\/11\/por-su-ardua-labor-MARAL-3253-460x356.jpg\" alt=\"\" width=\"460\" height=\"356\" srcset=\"https:\/\/www.diarioimagen.net\/wp-content\/uploads\/2017\/11\/por-su-ardua-labor-MARAL-3253-460x356.jpg 460w, https:\/\/www.diarioimagen.net\/wp-content\/uploads\/2017\/11\/por-su-ardua-labor-MARAL-3253-240x186.jpg 240w, https:\/\/www.diarioimagen.net\/wp-content\/uploads\/2017\/11\/por-su-ardua-labor-MARAL-3253-768x594.jpg 768w, https:\/\/www.diarioimagen.net\/wp-content\/uploads\/2017\/11\/por-su-ardua-labor-MARAL-3253.jpg 1200w\" sizes=\"auto, (max-width: 460px) 100vw, 460px\" \/><\/a><p id=\"caption-attachment-353819\" class=\"wp-caption-text\">Por su ardua labor&#8230; | Maral<\/p><\/div>\n<p>&nbsp;<\/p>\n<p>El asesinato del periodista Javier Valdez C\u00e1rdenas podr\u00eda sumarse a la lista de casos sin resolver. No es nuevo. En M\u00e9xico, durante los \u00faltimos diez a\u00f1os, m\u00e1s de cien comunicadores fueron ultimados y a sus verdugos nunca los llevaron ante la justicia. En algunos casos ni siquiera existi\u00f3 el menor intento de las autoridades por aclarar esos homicidios.<\/p>\n<p>El 15 de mayo pasado, varios sujetos mataron a Valdez C\u00e1rdenas. El fiscal general de Sinaloa, prometi\u00f3 resolver el crimen en seis meses. Ya transcurri\u00f3 el tiempo y nada se sabe de las pesquisas, menos de los homicidas. Al rato se olvida el asunto y se cae en la impunidad.<\/p>\n<p>\u00bfAlguien sabe algo sobre la l\u00ednea de investigaci\u00f3n que siguen las autoridades? No. Ni ellas la tienen. Todo mundo sabe que en aquella entidad existe una presencia determinante de la narcodelincuencia, que hace m\u00e1s compleja la lucha contra la violencia y la corrupci\u00f3n.<\/p>\n<p>Los periodistas son una amenaza para los proyectos de los narcos; tambi\u00e9n para los aprendices de dictador porque no les agrada que publiquen sus verdades.<\/p>\n<p>La lista de comunicadores asesinados es larga y la justicia no llega. Por ah\u00ed andan grupos de defensores de periodistas, que mejor ser\u00eda que no intervinieran. Nadie los toma en cuenta.<\/p>\n<p>Los asesinatos de los representantes de los medios ocurren en diferentes estados. En todos ellos la conducta de las autoridades es la misma: indiferencia total en las investigaciones.<\/p>\n<p>\u00bfA alguien le importa que M\u00e9xico sea calificado entre los primeros lugares como un pa\u00eds muy peligroso para el ejercicio del periodismo? \u00bfUsted qu\u00e9 opina amable lector?<\/p>\n<p style=\"text-align: center;\"><strong>MUEVE A RISA<\/strong><\/p>\n<p>En la plataforma electoral 2018 del Frente Ciudadano por M\u00e9xico (FCM) se plantear\u00e1 la \u201cmuerte civil\u201d para funcionarios y empresarios corruptos, seg\u00fan trascendi\u00f3.<\/p>\n<p>Ya explicado, entendemos que \u201clos funcionarios p\u00fablicos y empresas privadas que hayan sido condenadas por actos de corrupci\u00f3n sean inhabilitadas para desempe\u00f1ar cargos p\u00fablicos o para participar en la contrataci\u00f3n de compras y de obras gubernamentales, esto mediante un Registro P\u00fablico\u00a0 de Funcionarios y Empresarios Sancionados e Inhabilitados\u201d.<\/p>\n<p>Suena muy bonito ese proyecto de los frentistas. S\u00f3lo que de aplicarse, unos cuantos sobrevivir\u00e1n a esa acci\u00f3n civil. El que est\u00e9 limpio de culpa que arroje la primera piedra. \u00bfPodr\u00e1n hacerlo los dirigentes del PAN y del PRD, Ricardo Anaya y Alejandra Barrales? Porque en \u00faltimas fechas, sus nombres estuvieron relacionados con el tema del enriquecimiento inexplicable. Al primero hasta le aplicaron el sobrenombre de \u201cEl Nopal\u201d, porque cada vez se le encuentran m\u00e1s propiedades.<\/p>\n<p>Sus adversarios pol\u00edticos, se\u00f1alaron que Anaya se volvi\u00f3 un hombre rico cuando lleg\u00f3 a la pol\u00edtica. Ahora es propietario de bienes inmuebles por varios millones de pesos; adem\u00e1s de llevar una vida sin restricciones econ\u00f3micas, con posibilidades de tener varias casas, una en Estados Unidos y otras en M\u00e9xico.<\/p>\n<p>Lo mismo se dijo de Alejandra Barrales, la mujer que empez\u00f3 su carrera pol\u00edtica con un sentido profundo del ahorro, que le permiti\u00f3 comprar un departamento en Miami y una casa en la zona residencial de Las Lomas de Chapultepec.<\/p>\n<p>Anaya y Barrales son los ejes del FCM que buscar\u00e1 la \u201cmuerte civil\u201d de los corruptos. \u00bfA ellos quien los juzgar\u00e1 y dictaminar\u00e1 sobre sus riquezas\u201d. El hecho es que la citada plataforma pol\u00edtica estar\u00e1 llena de promesas, que para empezar, los interesados tienen que ganar las elecciones y sentarse en la silla del poder.<\/p>\n<p style=\"text-align: center;\"><strong>ENVIDIA<\/strong><\/p>\n<p>Los senadores, esos esforzados patriotas, contin\u00faan con sus puentes. Esta vez se ir\u00e1n de descanso a partir de hoy viernes y regresar\u00e1n el 21 de noviembre. Podr\u00e1n realizar sin agobios las compras de \u201cEl Buen Fin\u201d. Porque es seguro que no se acordar\u00e1n de festejar el inicio de la llamada Revoluci\u00f3n Mexicana.<\/p>\n<p>Lo anterior, viene a cuento, porque los legisladores de la tambi\u00e9n llamada C\u00e1mara alta dejar\u00e1n pendientes \u201cel nombramiento del titular de la Fiscal\u00eda Especializada para la Atenci\u00f3n de los Delitos Electorales (Fepade), del fiscal general de la Rep\u00fablica y del fiscal Anticorrupci\u00f3n\u201d.<\/p>\n<p>Esa actitud de los senadores es una pr\u00e1ctica com\u00fan. Si bien es cierto que tienen una carga de trabajo durante el a\u00f1o, es en los dos \u00faltimos meses cuando, presionados por el tiempo, aprueban las leyes al vapor, sobre las rodillas.<\/p>\n<p>No es raro pues, que en cuento regresen los legisladores, las sesiones terminen a altas horas de la noche con el signo propio de la rapidez y del \u201cah\u00ed se va\u201d.<\/p>\n<p style=\"text-align: right;\"><em><strong>Feliz fin de semana.<\/strong><\/em><\/p>\n<p><em><a href=\"mailto:aco2742@hotmail.com\" target=\"_blank\" rel=\"noopener noreferrer\">aco2742@hotmail.com<\/a><\/em><\/p>\n","protected":false},"excerpt":{"rendered":"<p><span style=\"color: #005497;\"><strong>Augusto Corro<\/strong><\/span><br \/>\n<br \/>\nEl asesinato del periodista Javier Valdez C\u00e1rdenas podr\u00eda sumarse a la lista de casos sin resolver. No es nuevo. En M\u00e9xico, durante los \u00faltimos diez a\u00f1os, m\u00e1s de cien comunicadores fueron ultimados y a sus verdugos nunca los llevaron ante la justicia. En algunos casos ni siquiera existi\u00f3 el menor intento de las autoridades por aclarar esos homicidios.<\/p>\n","protected":false},"author":3,"featured_media":353819,"comment_status":"open","ping_status":"open","sticky":false,"template":"","format":"standard","meta":{"_monsterinsights_skip_tracking":false,"_monsterinsights_sitenote_active":false,"_monsterinsights_sitenote_note":"","_monsterinsights_sitenote_category":0,"footnotes":""},"categories":[157],"tags":[43686,43674,11515],"class_list":["post-353774","post","type-post","status-publish","format-standard","has-post-thumbnail","hentry","category-augusto-corro","tag-augusto-corro","tag-opinion","tag-punto-por-punto"],"_links":{"self":[{"href":"https:\/\/www.diarioimagen.net\/index.php?rest_route=\/wp\/v2\/posts\/353774","targetHints":{"allow":["GET"]}}],"collection":[{"href":"https:\/\/www.diarioimagen.net\/index.php?rest_route=\/wp\/v2\/posts"}],"about":[{"href":"https:\/\/www.diarioimagen.net\/index.php?rest_route=\/wp\/v2\/types\/post"}],"author":[{"embeddable":true,"href":"https:\/\/www.diarioimagen.net\/index.php?rest_route=\/wp\/v2\/users\/3"}],"replies":[{"embeddable":true,"href":"https:\/\/www.diarioimagen.net\/index.php?rest_route=%2Fwp%2Fv2%2Fcomments&post=353774"}],"version-history":[{"count":0,"href":"https:\/\/www.diarioimagen.net\/index.php?rest_route=\/wp\/v2\/posts\/353774\/revisions"}],"wp:featuredmedia":[{"embeddable":true,"href":"https:\/\/www.diarioimagen.net\/index.php?rest_route=\/wp\/v2\/media\/353819"}],"wp:attachment":[{"href":"https:\/\/www.diarioimagen.net\/index.php?rest_route=%2Fwp%2Fv2%2Fmedia&parent=353774"}],"wp:term":[{"taxonomy":"category","embeddable":true,"href":"https:\/\/www.diarioimagen.net\/index.php?rest_route=%2Fwp%2Fv2%2Fcategories&post=353774"},{"taxonomy":"post_tag","embeddable":true,"href":"https:\/\/www.diarioimagen.net\/index.php?rest_route=%2Fwp%2Fv2%2Ftags&post=353774"}],"curies":[{"name":"wp","href":"https:\/\/api.w.org\/{rel}","templated":true}]}}