{"id":353871,"date":"2017-11-20T00:11:34","date_gmt":"2017-11-20T06:11:34","guid":{"rendered":"http:\/\/www.diarioimagen.net\/?p=353871"},"modified":"2017-11-20T02:32:58","modified_gmt":"2017-11-20T08:32:58","slug":"promueven-preservacion-animal","status":"publish","type":"post","link":"https:\/\/www.diarioimagen.net\/?p=353871","title":{"rendered":"Promueven preservaci\u00f3n animal"},"content":{"rendered":"<h2>Arco Norte<\/h2>\n<h5>Jos\u00e9 Luis Monta\u00f1ez Aguilar<\/h5>\n<p>&nbsp;<\/p>\n<p><a href=\"http:\/\/www.diarioimagen.net\/?attachment_id=353908\" rel=\"attachment wp-att-353908\"><img loading=\"lazy\" decoding=\"async\" class=\"aligncenter size-large wp-image-353908\" src=\"http:\/\/www.diarioimagen.net\/wp-content\/uploads\/2017\/11\/arco-3254-460x259.jpg\" alt=\"\" width=\"460\" height=\"259\" srcset=\"https:\/\/www.diarioimagen.net\/wp-content\/uploads\/2017\/11\/arco-3254-460x259.jpg 460w, https:\/\/www.diarioimagen.net\/wp-content\/uploads\/2017\/11\/arco-3254-240x135.jpg 240w, https:\/\/www.diarioimagen.net\/wp-content\/uploads\/2017\/11\/arco-3254-235x132.jpg 235w, https:\/\/www.diarioimagen.net\/wp-content\/uploads\/2017\/11\/arco-3254-202x114.jpg 202w, https:\/\/www.diarioimagen.net\/wp-content\/uploads\/2017\/11\/arco-3254-350x196.jpg 350w, https:\/\/www.diarioimagen.net\/wp-content\/uploads\/2017\/11\/arco-3254-220x123.jpg 220w, https:\/\/www.diarioimagen.net\/wp-content\/uploads\/2017\/11\/arco-3254-237x132.jpg 237w, https:\/\/www.diarioimagen.net\/wp-content\/uploads\/2017\/11\/arco-3254.jpg 480w\" sizes=\"auto, (max-width: 460px) 100vw, 460px\" \/><\/a><\/p>\n<p>&nbsp;<\/p>\n<p>El gobernador Alfredo Del Mazo Maza inaugur\u00f3 el Centro de Conservaci\u00f3n de Especies Mexicana y la modernizaci\u00f3n del Parque El Ocotal, espacios para promover la preservaci\u00f3n animal, ofertar un \u00e1rea para la\u00a0 educaci\u00f3n ambiental y la recreaci\u00f3n de los visitantes.<\/p>\n<p>Con una inversi\u00f3n de m\u00e1s de 18 millones de pesos para su rehabilitaci\u00f3n, este parque cuenta ahora con la infraestructura necesaria para preservar y reproducir especies end\u00e9micas de la regi\u00f3n de M\u00e9xico y Estados Unidos. Acompa\u00f1ado por el secretario del Medio Ambiente, Jorge Rescala P\u00e9rez, el mandatario estatal reconoci\u00f3 el trabajo de la Comisi\u00f3n Estatal de Parques Naturales y de la Fauna (CEPANAF), que administra 14 parques estatales, incluido El Ocotal, por haber obtenido diversos premios de la Asociaci\u00f3n de Zool\u00f3gicos, Criaderos y Acuarios de M\u00e9xico.<\/p>\n<p>Con una superficie de 122 hect\u00e1reas, este complejo cuenta ahora con cl\u00ednica veterinaria y \u00e1reas para cirug\u00eda, donde se da atenci\u00f3n a las especies albergadas, entre ellas, el jaguar mel\u00e1nico, coat\u00ed, lince rojo, coyote, lobo canadiense, mono ara\u00f1a manos negras, ant\u00edlope rojo, bisonte americano,\u00a0 venado cola blanca, pecar\u00ed de collar y leones.<\/p>\n<p>En total, el parque alberga a 143 ejemplares de 16 especies, algunas de ellas ex\u00f3ticas, como el le\u00f3n africano, y el objetivo del lugar es enfocarlo progresivamente a la conservaci\u00f3n y reproducci\u00f3n de otras especies .<\/p>\n<p style=\"text-align: center;\"><strong>\u201cBuen Fin\u201d dejar\u00e1 una derrama de 10 mil mdp en Edomex<\/strong><\/p>\n<p>\u00a0Para la edici\u00f3n del \u201cBuen Fin\u201d, en el Estado de M\u00e9xico se espera una derrama econ\u00f3mica de 10 mil millones de pesos, ya que m\u00e1s del 60 por ciento de las transacciones se hacen por medios electr\u00f3nicos, gracias a los est\u00edmulos fiscales como la loter\u00eda fiscal, con la cual se premian aquellas operaciones realizadas durante esta campa\u00f1a, inform\u00f3 Alejandra Del Moral, secretaria de Desarrollo Econ\u00f3mico.<\/p>\n<p>Durante la apertura de esta campa\u00f1a que se realiz\u00f3 el fin de semana, mencion\u00f3 que la Procuradur\u00eda Federal del Consumidor (PROFECO) ser\u00e1 la instancia garante de que los precios de descuento sean efectivos, ya que los monitorea en forma permanente, a fin de garantizarlos. Alejandra Del Moral mencion\u00f3 que para la entidad el \u201cBuen Fin\u201d significa una revitalizaci\u00f3n de la econom\u00eda.<\/p>\n<p><em><a href=\"mailto:montanezaguilar@gmail.com\" target=\"_blank\" rel=\"noopener noreferrer\">montanezaguilar@gmail.com<\/a><\/em><\/p>\n","protected":false},"excerpt":{"rendered":"<p><span style=\"color: #005497;\">Jos\u00e9 Luis Monta\u00f1ez Aguilar<\/span><br \/>\n<br \/>\nEl gobernador Alfredo Del Mazo Maza inaugur\u00f3 el Centro de Conservaci\u00f3n de Especies Mexicana y la modernizaci\u00f3n del Parque El Ocotal, espacios para promover la preservaci\u00f3n animal, ofertar un \u00e1rea para la  educaci\u00f3n ambiental y la recreaci\u00f3n de los visitantes.<\/p>\n","protected":false},"author":3,"featured_media":353908,"comment_status":"open","ping_status":"open","sticky":false,"template":"","format":"standard","meta":{"_monsterinsights_skip_tracking":false,"_monsterinsights_sitenote_active":false,"_monsterinsights_sitenote_note":"","_monsterinsights_sitenote_category":0,"footnotes":""},"categories":[5],"tags":[13284,43704,43674],"class_list":["post-353871","post","type-post","status-publish","format-standard","has-post-thumbnail","hentry","category-estado-de-mexico","tag-arco-norte","tag-jose-luis-montanez-aguilar","tag-opinion"],"_links":{"self":[{"href":"https:\/\/www.diarioimagen.net\/index.php?rest_route=\/wp\/v2\/posts\/353871","targetHints":{"allow":["GET"]}}],"collection":[{"href":"https:\/\/www.diarioimagen.net\/index.php?rest_route=\/wp\/v2\/posts"}],"about":[{"href":"https:\/\/www.diarioimagen.net\/index.php?rest_route=\/wp\/v2\/types\/post"}],"author":[{"embeddable":true,"href":"https:\/\/www.diarioimagen.net\/index.php?rest_route=\/wp\/v2\/users\/3"}],"replies":[{"embeddable":true,"href":"https:\/\/www.diarioimagen.net\/index.php?rest_route=%2Fwp%2Fv2%2Fcomments&post=353871"}],"version-history":[{"count":0,"href":"https:\/\/www.diarioimagen.net\/index.php?rest_route=\/wp\/v2\/posts\/353871\/revisions"}],"wp:featuredmedia":[{"embeddable":true,"href":"https:\/\/www.diarioimagen.net\/index.php?rest_route=\/wp\/v2\/media\/353908"}],"wp:attachment":[{"href":"https:\/\/www.diarioimagen.net\/index.php?rest_route=%2Fwp%2Fv2%2Fmedia&parent=353871"}],"wp:term":[{"taxonomy":"category","embeddable":true,"href":"https:\/\/www.diarioimagen.net\/index.php?rest_route=%2Fwp%2Fv2%2Fcategories&post=353871"},{"taxonomy":"post_tag","embeddable":true,"href":"https:\/\/www.diarioimagen.net\/index.php?rest_route=%2Fwp%2Fv2%2Ftags&post=353871"}],"curies":[{"name":"wp","href":"https:\/\/api.w.org\/{rel}","templated":true}]}}