{"id":353891,"date":"2017-11-20T00:13:48","date_gmt":"2017-11-20T06:13:48","guid":{"rendered":"http:\/\/www.diarioimagen.net\/?p=353891"},"modified":"2017-11-20T02:24:26","modified_gmt":"2017-11-20T08:24:26","slug":"las-goteras-vip-seguiran-en-prision-por-delito-de-robo","status":"publish","type":"post","link":"https:\/\/www.diarioimagen.net\/?p=353891","title":{"rendered":"<em>Las Goteras VIP<\/em> seguir\u00e1n en prisi\u00f3n por delito de robo"},"content":{"rendered":"<ul>\n<li><strong><em>Ejecutaron nuevas \u00f3rdenes de aprehensi\u00f3n<\/em><\/strong><\/li>\n<\/ul>\n<p>&nbsp;<\/p>\n<div id=\"attachment_353755\" style=\"width: 470px\" class=\"wp-caption aligncenter\"><a href=\"http:\/\/www.diarioimagen.net\/?attachment_id=353755\" rel=\"attachment wp-att-353755\"><img loading=\"lazy\" decoding=\"async\" aria-describedby=\"caption-attachment-353755\" class=\"wp-image-353755 size-large\" src=\"http:\/\/www.diarioimagen.net\/wp-content\/uploads\/2017\/11\/goteras-3253-460x259.jpg\" alt=\"\" width=\"460\" height=\"259\" srcset=\"https:\/\/www.diarioimagen.net\/wp-content\/uploads\/2017\/11\/goteras-3253-460x259.jpg 460w, https:\/\/www.diarioimagen.net\/wp-content\/uploads\/2017\/11\/goteras-3253-240x135.jpg 240w, https:\/\/www.diarioimagen.net\/wp-content\/uploads\/2017\/11\/goteras-3253-235x132.jpg 235w, https:\/\/www.diarioimagen.net\/wp-content\/uploads\/2017\/11\/goteras-3253-202x114.jpg 202w, https:\/\/www.diarioimagen.net\/wp-content\/uploads\/2017\/11\/goteras-3253-350x196.jpg 350w, https:\/\/www.diarioimagen.net\/wp-content\/uploads\/2017\/11\/goteras-3253-220x123.jpg 220w, https:\/\/www.diarioimagen.net\/wp-content\/uploads\/2017\/11\/goteras-3253-237x132.jpg 237w, https:\/\/www.diarioimagen.net\/wp-content\/uploads\/2017\/11\/goteras-3253.jpg 480w\" sizes=\"auto, (max-width: 460px) 100vw, 460px\" \/><\/a><p id=\"caption-attachment-353755\" class=\"wp-caption-text\"><em>Las Goteras<\/em> se mantienen en prisi\u00f3n debido a que la Polic\u00eda de Investigaci\u00f3n ejecut\u00f3nuevas\u00a0 \u00f3rdenes de aprehensi\u00f3n.<\/p><\/div>\n<p>&nbsp;<\/p>\n<p>Pese a que un juez de control dej\u00f3 en libertad a <em>Las Goteras VIP<\/em>, \u00e9stas se mantienen en prisi\u00f3n debido a que elementos de la Polic\u00eda de Investigaci\u00f3n de la Procuradur\u00eda General de Justicia de la Ciudad de M\u00e9xico (PGJ) ejecutaron \u00f3rdenes de aprehensi\u00f3n ahora por el delito de robo.<\/p>\n<p>La PGJ capitalina precis\u00f3 que las tres mujeres detenidas por colocar medicamentos en las bebidas de las v\u00edctimas para dormirlos se encuentran internas en el Centro Femenil de Reinserci\u00f3n de Santa Martha Acatitla, mientras que su c\u00f3mplice est\u00e1 en el Reclusorio Preventivo Sur.<\/p>\n<p>De acuerdo con el expediente, los integrantes del grupo delictivo ingresaron en un principio a prisi\u00f3n por delitos contra la salud y cohecho, por lo que al estar frente al juez de control, \u00e9ste orden\u00f3 su libertad por tratarse de delitos que no ameritan la prisi\u00f3n preventiva oficiosa.<\/p>\n<p>Sin embargo, el Ministerio P\u00fablico solicit\u00f3 \u00f3rdenes de aprehensi\u00f3n por el delito de robo basado en el testimonio de un hombre que las reconoci\u00f3 como las personas que lo contactaron a trav\u00e9s de la red social Tinder con el \u00fanico fin de robar sus pertenencias convenci\u00e9ndolo de invitarlas a su departamento y una vez ah\u00ed le suministraron medicamentos en su bebida el cual le hizo perder el conocimiento.<\/p>\n<p>Al despertar, la v\u00edctima descubri\u00f3 el robo de diversos aparatos el\u00e9ctricos que lo llevaron a presentar la denuncia por robo a casa habitaci\u00f3n.<\/p>\n","protected":false},"excerpt":{"rendered":"<p>Pese a que un juez de control dej\u00f3 en libertad a \u00abLas Goteras VIP\u00bb, \u00e9stas se mantienen en prisi\u00f3n debido a que elementos de la Polic\u00eda de Investigaci\u00f3n de la Procuradur\u00eda General de Justicia de la Ciudad de M\u00e9xico (PGJ) ejecutaron \u00f3rdenes de aprehensi\u00f3n ahora por el delito de robo.<\/p>\n","protected":false},"author":3,"featured_media":353755,"comment_status":"open","ping_status":"open","sticky":false,"template":"","format":"standard","meta":{"_monsterinsights_skip_tracking":false,"_monsterinsights_sitenote_active":false,"_monsterinsights_sitenote_note":"","_monsterinsights_sitenote_category":0,"footnotes":""},"categories":[7],"tags":[13206,67880,13955,324,43677],"class_list":["post-353891","post","type-post","status-publish","format-standard","has-post-thumbnail","hentry","category-seguridad","tag-carcel","tag-las-goteras-vip","tag-robo","tag-santa-martha-acatitla","tag-seguridad"],"_links":{"self":[{"href":"https:\/\/www.diarioimagen.net\/index.php?rest_route=\/wp\/v2\/posts\/353891","targetHints":{"allow":["GET"]}}],"collection":[{"href":"https:\/\/www.diarioimagen.net\/index.php?rest_route=\/wp\/v2\/posts"}],"about":[{"href":"https:\/\/www.diarioimagen.net\/index.php?rest_route=\/wp\/v2\/types\/post"}],"author":[{"embeddable":true,"href":"https:\/\/www.diarioimagen.net\/index.php?rest_route=\/wp\/v2\/users\/3"}],"replies":[{"embeddable":true,"href":"https:\/\/www.diarioimagen.net\/index.php?rest_route=%2Fwp%2Fv2%2Fcomments&post=353891"}],"version-history":[{"count":0,"href":"https:\/\/www.diarioimagen.net\/index.php?rest_route=\/wp\/v2\/posts\/353891\/revisions"}],"wp:featuredmedia":[{"embeddable":true,"href":"https:\/\/www.diarioimagen.net\/index.php?rest_route=\/wp\/v2\/media\/353755"}],"wp:attachment":[{"href":"https:\/\/www.diarioimagen.net\/index.php?rest_route=%2Fwp%2Fv2%2Fmedia&parent=353891"}],"wp:term":[{"taxonomy":"category","embeddable":true,"href":"https:\/\/www.diarioimagen.net\/index.php?rest_route=%2Fwp%2Fv2%2Fcategories&post=353891"},{"taxonomy":"post_tag","embeddable":true,"href":"https:\/\/www.diarioimagen.net\/index.php?rest_route=%2Fwp%2Fv2%2Ftags&post=353891"}],"curies":[{"name":"wp","href":"https:\/\/api.w.org\/{rel}","templated":true}]}}