{"id":354003,"date":"2017-11-20T00:11:01","date_gmt":"2017-11-20T06:11:01","guid":{"rendered":"http:\/\/www.diarioimagen.net\/?p=354003"},"modified":"2017-11-20T04:41:16","modified_gmt":"2017-11-20T10:41:16","slug":"consejeros-de-pan-prd-y-mc-aprueban-el-frente","status":"publish","type":"post","link":"https:\/\/www.diarioimagen.net\/?p=354003","title":{"rendered":"Consejeros de PAN, PRD y MC aprueban el Frente"},"content":{"rendered":"<h2>Tras la puerta del poder<\/h2>\n<h5>Roberto Vizca\u00edno<\/h5>\n<p>&nbsp;<\/p>\n<div id=\"attachment_354062\" style=\"width: 470px\" class=\"wp-caption aligncenter\"><a href=\"http:\/\/www.diarioimagen.net\/?attachment_id=354062\" rel=\"attachment wp-att-354062\"><img loading=\"lazy\" decoding=\"async\" aria-describedby=\"caption-attachment-354062\" class=\"size-large wp-image-354062\" src=\"http:\/\/www.diarioimagen.net\/wp-content\/uploads\/2017\/11\/viva-la-revolucion-MARAL-3254-460x321.jpg\" alt=\"\" width=\"460\" height=\"321\" srcset=\"https:\/\/www.diarioimagen.net\/wp-content\/uploads\/2017\/11\/viva-la-revolucion-MARAL-3254-460x321.jpg 460w, https:\/\/www.diarioimagen.net\/wp-content\/uploads\/2017\/11\/viva-la-revolucion-MARAL-3254-240x168.jpg 240w, https:\/\/www.diarioimagen.net\/wp-content\/uploads\/2017\/11\/viva-la-revolucion-MARAL-3254-768x536.jpg 768w, https:\/\/www.diarioimagen.net\/wp-content\/uploads\/2017\/11\/viva-la-revolucion-MARAL-3254.jpg 1200w\" sizes=\"auto, (max-width: 460px) 100vw, 460px\" \/><\/a><p id=\"caption-attachment-354062\" class=\"wp-caption-text\">\u00bfViva la Revoluci\u00f3n..? | Maral<\/p><\/div>\n<p>&nbsp;<\/p>\n<p>El siguiente paso es registrarlo formalmente en las siguientes horas ante el INE.<\/p>\n<p>Y luego definir, en los siguientes d\u00edas, el m\u00e9todo de selecci\u00f3n del candidato presidencial y del resto de las postulaciones a miles de cargos de elecci\u00f3n para el proceso del 1 de julio de 2018.<\/p>\n<p>A partir de hoy todo ser\u00e1 un tobog\u00e1n que acelerar\u00e1 todas las defunciones y hasta el registro de candidatos entre febrero y marzo de 2018 para iniciar campa\u00f1as en abril y mayo.<\/p>\n<p>El s\u00e1bado los consejeros de PAN y MC no necesitaron mucho tiempo para decidir. En un par de horas, ambos Consejos aprobaron la inscripci\u00f3n de sus respectivos partidos en el Frente Ciudadano.<\/p>\n<p>En PAN y MC oper\u00f3 el control sin fisuras. As\u00ed se dio un paso esencial para la integraci\u00f3n formal del Frente.<\/p>\n<p>Un Frente donde el \u00fanico prospecto real para la candidatura presidencial es la de <strong>Ricardo Anaya.<\/strong><\/p>\n<p>La alianza trastabill\u00f3 durante el Consejo del PRD, donde <strong>Anaya<\/strong> no s\u00f3lo fue abucheado y cuestionado, sino que tuvo que extenderse hasta ayer para poder llegar a acuerdos internos con las tribus <strong>Alternativa Democr\u00e1tica Nacional, <\/strong>ADN, del mexiquense H\u00e9ctor Bautista y con <strong>Vanguardia Progresista, que lidera H\u00e9ctor Serrano, representante de<\/strong> Miguel \u00c1ngel Mancera que se oponen entregar esa candidatura al PAN y en especial al queretano.<\/p>\n<p><strong>Bautista<\/strong> y <strong>Serrano <\/strong>exigieron a <strong>Alejandra Barrales<\/strong> y al resto de la dirigencia del PRD, la aplicaci\u00f3n de un m\u00e9todo democr\u00e1tico abierto y auditable para definir la designaci\u00f3n del candidato presidencial.<\/p>\n<p>O de lo contrario ir a la selecci\u00f3n del \u201cmejor posicionado por el electorado\u201d.<\/p>\n<p>A sus exigencias sumaron abrir el proceso de selecci\u00f3n a precandidatos ciudadanos &#8211;en una obvia referencia a <strong>Miguel Mancera-<\/strong>-, en un esquema que involucrara adem\u00e1s a los aspirantes a las 8 gubernaturas y la Jefatura de Gobierno de la CDMX, al Senado, C\u00e1mara de Diputados federales, diputados locales, alcald\u00edas y regidur\u00edas.<\/p>\n<p><strong>\u201cEn caso de no satisfacer estas condiciones, el PRD est\u00e1 obligado a examinar seriamente la posibilidad de participar solo <\/strong>y hacer un llamado a la alianza de las izquierdas\u201d, indic\u00f3 Bautista.<\/p>\n<p>La exigencia fue apoyada de inmediato por Vanguardia Progresista de H\u00e9ctor Serrano y todo se empantan\u00f3. El Consejo del PRD se ator\u00f3 y surgi\u00f3 la amenaza del rompimiento del Frente&#8230; y del fracaso de la candidatura de Ricardo Anaya<\/p>\n<p>El Consejo se pospuso para el domingo y finalmente ayer, ya con caras sonrientes, todo qued\u00f3 arreglado.<\/p>\n<p>Evidentemente no existe una versi\u00f3n oficial del arreglo, pero se dice que anoche mismo <strong>Anaya<\/strong> y <strong>Dante Delgado<\/strong> aceptaron respetar las posiciones que exige <strong>Bautista<\/strong> en el centro del pa\u00eds, especialmente en el Estado de M\u00e9xico.<\/p>\n<p>Es simple: en esas posiciones PAN y MC no intentar\u00e1n impulsar candidatos reales.<\/p>\n<p>\u00abAhora vamos a una tercera etapa de convenio, m\u00e9todos y candidatos\u00bb, dijo aliviada <strong>Alejandra Barrales<\/strong> quien deber\u00e1 irse de la dirigencia del PRD por instrucciones del Tribunal Electoral, antes del 9 de diciembre.<\/p>\n<p>La senadora regresar\u00e1 al Senado para cerrar la \u00faltima semana de sesiones y para, desde ah\u00ed, operar como coordinadora y enlace en el Frente.<\/p>\n<p>Y por supuesto buscar la nominaci\u00f3n a la Jefatura de Gobierno de la CDMX.<\/p>\n<p>&nbsp;<\/p>\n<p><strong>No amainan la guerra<\/strong><\/p>\n<p>Donde los panistas de <strong>Ricardo Anaya <\/strong>no est\u00e1n dispuestos a dar un respiro al PRI ni al gobierno del presidente <strong>Enrique Pe\u00f1a Nieto<\/strong>, es en el Senado.<\/p>\n<p>Ah\u00ed el grupo blanquiazul que comanda el aguascalentense <strong>Fernando Herrera<\/strong> llegar\u00e1 ma\u00f1ana martes con la encomienda de dar la batalla para no dejar que Emilio Gamboa y los senadores del <strong>PRI <\/strong>puedan impulsar a un fiscal electoral surgido de sus filas partidarias.<\/p>\n<p>La actitud belicosa del panista es porque existe el acuerdo interno de los coordinadores parlamentarios en el Senado de designar a un nuevo fiscal electoral antes del viernes 15 de diciembre en que concluye el actual per\u00edodo de sesiones.<\/p>\n<p>\u201cEsperamos que el partido del gobierno no caiga en la tentaci\u00f3n de querer poner un fiscal a modo, porque eso entrampar\u00e1 el proceso de elecci\u00f3n\u201d, advirti\u00f3 Herrera.<\/p>\n<p>El panista ya no habl\u00f3 de ir a esta nueva batalla a una nueva alianza con los coordinadores del PRD y PT. Su relaci\u00f3n sali\u00f3 muy da\u00f1ada de la anterior contienda (en la que intentaron reponer a <strong>Santiago Nieto<\/strong> al frente de la Fepade), de la cual salieron acus\u00e1ndose entre s\u00ed de traiciones e inconsistencias.<\/p>\n<p>\u201cTiene que haber consenso. Nosotros no vamos a aceptar un fiscal que sirva de comparsa al Gobierno federal y a su partido. Se trata de un nombramiento relevante, y por ello es importante que el titular sea apartidista, que garantice un proceso electoral justo y que sea un \u00e1rbitro imparcial\u201d, insisti\u00f3.<\/p>\n<p>&nbsp;<\/p>\n<p><strong>Designaciones en curso<\/strong><\/p>\n<p>Durante el pasado fin de semana, <strong>Ernesto Cordero,<\/strong> presiente del Senado recibi\u00f3 la lista de prospectos enviada por la Comisi\u00f3n de Derechos Humanos para someter al Pleno la designaci\u00f3n de 5 vacantes en el Consejo Consultivo de la Comisi\u00f3n Nacional de Derechos Humanos.<\/p>\n<p>Firmada por la presidente de esa comisi\u00f3n, la senadora <strong>Ang\u00e9lica de la Pe\u00f1a,<\/strong> la lista est\u00e1 integrada por <strong>V\u00edctor Veloz Espejel, Michael William Chamberlin Ruiz, Elena Ramos Arteaga, Ang\u00e9lica Cu\u00e9llar V\u00e1zquez y Jos\u00e9 de Jes\u00fas Orozco Henr\u00edquez. <\/strong><\/p>\n<p>Durante la pr\u00f3xima reuni\u00f3n de la Comisi\u00f3n de Derechos Humanos comparecer\u00e1n todos ellos a fin de conocer las trayectorias y propuestas en relaci\u00f3n con el objeto y las facultades del Consejo Consultivo de la CNDH.<\/p>\n<p>&nbsp;<\/p>\n<p><strong>CNDH pide respeto <\/strong><\/p>\n<p>La Comisi\u00f3n Nacional de Derechos Humanos que encabeza <strong>Luis Ra\u00fal Gonz\u00e1lez P\u00e9rez<\/strong> pidi\u00f3 que el Estado avance en la necesaria generaci\u00f3n de las condiciones que propicien el ejercicio pleno de los derechos de todas y todos los mexicanos.<\/p>\n<p>Ello ante la persistente discriminaci\u00f3n y violencia que se ejerce en el pa\u00eds hacia personas unidas por v\u00ednculos y afectos diferentes al matrimonio entre mujer y hombre.<\/p>\n<p>En representaci\u00f3n de la CNDH, su Primer Visitador General, <strong>Ismael Eslava<\/strong> <strong>P\u00e9rez<\/strong>, habl\u00f3 de la necesidad de que la poblaci\u00f3n se adapte a los cambios demogr\u00e1ficos, sociales y econ\u00f3micos para aceptar los nuevos modelos de familias.<\/p>\n<p>En este contexto, indic\u00f3, es muy importante que los mexicanos asuman que el respeto y protecci\u00f3n a esas diferencias conllevan a una convivencia pac\u00edfica.<\/p>\n<p>En su intervenci\u00f3n durante el Foro <em>\u201cPor el derecho de las familias a vivir sin violencia\u201d,<\/em> Eslava indic\u00f3 que el Estado tiene la responsabilidad de propiciar que las familias sean organizaciones din\u00e1micas, en las que cada integrante debe contribuir a su conservaci\u00f3n y funcionamiento para fomentar el desarrollo familiar y, con ello, crear ambientes cercanos y afectivos.<\/p>\n<p>Lograrlo, agreg\u00f3, contribuir\u00eda a la erradicaci\u00f3n de la violencia contra las ni\u00f1as, las mujeres, las personas mayores y con discapacidad, que est\u00e1 basada en prejuicios y estereotipos que deben ser combatidos.<\/p>\n<p>Es por ello que los nuevos tipos de familia no deben ser rechazados, dijo.<\/p>\n<p><em><a href=\"mailto:rvizcainoa@gmail.com\" target=\"_blank\" rel=\"noopener noreferrer\">rvizcainoa@gmail.com<\/a><\/em><br \/>\n<em><a href=\"http:\/\/www.endirecto.mx\/\" target=\"_blank\" rel=\"noopener noreferrer\">www.endirecto.mx<\/a><\/em><br \/>\n<em><a href=\"https:\/\/twitter.com\/_rvizcaino\" target=\"_blank\" rel=\"noopener noreferrer\">@_RVizcaino<\/a><\/em><br \/>\n<a href=\"https:\/\/www.facebook.com\/rvizcainoa\" target=\"_blank\" rel=\"noopener noreferrer\">f<em>acebook.com\/rvizcainoa<\/em><\/a><\/p>\n","protected":false},"excerpt":{"rendered":"<p><span style=\"color: #005497;\"><strong>Roberto Vizca\u00edno<\/strong><\/span><br \/>\n<br \/>\nEl siguiente paso es registrarlo formalmente en las siguientes horas ante el INE.<\/p>\n","protected":false},"author":3,"featured_media":354062,"comment_status":"open","ping_status":"open","sticky":false,"template":"","format":"standard","meta":{"_monsterinsights_skip_tracking":false,"_monsterinsights_sitenote_active":false,"_monsterinsights_sitenote_note":"","_monsterinsights_sitenote_category":0,"footnotes":""},"categories":[136],"tags":[43674,93,94],"class_list":["post-354003","post","type-post","status-publish","format-standard","has-post-thumbnail","hentry","category-roberto-vizcaino-opinion","tag-opinion","tag-roberto-vizcaino","tag-tras-la-puerta-del-poder"],"_links":{"self":[{"href":"https:\/\/www.diarioimagen.net\/index.php?rest_route=\/wp\/v2\/posts\/354003","targetHints":{"allow":["GET"]}}],"collection":[{"href":"https:\/\/www.diarioimagen.net\/index.php?rest_route=\/wp\/v2\/posts"}],"about":[{"href":"https:\/\/www.diarioimagen.net\/index.php?rest_route=\/wp\/v2\/types\/post"}],"author":[{"embeddable":true,"href":"https:\/\/www.diarioimagen.net\/index.php?rest_route=\/wp\/v2\/users\/3"}],"replies":[{"embeddable":true,"href":"https:\/\/www.diarioimagen.net\/index.php?rest_route=%2Fwp%2Fv2%2Fcomments&post=354003"}],"version-history":[{"count":0,"href":"https:\/\/www.diarioimagen.net\/index.php?rest_route=\/wp\/v2\/posts\/354003\/revisions"}],"wp:featuredmedia":[{"embeddable":true,"href":"https:\/\/www.diarioimagen.net\/index.php?rest_route=\/wp\/v2\/media\/354062"}],"wp:attachment":[{"href":"https:\/\/www.diarioimagen.net\/index.php?rest_route=%2Fwp%2Fv2%2Fmedia&parent=354003"}],"wp:term":[{"taxonomy":"category","embeddable":true,"href":"https:\/\/www.diarioimagen.net\/index.php?rest_route=%2Fwp%2Fv2%2Fcategories&post=354003"},{"taxonomy":"post_tag","embeddable":true,"href":"https:\/\/www.diarioimagen.net\/index.php?rest_route=%2Fwp%2Fv2%2Ftags&post=354003"}],"curies":[{"name":"wp","href":"https:\/\/api.w.org\/{rel}","templated":true}]}}