{"id":354072,"date":"2017-11-21T00:06:28","date_gmt":"2017-11-21T06:06:28","guid":{"rendered":"http:\/\/www.diarioimagen.net\/?p=354072"},"modified":"2017-11-22T01:34:59","modified_gmt":"2017-11-22T07:34:59","slug":"si-hay-dedazo-en-el-frente-amaga-mancera","status":"publish","type":"post","link":"https:\/\/www.diarioimagen.net\/?p=354072","title":{"rendered":"Si hay <em>dedazo <\/em>en el Frente, yo no le entro: Mancera"},"content":{"rendered":"<ul>\n<li><strong><em>El mandatario capitalino dice que no debe haber simulaci\u00f3n<\/em><\/strong><\/li>\n<\/ul>\n<p>&nbsp;<\/p>\n<div id=\"attachment_354073\" style=\"width: 470px\" class=\"wp-caption aligncenter\"><img loading=\"lazy\" decoding=\"async\" aria-describedby=\"caption-attachment-354073\" class=\"wp-image-354073 size-large\" src=\"http:\/\/www.diarioimagen.net\/wp-content\/uploads\/2017\/11\/MANCERA21-portal-460x268.jpg\" alt=\"\" width=\"460\" height=\"268\" srcset=\"https:\/\/www.diarioimagen.net\/wp-content\/uploads\/2017\/11\/MANCERA21-portal-460x268.jpg 460w, https:\/\/www.diarioimagen.net\/wp-content\/uploads\/2017\/11\/MANCERA21-portal-240x140.jpg 240w, https:\/\/www.diarioimagen.net\/wp-content\/uploads\/2017\/11\/MANCERA21-portal.jpg 480w\" sizes=\"auto, (max-width: 460px) 100vw, 460px\" \/><p id=\"caption-attachment-354073\" class=\"wp-caption-text\">El jefe de gobierno capitalino, Miguel \u00c1ngel Mancera Espinosa, descart\u00f3 participar en el proyecto del Frente Ciudadano, si hay \u201cdedazo\u201d.<\/p><\/div>\n<p>&nbsp;<\/p>\n<p>Miguel \u00c1ngel Mancera Espinosa, jefe de gobierno de la Ciudad de M\u00e9xico, advirti\u00f3 que si el Frente Ciudadano por M\u00e9xico elige a su candidato presidencial por \u201cdedazo\u201d no est\u00e1 dispuesto a participar en el proyecto.<\/p>\n<p>\u201cSi se pretende hacer una decisi\u00f3n por \u201cdedazo\u201d yo no estoy dispuesto a ir. Si no hay un m\u00e9todo claro y abierto con el que estemos satisfechos todos, yo no estoy dispuesto a participar\u201d, afirm\u00f3.<\/p>\n<p>Dijo que siempre ser\u00e1 preferible que no quede duda, que la gente sepa que hubo transparencia a querer \u201carrebatar o a querer agandallarse\u201d de alguna manera el proceso.<\/p>\n<p>Cuestionado sobre el m\u00e9todo id\u00f3neo para elegir al representante, el mandatario capitalino dijo que no puede haber simulaci\u00f3n en el proceso porque este caer\u00eda por su propio peso y la ciudadan\u00eda no se dejar\u00e1 enga\u00f1ar.<\/p>\n<p>Si las condiciones son \u00f3ptimas y luego de que sean entregados trabajos del corredor Tlalpan y otras obras de recuperaci\u00f3n, dijo que ser\u00eda probable que el pr\u00f3ximo 15 de diciembre, pida licencia al cargo.<\/p>\n<p>Sobre la reuni\u00f3n que sostuvo con Margarita Zavala y Rafael Moreno Valle, el mandatario capitalino se\u00f1al\u00f3 que ser\u00e1 decisi\u00f3n de la ex primera dama aliarse al frente o continuar su candidatura de manera independiente.<\/p>\n<p>Respecto al proceso de reconstrucci\u00f3n de la ciudad, el mandatario capitalino anunci\u00f3 la aportaci\u00f3n de mil 500 millones de pesos provenientes del Fondo de Reconstrucci\u00f3n (FONREC) que ser\u00e1n destinados \u00fanicamente para la reconstrucci\u00f3n de la infraestructura de la capital, tal es el caso de la colonia Del Mar en donde se trabajar\u00e1 en la demolici\u00f3n, reparaci\u00f3n de drenaje y atenci\u00f3n a grietas.<\/p>\n<p>Respecto a las donaciones dijo que se han recaudado: por parte de trabajadores del gobierno capitalino, 4.9 millones de pesos; 100 mil d\u00f3lares donados por Montevideo; Walmart don\u00f3 20 millones; 10 mil euros fueron donados por la Regi\u00f3n Cono Sur, y m\u00e1s lo que se pueda potenciar recaudado en la carrera, todos esos recursos ser\u00e1n donados exclusivamente a la reconstrucci\u00f3n de viviendas en la capital.<\/p>\n<p style=\"text-align: center;\"><strong>Golovkin don\u00f3 50 mil d\u00f3lares\u00a0 <\/strong><strong>a la Fundaci\u00f3n Carlos Slim<\/strong><\/p>\n<p>Por otra parte, el campe\u00f3n mundial de peso medio del Consejo Mundial de Boxeo, Gennady Golovkin, se reuni\u00f3 con el jefe de gobierno capitalino en el Antiguo Palacio del Ayuntamiento.<\/p>\n<p>El boxeador de Kazajist\u00e1n don\u00f3 50 mil d\u00f3lares a la Fundaci\u00f3n Carlos Slim para ayudar a los afectados por el sismo del 19 de septiembre.<\/p>\n<p>La fundaci\u00f3n multiplic\u00f3 la cantidad donada por el campe\u00f3n mundial para entregar a los afectados por el sismo en el pa\u00eds 300 mil d\u00f3lares para Mexico.<\/p>\n<p>En un breve mensaje, Gennady Golovkin dijo \u201cagradecer a Dios la oportunidad de servirlo en la tierra y poder dar un momento de felicidad,amor y esperanza a los ni\u00f1os en el hospital\u201d.<\/p>\n<p>\u201cTe agradezco por el gesto de tu donaci\u00f3n la Ciudad de M\u00e9xico es tu casa\u201d, dijo Mancera la boxeador.<\/p>\n","protected":false},"excerpt":{"rendered":"<p>Miguel \u00c1ngel Mancera Espinosa, jefe de gobierno de la Ciudad de M\u00e9xico, advirti\u00f3 que si el Frente Ciudadano por M\u00e9xico elige a su candidato presidencial por \u201cdedazo\u201d no est\u00e1 dispuesto a participar en el proyecto.<\/p>\n","protected":false},"author":5,"featured_media":354073,"comment_status":"open","ping_status":"open","sticky":false,"template":"","format":"standard","meta":{"_monsterinsights_skip_tracking":false,"_monsterinsights_sitenote_active":false,"_monsterinsights_sitenote_note":"","_monsterinsights_sitenote_category":0,"footnotes":""},"categories":[6],"tags":[68008,204,5314,68007],"class_list":["post-354072","post","type-post","status-publish","format-standard","has-post-thumbnail","hentry","category-cd-de-mexico","tag-15-de-diciembre","tag-ciudad-de-mexico","tag-miguel-angel-mancera-espinosa","tag-si-hay-dedazo"],"_links":{"self":[{"href":"https:\/\/www.diarioimagen.net\/index.php?rest_route=\/wp\/v2\/posts\/354072","targetHints":{"allow":["GET"]}}],"collection":[{"href":"https:\/\/www.diarioimagen.net\/index.php?rest_route=\/wp\/v2\/posts"}],"about":[{"href":"https:\/\/www.diarioimagen.net\/index.php?rest_route=\/wp\/v2\/types\/post"}],"author":[{"embeddable":true,"href":"https:\/\/www.diarioimagen.net\/index.php?rest_route=\/wp\/v2\/users\/5"}],"replies":[{"embeddable":true,"href":"https:\/\/www.diarioimagen.net\/index.php?rest_route=%2Fwp%2Fv2%2Fcomments&post=354072"}],"version-history":[{"count":0,"href":"https:\/\/www.diarioimagen.net\/index.php?rest_route=\/wp\/v2\/posts\/354072\/revisions"}],"wp:featuredmedia":[{"embeddable":true,"href":"https:\/\/www.diarioimagen.net\/index.php?rest_route=\/wp\/v2\/media\/354073"}],"wp:attachment":[{"href":"https:\/\/www.diarioimagen.net\/index.php?rest_route=%2Fwp%2Fv2%2Fmedia&parent=354072"}],"wp:term":[{"taxonomy":"category","embeddable":true,"href":"https:\/\/www.diarioimagen.net\/index.php?rest_route=%2Fwp%2Fv2%2Fcategories&post=354072"},{"taxonomy":"post_tag","embeddable":true,"href":"https:\/\/www.diarioimagen.net\/index.php?rest_route=%2Fwp%2Fv2%2Ftags&post=354072"}],"curies":[{"name":"wp","href":"https:\/\/api.w.org\/{rel}","templated":true}]}}