{"id":354129,"date":"2017-11-21T00:09:49","date_gmt":"2017-11-21T06:09:49","guid":{"rendered":"http:\/\/www.diarioimagen.net\/?p=354129"},"modified":"2017-11-21T03:30:46","modified_gmt":"2017-11-21T09:30:46","slug":"mejor-justicia-para-dar-mayor-confianza-a-los-mexiquenses","status":"publish","type":"post","link":"https:\/\/www.diarioimagen.net\/?p=354129","title":{"rendered":"Mejor justicia para dar mayor confianza a los mexiquenses"},"content":{"rendered":"<h2>Arco Norte<\/h2>\n<h5>Jos\u00e9 Luis Monta\u00f1ez Aguilar<\/h5>\n<p>&nbsp;<\/p>\n<p><a href=\"http:\/\/www.diarioimagen.net\/?attachment_id=354228\" rel=\"attachment wp-att-354228\"><img loading=\"lazy\" decoding=\"async\" class=\"aligncenter size-large wp-image-354228\" src=\"http:\/\/www.diarioimagen.net\/wp-content\/uploads\/2017\/11\/arco-3256-460x259.jpg\" alt=\"\" width=\"460\" height=\"259\" srcset=\"https:\/\/www.diarioimagen.net\/wp-content\/uploads\/2017\/11\/arco-3256-460x259.jpg 460w, https:\/\/www.diarioimagen.net\/wp-content\/uploads\/2017\/11\/arco-3256-240x135.jpg 240w, https:\/\/www.diarioimagen.net\/wp-content\/uploads\/2017\/11\/arco-3256-235x132.jpg 235w, https:\/\/www.diarioimagen.net\/wp-content\/uploads\/2017\/11\/arco-3256-202x114.jpg 202w, https:\/\/www.diarioimagen.net\/wp-content\/uploads\/2017\/11\/arco-3256-350x196.jpg 350w, https:\/\/www.diarioimagen.net\/wp-content\/uploads\/2017\/11\/arco-3256-220x123.jpg 220w, https:\/\/www.diarioimagen.net\/wp-content\/uploads\/2017\/11\/arco-3256-237x132.jpg 237w, https:\/\/www.diarioimagen.net\/wp-content\/uploads\/2017\/11\/arco-3256.jpg 480w\" sizes=\"auto, (max-width: 460px) 100vw, 460px\" \/><\/a><\/p>\n<p>&nbsp;<\/p>\n<p>El gobernador Alfredo Del Mazo afirm\u00f3 que la justicia ser\u00e1 el medio para recuperar la tranquilidad y la seguridad en los hogares y calles mexiquenses. Durante la ceremonia conmemorativa por el 107 Aniversario del Inicio de la Revoluci\u00f3n Mexicana dijo que el gobierno del Estado de M\u00e9xico est\u00e1 abierto para replantear las funciones y objetivos de la justicia, en donde la aplicaci\u00f3n de la ley sea impecable y no exista impunidad\u00a0 para aquellos que cometan alg\u00fan delito, afectando el patrimonio y la vida de las personas.<\/p>\n<p>Mencion\u00f3 que la justicia no ser\u00e1 el resultado de la acci\u00f3n gubernamental, sino el punto de partida. Se\u00f1al\u00f3 que en los tiempos de la Revoluci\u00f3n Mexicana, la ley se presentaba como la \u00fanica ruta para satisfacer los anhelos de igualdad y libertad, lo que genera justicia y prosperidad.<\/p>\n<p>Actualmente se ha aprendido que la justicia se vulnera con las acciones e interacciones que realizamos diariamente, cuando el Estado no emprende su papel de conciliador, as\u00ed como cuando las v\u00edctimas exigen el reconocimiento porque no hay resarcimiento. Por ello, sostuvo que se han modificado los marcos legales para incorporar este tipo de aprendizajes, para dar mayor confianza a la poblaci\u00f3n.<\/p>\n<p style=\"text-align: center;\"><strong>Muestran la belleza tur\u00edstica del Edomex en la Feria de Pueblos M\u00e1gicos 2017 <\/strong><\/p>\n<p>A fin de atraer un mayor n\u00famero de visitantes y con ello incrementar la derrama econ\u00f3mica por actividades tur\u00edsticas, el Estado de M\u00e9xico particip\u00f3 en la cuarta edici\u00f3n de la Feria Nacional de Pueblos M\u00e1gicos, realizada en Monterrey, Nuevo Le\u00f3n. Los nueve destinos mexiquenses con dicho nombramiento (Valle de Bravo, Aculco, El Oro, Malinalco, Ixtapan de la Sal, Metepec, Villa del Carb\u00f3n, Tepotzotl\u00e1n y San Mart\u00edn de las Pir\u00e1mides-Teotihuac\u00e1n) expusieron ante miles de asistentes su riqueza cultural, gastron\u00f3mica, natural, hist\u00f3rica y artesanal. La Secretaria de Turismo, Mar\u00eda Lorena Mar\u00edn Moreno, inform\u00f3 que Teotihuac\u00e1n fue reconocido con el Premio Pueblo M\u00e1gico 2017 en la categor\u00eda \u201cPr\u00e1cticas de Sustentabilidad\u201d, por el rescate de la memoria vegetal de la regi\u00f3n a trav\u00e9s de la academia, la participaci\u00f3n de la sociedad civil y las autoridades del destino.<\/p>\n<p>&nbsp;<\/p>\n","protected":false},"excerpt":{"rendered":"<p><span style=\"color: #005497;\">Jos\u00e9 Luis Monta\u00f1ez Aguilar<\/span><br \/>\n<br \/>\nEl gobernador Alfredo Del Mazo afirm\u00f3 que la justicia ser\u00e1 el medio para recuperar la tranquilidad y la seguridad en los hogares y calles mexiquenses.<\/p>\n","protected":false},"author":3,"featured_media":354228,"comment_status":"open","ping_status":"open","sticky":false,"template":"","format":"standard","meta":{"_monsterinsights_skip_tracking":false,"_monsterinsights_sitenote_active":false,"_monsterinsights_sitenote_note":"","_monsterinsights_sitenote_category":0,"footnotes":""},"categories":[35155],"tags":[13284,43704,43674],"class_list":["post-354129","post","type-post","status-publish","format-standard","has-post-thumbnail","hentry","category-estado-de-mexico-estado-de-mexico","tag-arco-norte","tag-jose-luis-montanez-aguilar","tag-opinion"],"_links":{"self":[{"href":"https:\/\/www.diarioimagen.net\/index.php?rest_route=\/wp\/v2\/posts\/354129","targetHints":{"allow":["GET"]}}],"collection":[{"href":"https:\/\/www.diarioimagen.net\/index.php?rest_route=\/wp\/v2\/posts"}],"about":[{"href":"https:\/\/www.diarioimagen.net\/index.php?rest_route=\/wp\/v2\/types\/post"}],"author":[{"embeddable":true,"href":"https:\/\/www.diarioimagen.net\/index.php?rest_route=\/wp\/v2\/users\/3"}],"replies":[{"embeddable":true,"href":"https:\/\/www.diarioimagen.net\/index.php?rest_route=%2Fwp%2Fv2%2Fcomments&post=354129"}],"version-history":[{"count":0,"href":"https:\/\/www.diarioimagen.net\/index.php?rest_route=\/wp\/v2\/posts\/354129\/revisions"}],"wp:featuredmedia":[{"embeddable":true,"href":"https:\/\/www.diarioimagen.net\/index.php?rest_route=\/wp\/v2\/media\/354228"}],"wp:attachment":[{"href":"https:\/\/www.diarioimagen.net\/index.php?rest_route=%2Fwp%2Fv2%2Fmedia&parent=354129"}],"wp:term":[{"taxonomy":"category","embeddable":true,"href":"https:\/\/www.diarioimagen.net\/index.php?rest_route=%2Fwp%2Fv2%2Fcategories&post=354129"},{"taxonomy":"post_tag","embeddable":true,"href":"https:\/\/www.diarioimagen.net\/index.php?rest_route=%2Fwp%2Fv2%2Ftags&post=354129"}],"curies":[{"name":"wp","href":"https:\/\/api.w.org\/{rel}","templated":true}]}}