{"id":354132,"date":"2017-11-21T00:05:02","date_gmt":"2017-11-21T06:05:02","guid":{"rendered":"http:\/\/www.diarioimagen.net\/?p=354132"},"modified":"2017-11-22T01:34:52","modified_gmt":"2017-11-22T07:34:52","slug":"aprueban-proyecto-de-nacion-de-lopez-obrador","status":"publish","type":"post","link":"https:\/\/www.diarioimagen.net\/?p=354132","title":{"rendered":"Aprueban proyecto de naci\u00f3n de L\u00f3pez Obrador"},"content":{"rendered":"<ul>\n<li><strong><em>Espaldarazo a Sheinbaum<\/em><\/strong><\/li>\n<\/ul>\n<p>&nbsp;<\/p>\n<div id=\"attachment_354173\" style=\"width: 470px\" class=\"wp-caption aligncenter\"><a href=\"http:\/\/www.diarioimagen.net\/?attachment_id=354173\" rel=\"attachment wp-att-354173\"><img loading=\"lazy\" decoding=\"async\" aria-describedby=\"caption-attachment-354173\" class=\"size-large wp-image-354173\" src=\"http:\/\/www.diarioimagen.net\/wp-content\/uploads\/2017\/11\/MORENA-3255-460x259.jpg\" alt=\"\" width=\"460\" height=\"259\" srcset=\"https:\/\/www.diarioimagen.net\/wp-content\/uploads\/2017\/11\/MORENA-3255-460x259.jpg 460w, https:\/\/www.diarioimagen.net\/wp-content\/uploads\/2017\/11\/MORENA-3255-240x135.jpg 240w, https:\/\/www.diarioimagen.net\/wp-content\/uploads\/2017\/11\/MORENA-3255-235x132.jpg 235w, https:\/\/www.diarioimagen.net\/wp-content\/uploads\/2017\/11\/MORENA-3255-202x114.jpg 202w, https:\/\/www.diarioimagen.net\/wp-content\/uploads\/2017\/11\/MORENA-3255-350x196.jpg 350w, https:\/\/www.diarioimagen.net\/wp-content\/uploads\/2017\/11\/MORENA-3255-220x123.jpg 220w, https:\/\/www.diarioimagen.net\/wp-content\/uploads\/2017\/11\/MORENA-3255-237x132.jpg 237w, https:\/\/www.diarioimagen.net\/wp-content\/uploads\/2017\/11\/MORENA-3255.jpg 480w\" sizes=\"auto, (max-width: 460px) 100vw, 460px\" \/><\/a><p id=\"caption-attachment-354173\" class=\"wp-caption-text\">Proyecto Alternativo de Naci\u00f3n 2018-2024 fue aprobado a mano alzada durante la sesi\u00f3n del Congreso Nacional de Morena, que se llev\u00f3 a cabo en el Auditorio Nacional.<\/p><\/div>\n<p>&nbsp;<\/p>\n<p>Andr\u00e9s Manuel L\u00f3pez Obrador, dirigente nacional de Morena, present\u00f3 ayer el Proyecto Alternativo de Naci\u00f3n 2018-2024.<\/p>\n<p>Tal y como lo hizo en el 2005 y el 2011, el pol\u00edtico tabasque\u00f1o expuso los ejes de una propuesta de gobierno sexenal y que ser\u00e1 la base de la Plataforma Electoral que registrar\u00e1n ante el INE.<\/p>\n<p>El documento fue aprobado a mano alzada durante la sesi\u00f3n del Congreso Nacional de Morena, que se llev\u00f3 a cabo en el Auditorio Nacional, al que acudieron unos 10 mil delegados.<\/p>\n<p>La propuesta, que aplicar\u00eda en caso de que Morena ganara las elecciones presidenciales del pr\u00f3ximo a\u00f1o, abarca siete temas, concentrados en cuatro ejes: econom\u00eda y desarrollo, educaci\u00f3n, cultura y valores, desarrollo social y pol\u00edtica de gobierno.<\/p>\n<p>Sin embargo, el documento no brinda concretos sobre la ejecuci\u00f3n de los ejes tem\u00e1ticos del proyecto.<\/p>\n<p>El escrito distribuido entre los delegados refiere que fue elaborado con la participaci\u00f3n de m\u00e1s de 200 expertos que presentaron m\u00e1s de 100 proyectos y programas.<\/p>\n<p>Desde el micr\u00f3fono, el empresario Alfonso Romo expuso que para la elaboraci\u00f3n del proyecto se tomaron como base siete criterios, en los que encabeza la lista el combate frontal a la corrupci\u00f3n.<\/p>\n<p>Tambi\u00e9n se incluyeron respeto, seguridad f\u00edsica, aplicaci\u00f3n de las leyes, y ejecuci\u00f3n realista de recursos econ\u00f3micos.<\/p>\n<p>\u201cNo al gasto sin control. Ejecuci\u00f3n austera, responsable y honesta del gasto p\u00fablico. Primero se buscan los recursos y luego se asignan, no se endeudar\u00e1 m\u00e1s al Pa\u00eds ni habr\u00e1 nuevos impuestos\u201d.<\/p>\n<p>\u201cEst\u00e1 basado en los balances macroecon\u00f3micos realistas. Incluye una verdadera Reforma Fiscal para reducir y reasignar el gasto p\u00fablico, sin incrementar la deuda\u201d.<\/p>\n<p>La defensa de la libertad, el Estado laico y la propiedad privada, as\u00ed como cambiar el modelo de educaci\u00f3n se agregan a la lista.<\/p>\n<p>L\u00f3pez Obrador anunci\u00f3 que el pr\u00f3ximo 14 de diciembre dar\u00e1 a conocer a los integrantes del gabinete presidencial en caso de que gane a las elecciones presidenciales del pr\u00f3ximo a\u00f1o; inform\u00f3 que estar\u00e1 integrado por 8 hombres y 8 mujeres.<\/p>\n<p>El tabasque\u00f1o pidi\u00f3 a los integrantes de Morena no distraerse en pleitos mezquinos ni en asuntos personales y ego\u00edstas que puedan descarrilar el proyecto presidencial de Morena.<\/p>\n<p style=\"text-align: center;\"><strong>Espaldarazo a Sheinbaum<\/strong><\/p>\n<p>\u201cNo se confundan, nosotros estamos con la democracia, la paz y justicia, no con el autoritarismo, ese, lo queremos desterrar del pa\u00eds\u201d, asegur\u00f3 Claudia Sheinbaum, delegada en Tlalpan, y coordinadora de organizaci\u00f3n territorial en la Ciudad de M\u00e9xico de Morena.<\/p>\n<p>Durante el discurso inaugural del Cuarto Congreso Nacional Extraordinario de Morena, Claudia Sheinbaum asegur\u00f3 que el partido atraviesa un momento hist\u00f3rico y le corresponde construir un movimiento de naci\u00f3n para lograr la igualdad.<\/p>\n<p>El l\u00edder nacional del partido, Andr\u00e9s Manuel L\u00f3pez Obrador, alz\u00f3 la mano de la delegada y as\u00ed reafirm\u00f3 su apoyo a Sheinbaum como coordinadora de organizaci\u00f3n en la Ciudad de M\u00e9xico.<\/p>\n<p>La delegada dijo que no deben permitir que el Gobierno Federal convierta a los damnificados de los sismos del 7 y 19 de septiembre en deudores.<\/p>\n<p>La delegada pidi\u00f3 a los simpatizantes a salir a las calles para convencer a los votantes de logar un cambio pac\u00edfico en las urnas.<\/p>\n<p>\u201c(Tenemos que) convencer a todos que se puede hacer un cambio pac\u00edfico, en las urnas, pero para ello hay que luchar contra el fraude, la compra de votos y estoy segura que lo haremos\u201d, asegur\u00f3.<\/p>\n","protected":false},"excerpt":{"rendered":"<p>Andr\u00e9s Manuel L\u00f3pez Obrador, dirigente nacional de Morena, present\u00f3 ayer el Proyecto Alternativo de Naci\u00f3n 2018-2024. Tal y como lo hizo en el 2005 y el 2011, el pol\u00edtico tabasque\u00f1o expuso los ejes de una propuesta de gobierno sexenal y que ser\u00e1 la base de la Plataforma Electoral que registrar\u00e1n ante el INE.<\/p>\n","protected":false},"author":3,"featured_media":354173,"comment_status":"open","ping_status":"open","sticky":false,"template":"","format":"standard","meta":{"_monsterinsights_skip_tracking":false,"_monsterinsights_sitenote_active":false,"_monsterinsights_sitenote_note":"","_monsterinsights_sitenote_category":0,"footnotes":""},"categories":[3],"tags":[2545,68058,43673,68057],"class_list":["post-354132","post","type-post","status-publish","format-standard","has-post-thumbnail","hentry","category-nacional","tag-amlo","tag-aprueban","tag-nacional","tag-proyecto-de-nacion"],"_links":{"self":[{"href":"https:\/\/www.diarioimagen.net\/index.php?rest_route=\/wp\/v2\/posts\/354132","targetHints":{"allow":["GET"]}}],"collection":[{"href":"https:\/\/www.diarioimagen.net\/index.php?rest_route=\/wp\/v2\/posts"}],"about":[{"href":"https:\/\/www.diarioimagen.net\/index.php?rest_route=\/wp\/v2\/types\/post"}],"author":[{"embeddable":true,"href":"https:\/\/www.diarioimagen.net\/index.php?rest_route=\/wp\/v2\/users\/3"}],"replies":[{"embeddable":true,"href":"https:\/\/www.diarioimagen.net\/index.php?rest_route=%2Fwp%2Fv2%2Fcomments&post=354132"}],"version-history":[{"count":0,"href":"https:\/\/www.diarioimagen.net\/index.php?rest_route=\/wp\/v2\/posts\/354132\/revisions"}],"wp:featuredmedia":[{"embeddable":true,"href":"https:\/\/www.diarioimagen.net\/index.php?rest_route=\/wp\/v2\/media\/354173"}],"wp:attachment":[{"href":"https:\/\/www.diarioimagen.net\/index.php?rest_route=%2Fwp%2Fv2%2Fmedia&parent=354132"}],"wp:term":[{"taxonomy":"category","embeddable":true,"href":"https:\/\/www.diarioimagen.net\/index.php?rest_route=%2Fwp%2Fv2%2Fcategories&post=354132"},{"taxonomy":"post_tag","embeddable":true,"href":"https:\/\/www.diarioimagen.net\/index.php?rest_route=%2Fwp%2Fv2%2Ftags&post=354132"}],"curies":[{"name":"wp","href":"https:\/\/api.w.org\/{rel}","templated":true}]}}