{"id":354152,"date":"2017-11-21T00:09:01","date_gmt":"2017-11-21T06:09:01","guid":{"rendered":"http:\/\/www.diarioimagen.net\/?p=354152"},"modified":"2017-11-21T05:08:06","modified_gmt":"2017-11-21T11:08:06","slug":"no-se-ve-voluntad-de-eu-para-avanzar-en-tlcan","status":"publish","type":"post","link":"https:\/\/www.diarioimagen.net\/?p=354152","title":{"rendered":"No se ve voluntad de EU para avanzar en TLCAN"},"content":{"rendered":"<ul>\n<li><strong><em>Sigue sin aceptar revisi\u00f3n, sin cancelarlo: empresarios<\/em><\/strong><\/li>\n<\/ul>\n<p>&nbsp;<\/p>\n<div id=\"attachment_354233\" style=\"width: 470px\" class=\"wp-caption aligncenter\"><a href=\"http:\/\/www.diarioimagen.net\/?attachment_id=354233\" rel=\"attachment wp-att-354233\"><img loading=\"lazy\" decoding=\"async\" aria-describedby=\"caption-attachment-354233\" class=\"size-large wp-image-354233\" src=\"http:\/\/www.diarioimagen.net\/wp-content\/uploads\/2017\/11\/TLC-3255-460x259.jpg\" alt=\"\" width=\"460\" height=\"259\" srcset=\"https:\/\/www.diarioimagen.net\/wp-content\/uploads\/2017\/11\/TLC-3255-460x259.jpg 460w, https:\/\/www.diarioimagen.net\/wp-content\/uploads\/2017\/11\/TLC-3255-240x135.jpg 240w, https:\/\/www.diarioimagen.net\/wp-content\/uploads\/2017\/11\/TLC-3255-235x132.jpg 235w, https:\/\/www.diarioimagen.net\/wp-content\/uploads\/2017\/11\/TLC-3255-202x114.jpg 202w, https:\/\/www.diarioimagen.net\/wp-content\/uploads\/2017\/11\/TLC-3255-350x196.jpg 350w, https:\/\/www.diarioimagen.net\/wp-content\/uploads\/2017\/11\/TLC-3255-220x123.jpg 220w, https:\/\/www.diarioimagen.net\/wp-content\/uploads\/2017\/11\/TLC-3255-237x132.jpg 237w, https:\/\/www.diarioimagen.net\/wp-content\/uploads\/2017\/11\/TLC-3255.jpg 480w\" sizes=\"auto, (max-width: 460px) 100vw, 460px\" \/><\/a><p id=\"caption-attachment-354233\" class=\"wp-caption-text\">El equipo negociador de Estados Unidos no ha mostrado voluntad de cerrar cap\u00edtulos en la negociaci\u00f3n del TLCAN.<\/p><\/div>\n<p>&nbsp;<\/p>\n<p>Mois\u00e9s Kalach, coordinador del Consejo Consultivo Estrat\u00e9gico de Negociaciones Internacionales del Consejo Coordinador Empresarial (CCE), afirm\u00f3 que el equipo negociador de Estados Unidos no ha mostrado voluntad de cerrar cap\u00edtulos en la negociaci\u00f3n del Tratado de Libre Comercio de Am\u00e9rica del Norte (TLCAN).<\/p>\n<p>Explic\u00f3 que el equipo negociador mexicano ha estado haciendo propuestas y contrapropuestas en las mesas de trabajo de la quinta ronda de negociaciones, pero Estados Unidos no se ha visto con la voluntad de avanzar.<\/p>\n<p>\u201cHay algunos cap\u00edtulos en los que aparentemente se podr\u00edan tener avances o casi cerrar, pero no se ha visto esa voluntad del equipo americano para seguir progresando\u201d, dijo al ser entrevistado en el hotel Camino Real, lugar donde se realizan las mesas de trabajo.<\/p>\n<p>El coordinador del llamado \u201cCuarto de Junto\u201d explic\u00f3 que Estados Unidos sigue sin aceptar la contraoferta presentada por M\u00e9xico para evaluar la continuidad del TLCAN) cada cinco a\u00f1os, sin que ello implique una \u201cmuerte s\u00fabita\u201d.<\/p>\n<p>Destac\u00f3 que \u201cel gobierno americano no ha aceptado la contrapropuesta\u201d, a la cual el equipo negociador de Canad\u00e1 ya se sum\u00f3.<\/p>\n<p>La propuesta estadounidense destaca la cl\u00e1usula \u201cSunset\u201d (caducidad), la cual consiste en que el TLCAN se termine autom\u00e1ticamente cada quinquenio, a menos que las tres naciones acuerden antes renovarlo.<\/p>\n<p>Recientemente, el titular de la Secretar\u00eda de Econom\u00eda (SE), Ildefonso Guajardo Villarreal, declar\u00f3: \u201cHagamos un compromiso de que cada cinco a\u00f1os evaluemos (la continuidad del TLCAN). No pautar una muerte s\u00fabita\u201d.<\/p>\n<p>De ah\u00ed que la delegaci\u00f3n mexicana aborda los aspectos t\u00e9cnicos de \u00e9sta y otras propuestas, como las reglas de origen para los sectores automotriz y textil, para entender c\u00f3mo podr\u00edan llevar a cabo.<\/p>\n<p>La propuesta de M\u00e9xico es que en esa revisi\u00f3n se tengan algunos posibles ajustes o propuestas susceptibles a cambios durante ese tiempo y despu\u00e9s ser destinadas al grupo de ministros que est\u00e1n contemplados en el TLC para hacer lo pertinente\u201d, explic\u00f3 Kalach.<\/p>\n<p>\u201cQue quede muy claro, en ning\u00fan momento estamos aceptando la propuesta \u201cSunset\u201d, sino que es un giro (..) sin tener muerte s\u00fabita\u201d, reiter\u00f3 en las instalaciones del hotel de la zona Polanco.<\/p>\n<p>De acuerdo con el reporte de los jefes negociadores, el equipo mexicano ha hecho propuestas y contraofertas sobre las mesas, sin embargo, hay poca voluntad de Estados Unidos para avanzar.<\/p>\n<p>\u201cHay algunos cap\u00edtulos que, aparentemente, se podr\u00edan avanzar o casi cerrar, pero no se ha visto voluntad de avanzar del equipo americano\u201d, reiter\u00f3.<\/p>\n<p>En ese tenor, el empresario expuso que M\u00e9xico rechaz\u00f3 las medidas proteccionistas en los temas de reglas origen para el sector automotriz y de temporalidad en productos agropecuarios.<\/p>\n<p>\u201cYa respondimos que no hay contrapropuesta, simplemente se est\u00e1 aportando informaci\u00f3n, y se dijo que no a las propuestas\u201d, manifest\u00f3.<\/p>\n<p>Pese a ello, Kalach subray\u00f3 que el proceso de modernizaci\u00f3n avanza a nivel t\u00e9cnico y hasta el momento se han reunido todas las mesas de negociaci\u00f3n, de acuerdo con la agenda son 30, y hay buenos resultados en Telecomunicaciones, Mejoras regulatorias y Medidas sanitarias y fitosanitarias.<\/p>\n<p>Por otra parte, el jefe negociador del grupo canadiense, Steve Verheul, acentu\u00f3 que la quinta ronda avanza lento, pero hay progreso, y reconoci\u00f3 que M\u00e9xico y Canad\u00e1 tienen intereses en com\u00fan para dar continuidad al acuerdo tripartita.<\/p>\n<p>\u201c(Estamos) haciendo un gran equipo con M\u00e9xico, pues tenemos muchos puntos de vista e intereses en com\u00fan\u201d, expres\u00f3 durante un receso que tuvieron los negociadores de las tres delegaciones.<\/p>\n","protected":false},"excerpt":{"rendered":"<p>Mois\u00e9s Kalach, coordinador del Consejo Consultivo Estrat\u00e9gico de Negociaciones Internacionales del Consejo Coordinador Empresarial (CCE), afirm\u00f3 que el equipo negociador de Estados Unidos no ha mostrado voluntad de cerrar cap\u00edtulos en la negociaci\u00f3n del Tratado de Libre Comercio de Am\u00e9rica del Norte (TLCAN).<\/p>\n","protected":false},"author":3,"featured_media":354233,"comment_status":"open","ping_status":"open","sticky":false,"template":"","format":"standard","meta":{"_monsterinsights_skip_tracking":false,"_monsterinsights_sitenote_active":false,"_monsterinsights_sitenote_note":"","_monsterinsights_sitenote_category":0,"footnotes":""},"categories":[8],"tags":[2786,43678,2167,11203],"class_list":["post-354152","post","type-post","status-publish","format-standard","has-post-thumbnail","hentry","category-finanzas","tag-eu","tag-finanzas","tag-tlcan","tag-tratado-de-libre-comercio-de-america-del-norte"],"_links":{"self":[{"href":"https:\/\/www.diarioimagen.net\/index.php?rest_route=\/wp\/v2\/posts\/354152","targetHints":{"allow":["GET"]}}],"collection":[{"href":"https:\/\/www.diarioimagen.net\/index.php?rest_route=\/wp\/v2\/posts"}],"about":[{"href":"https:\/\/www.diarioimagen.net\/index.php?rest_route=\/wp\/v2\/types\/post"}],"author":[{"embeddable":true,"href":"https:\/\/www.diarioimagen.net\/index.php?rest_route=\/wp\/v2\/users\/3"}],"replies":[{"embeddable":true,"href":"https:\/\/www.diarioimagen.net\/index.php?rest_route=%2Fwp%2Fv2%2Fcomments&post=354152"}],"version-history":[{"count":0,"href":"https:\/\/www.diarioimagen.net\/index.php?rest_route=\/wp\/v2\/posts\/354152\/revisions"}],"wp:featuredmedia":[{"embeddable":true,"href":"https:\/\/www.diarioimagen.net\/index.php?rest_route=\/wp\/v2\/media\/354233"}],"wp:attachment":[{"href":"https:\/\/www.diarioimagen.net\/index.php?rest_route=%2Fwp%2Fv2%2Fmedia&parent=354152"}],"wp:term":[{"taxonomy":"category","embeddable":true,"href":"https:\/\/www.diarioimagen.net\/index.php?rest_route=%2Fwp%2Fv2%2Fcategories&post=354152"},{"taxonomy":"post_tag","embeddable":true,"href":"https:\/\/www.diarioimagen.net\/index.php?rest_route=%2Fwp%2Fv2%2Ftags&post=354152"}],"curies":[{"name":"wp","href":"https:\/\/api.w.org\/{rel}","templated":true}]}}