{"id":354218,"date":"2017-11-21T00:11:50","date_gmt":"2017-11-21T06:11:50","guid":{"rendered":"http:\/\/www.diarioimagen.net\/?p=354218"},"modified":"2017-11-21T08:14:23","modified_gmt":"2017-11-21T14:14:23","slug":"amlo-y-frente-prometen-llevarnos-al-paraiso","status":"publish","type":"post","link":"https:\/\/www.diarioimagen.net\/?p=354218","title":{"rendered":"AMLO y Frente prometen llevarnos al <em>para\u00edso<\/em>"},"content":{"rendered":"<h2>Tras la puerta del poder<\/h2>\n<h5>Roberto Vizca\u00edno<\/h5>\n<p>&nbsp;<\/p>\n<div id=\"attachment_354278\" style=\"width: 470px\" class=\"wp-caption aligncenter\"><a href=\"http:\/\/www.diarioimagen.net\/?attachment_id=354278\" rel=\"attachment wp-att-354278\"><img loading=\"lazy\" decoding=\"async\" aria-describedby=\"caption-attachment-354278\" class=\"size-large wp-image-354278\" src=\"http:\/\/www.diarioimagen.net\/wp-content\/uploads\/2017\/11\/exitosos-LUIS-XAVIER-3256-460x365.jpg\" alt=\"\" width=\"460\" height=\"365\" srcset=\"https:\/\/www.diarioimagen.net\/wp-content\/uploads\/2017\/11\/exitosos-LUIS-XAVIER-3256-460x365.jpg 460w, https:\/\/www.diarioimagen.net\/wp-content\/uploads\/2017\/11\/exitosos-LUIS-XAVIER-3256-240x190.jpg 240w, https:\/\/www.diarioimagen.net\/wp-content\/uploads\/2017\/11\/exitosos-LUIS-XAVIER-3256-768x609.jpg 768w, https:\/\/www.diarioimagen.net\/wp-content\/uploads\/2017\/11\/exitosos-LUIS-XAVIER-3256.jpg 1200w\" sizes=\"auto, (max-width: 460px) 100vw, 460px\" \/><\/a><p id=\"caption-attachment-354278\" class=\"wp-caption-text\">Exitosos&#8230; | Luis Xavier<\/p><\/div>\n<p>&nbsp;<\/p>\n<p>Con la mira puesta en la ansiada silla presidencial, <strong>Andr\u00e9s Manuel L\u00f3pez Obrador <\/strong>y los dirigentes del PAN, <strong>Ricardo Anaya<\/strong>; PRD, <strong>Alejandra Barrales <\/strong>y MC, <strong>Dante Delgado<\/strong> presentaron ayer sus proyectos de gobierno para el per\u00edodo 2018-2024 que prometen a los mexicanos poco m\u00e1s que el para\u00edso.<\/p>\n<p>Con 7 ejes el de AMLO-Morena y con 5 los del Frente Ciudadano ambos dicen tener la f\u00f3rmula para una transformaci\u00f3n radical del M\u00e9xico, miserable y altamente empobrecido, violento y corrupto al de la paz angelical ansiada por todos con abundancia de empleo e ingresos salariales insospechados similares al mundo desarrollado, con bienestar, salud, la mejor educaci\u00f3n del orbe y una cultura como la que gozan los pueblos m\u00e1s avanzados.<\/p>\n<p>Enfundados ellos en trajes nuevos, camisas blancas y corbatas para la ocasi\u00f3n y ellas, en vestidos modestos ajenos a marcas de las tiendas de Masarik-Polanco, <strong>Andr\u00e9s Manuel L\u00f3pez Obrador,<\/strong> sus hijos &#8211;portadores de barbas h\u00edpster&#8211;, y sus aliados y, desde luego, sus miles de seguidores que llenaron el Auditorio Nacional para escuchar ahora el Tercer Proyecto de Naci\u00f3n que presenta el tabasque\u00f1o, sonrieron y aplaudieron de nuevo al de Macuspana como si fuese su primer plan.<\/p>\n<p>AMLO afirma que, si ahora s\u00ed gana:<\/p>\n<ul>\n<li>Ir\u00e1 al combate total y frontal de la corrupci\u00f3n en M\u00e9xico (\u00bfd\u00f3nde, d\u00f3nde he escuchado eso?)<\/li>\n<li>Habr\u00e1 absoluto respeto a los derechos humanos (me suena, me suena)<\/li>\n<li>Crear\u00e1 contrapesos reales al poder (mejor cierro la boca, perd\u00f3n, no hago acotaciones\u2026).<\/li>\n<li>Habr\u00e1 cumplimiento absoluto de la Ley.<\/li>\n<li>Habr\u00e1 una ejecuci\u00f3n realista (lo que esto signifique para \u00e9l) de los recursos econ\u00f3micos.<\/li>\n<li>Habr\u00e1 libertad y prioridad a la educaci\u00f3n, y;<\/li>\n<li>Se fortalecer\u00e1 la cultura.<\/li>\n<\/ul>\n<p>Siete puntos concretos que de acuerdo a 200 colaboradores pertenecientes a todas las regiones de M\u00e9xico que se encargaron de aportarle ideas para elaborar este proyecto, son la soluci\u00f3n a los problemas del pa\u00eds.<\/p>\n<p>En la primera fila estuvieron: con sus 81 a\u00f1os cumplidos, el maestro ex panista y ex perredista, hoy morenista, Bernardo B\u00e1tiz: con sus 88 a\u00f1itos, la maestra Ifigenia Mart\u00ednez; con sus 85 ayeres gratamente vividos, Elenita Poniatowska y un par de filas atr\u00e1s, como si no tuviera ya 81 a\u00f1itos cumplidos, el aguerrido senador Manuel Bartlett a quien le acompa\u00f1aba la setentea\u00f1era senadora Layda Sansores y atrasito el ex gobernador y ex presidente del PRD Leonel Godoy quien apenas tiene 67 a\u00f1os y quien iba con Pablo G\u00f3mez, quien a sus 73 a\u00f1os es todo un costal de ma\u00f1as.<\/p>\n<p>S\u00ed, atin\u00f3 Usted, G\u00f3mez y Godoy van con AMLO pero viven, perd\u00f3n, militan en el PRD.<\/p>\n<p>Al evento no asisti\u00f3 Ricardo Monreal.<\/p>\n<p>Y la que llev\u00f3 la voz en el evento fue \u2013si le atin\u00f3-, la preferida de L\u00f3pez Obrador, la candidata a la CDMX Claudia Sheinbaum.<\/p>\n<p style=\"text-align: center;\"><strong>Los 5 del Frente<\/strong><\/p>\n<p>Presentados un par de horas antes ante el INE como parte central de su proyecto electoral, los 5 puntos del Frente Ciudadano que forman PAN, PRD y MC (ver\u00e1 Usted), se parecen un poco a los presentados en el Auditorio Nacional por AMLO:<\/p>\n<p>Estos son:<\/p>\n<ol>\n<li>La transformaci\u00f3n del actual r\u00e9gimen pol\u00edtico y el impulso a la democracia ciudadana.<\/li>\n<li>El combate total y frontal a la corrupci\u00f3n y a la impunidad.<\/li>\n<\/ol>\n<p>III. La pacificaci\u00f3n del pa\u00eds, con seguridad, respeto a los derechos humanos y justicia para todas las personas.<\/p>\n<ol>\n<li>La necesidad de un desarrollo econ\u00f3mico con crecimiento, inclusi\u00f3n social y sostenibilidad.<\/li>\n<li>El fortalecimiento de la posici\u00f3n de M\u00e9xico en el mundo.<\/li>\n<\/ol>\n<p>Dentro de este plan Anaya, Barrales y Dante Delgado dicen que buscar\u00e1n, claro, cuando llegue su candidato a Los Pinos:<\/p>\n<ol>\n<li>Revisar el impuesto a las gasolinas.<\/li>\n<li>Simplificar el r\u00e9gimen fiscal.<\/li>\n<li>Dotar de autonom\u00eda constitucional a la Auditor\u00eda Superior de la Federaci\u00f3n y poderes sancionadores para corruptos en todos los niveles del gobierno federal, estatal, municipal, judicial y legislativo, desde el nivel de Presidente de la Rep\u00fablica, hasta el \u00faltimo ujier de la m\u00e1s remota dependencia que opere con recursos p\u00fablicos.<\/li>\n<li>Eliminar el fuero a todos los servidores p\u00fablicos y legisladores o jueces y magistrados.<\/li>\n<li><strong> Y reformar el 108 de la Constituci\u00f3n a fin de poder enjuiciar a un Presidente en funciones, o del pasado, por corrupci\u00f3n\u2026<\/strong> u otros delitos (subrayados y negritas de este periodista).<\/li>\n<li>Y las reformas que sean necesarias para que el Congreso ratifique a los miembros del gabinete. Un gabinete formado bajo el principio de la equidad de g\u00e9nero: es decir, mitad hombres y mitad mujeres.<\/li>\n<li>Adem\u00e1s para que sean las fuerzas pol\u00edticas a trav\u00e9s de sus bancadas en el Congreso, las que propongan al titular de Gobernaci\u00f3n quien actuar\u00e1 como un Jefe de Gabinete que no dependa del Presidente. Una especie de Primer Ministro a la mexicana.<\/li>\n<\/ol>\n<p>8.- En s\u00edntesis: el Frente ir\u00e1 a un cambio de r\u00e9gimen y de Estado, donde operar\u00e1 el refer\u00e9ndum, el plebiscito y la revocaci\u00f3n de mandato.<\/p>\n<ol start=\"9\">\n<li>El Parlamento abierto y la democracia participativa.<\/li>\n<li>Y, por supuesto, un modelo econ\u00f3mico distinto: ajeno al neoliberalismo y m\u00e1s cercano al mercado social (\u00bf\u00bf??).<\/li>\n<\/ol>\n<p><strong>E<\/strong>l proyecto del Frente que fue entregado ayer al INE como fundamento del acuerdo entre las dirigencias del PAN, PRD y MC est\u00e1 contenido en un documento de unas 50 p\u00e1ginas llenas de argumentos y ideales.<\/p>\n<p>Un documento que plantea un M\u00e9xico paradisiaco. Ese al que aspiramos todos los ciudadanos de esta naci\u00f3n.<\/p>\n<p>Y que se cumplir\u00e1 siempre y cuando el candidato del Frente obtenga los votos necesarios para sentarse en la silla presidencial que se localiza en la oficina por la cual han pasado los presidentes desde la Revoluci\u00f3n a la fecha.<\/p>\n<p>Se trata, dicen Anaya, Barrales y Dante Delgado de \u201cacotar el presidencialismo meta constitucional\u201d y empoderar realmente a los ciudadanos a trav\u00e9s de un sistema semi parlamentario para que tengan mayor capacidad de influir en las decisiones del pa\u00eds. De crear un Gobierno de ciudadanos, no del Presidente de la Rep\u00fablica.<\/p>\n<p><strong>Suena padre, \u00bfno? Sobre todo eso de \u201cenjuiciar al presidente en funciones\u201d,<\/strong> frase que seguramente se repetir\u00e1 durante la campa\u00f1a presidencial pr\u00f3xima. Sobre todo si Anaya es el candidato (raro que no lo fuera).<\/p>\n<p>Claro, Anaya primero va a tener que lidiar y superar con el embate que le tienen preparado el ex gobernador <strong>Rafael Moreno Valle <\/strong>y el jefe de Gobierno de la CDMX <strong>Miguel \u00c1ngel Mancera<\/strong>, quienes han formado el llamado TUCA o Todos unidos contra Anaya.<\/p>\n<p>Ambos presionar\u00e1n para que la designaci\u00f3n del candidato presidencial del Frente sea abierta. <strong>Barrales<\/strong> ha adelantado que la designaci\u00f3n del candidato presidencial del Frente ser\u00e1 a trav\u00e9s de una combinaci\u00f3n de encuestas y debates.<\/p>\n<p><strong>Juan Zepeda<\/strong>, el ex candidato del PRD al Edom\u00e9x y virtual sucesor de Barrales en la presidencia del partido del sol azteca, afirma que a muchos perredistas no les cuadra que <strong>Anaya<\/strong> se quiera \u201cagandallar\u201d la candidatura del Frente, sobre todo porque hay encuestas que advierten que <strong>Mancera<\/strong> tiene mejor posicionamiento que <strong>Anaya<\/strong> entre los mexicanos.<\/p>\n<p>En fin, algunos obst\u00e1culos que tienen que sortear todav\u00eda en ese Frente.<\/p>\n<p><em><a href=\"mailto:rvizcainoa@gmail.com\" target=\"_blank\" rel=\"noopener noreferrer\">rvizcainoa@gmail.com<\/a><\/em><br \/>\n<em><a href=\"http:\/\/www.endirecto.mx\/\" target=\"_blank\" rel=\"noopener noreferrer\">www.endirecto.mx<\/a><\/em><br \/>\n<em><a href=\"https:\/\/twitter.com\/_rvizcaino\" target=\"_blank\" rel=\"noopener noreferrer\">@_RVizcaino<\/a><\/em><br \/>\n<a href=\"https:\/\/www.facebook.com\/rvizcainoa\" target=\"_blank\" rel=\"noopener noreferrer\">f<em>acebook.com\/rvizcainoa<\/em><\/a><\/p>\n","protected":false},"excerpt":{"rendered":"<p><span style=\"color: #005497;\"><strong>Roberto Vizca\u00edno<\/strong><\/span><br \/>\n<br \/>\nCon la mira puesta en la ansiada silla presidencial, <strong>Andr\u00e9s Manuel L\u00f3pez Obrador <\/strong>y los dirigentes del PAN, <strong>Ricardo Anaya<\/strong>; PRD, <strong>Alejandra Barrales <\/strong>y MC, <strong>Dante Delgado<\/strong> presentaron ayer sus proyectos de gobierno para el per\u00edodo 2018-2024 que prometen a los mexicanos poco m\u00e1s que el para\u00edso.<\/p>\n","protected":false},"author":3,"featured_media":354278,"comment_status":"open","ping_status":"open","sticky":false,"template":"","format":"standard","meta":{"_monsterinsights_skip_tracking":false,"_monsterinsights_sitenote_active":false,"_monsterinsights_sitenote_note":"","_monsterinsights_sitenote_category":0,"footnotes":""},"categories":[136],"tags":[43674,93,94],"class_list":["post-354218","post","type-post","status-publish","format-standard","has-post-thumbnail","hentry","category-roberto-vizcaino-opinion","tag-opinion","tag-roberto-vizcaino","tag-tras-la-puerta-del-poder"],"_links":{"self":[{"href":"https:\/\/www.diarioimagen.net\/index.php?rest_route=\/wp\/v2\/posts\/354218","targetHints":{"allow":["GET"]}}],"collection":[{"href":"https:\/\/www.diarioimagen.net\/index.php?rest_route=\/wp\/v2\/posts"}],"about":[{"href":"https:\/\/www.diarioimagen.net\/index.php?rest_route=\/wp\/v2\/types\/post"}],"author":[{"embeddable":true,"href":"https:\/\/www.diarioimagen.net\/index.php?rest_route=\/wp\/v2\/users\/3"}],"replies":[{"embeddable":true,"href":"https:\/\/www.diarioimagen.net\/index.php?rest_route=%2Fwp%2Fv2%2Fcomments&post=354218"}],"version-history":[{"count":0,"href":"https:\/\/www.diarioimagen.net\/index.php?rest_route=\/wp\/v2\/posts\/354218\/revisions"}],"wp:featuredmedia":[{"embeddable":true,"href":"https:\/\/www.diarioimagen.net\/index.php?rest_route=\/wp\/v2\/media\/354278"}],"wp:attachment":[{"href":"https:\/\/www.diarioimagen.net\/index.php?rest_route=%2Fwp%2Fv2%2Fmedia&parent=354218"}],"wp:term":[{"taxonomy":"category","embeddable":true,"href":"https:\/\/www.diarioimagen.net\/index.php?rest_route=%2Fwp%2Fv2%2Fcategories&post=354218"},{"taxonomy":"post_tag","embeddable":true,"href":"https:\/\/www.diarioimagen.net\/index.php?rest_route=%2Fwp%2Fv2%2Ftags&post=354218"}],"curies":[{"name":"wp","href":"https:\/\/api.w.org\/{rel}","templated":true}]}}