{"id":354283,"date":"2017-11-22T00:11:57","date_gmt":"2017-11-22T06:11:57","guid":{"rendered":"http:\/\/www.diarioimagen.net\/?p=354283"},"modified":"2017-11-22T01:54:39","modified_gmt":"2017-11-22T07:54:39","slug":"aumenta-el-salario-minimo-a-88-36-pesos-a-partir-de-diciembre","status":"publish","type":"post","link":"https:\/\/www.diarioimagen.net\/?p=354283","title":{"rendered":"Subir\u00e1 8.32 pesos salario m\u00ednimo, desde diciembre"},"content":{"rendered":"<ul>\n<li><strong><em>Qued\u00f3 sepultada la propuesta de llevarlo a los $94<\/em><\/strong><\/li>\n<\/ul>\n<p>&nbsp;<\/p>\n<div id=\"attachment_354284\" style=\"width: 470px\" class=\"wp-caption aligncenter\"><img loading=\"lazy\" decoding=\"async\" aria-describedby=\"caption-attachment-354284\" class=\"wp-image-354284 size-large\" src=\"http:\/\/www.diarioimagen.net\/wp-content\/uploads\/2017\/11\/MINISALARIO22-PORTAL-460x268.jpg\" alt=\"\" width=\"460\" height=\"268\" srcset=\"https:\/\/www.diarioimagen.net\/wp-content\/uploads\/2017\/11\/MINISALARIO22-PORTAL-460x268.jpg 460w, https:\/\/www.diarioimagen.net\/wp-content\/uploads\/2017\/11\/MINISALARIO22-PORTAL-240x140.jpg 240w, https:\/\/www.diarioimagen.net\/wp-content\/uploads\/2017\/11\/MINISALARIO22-PORTAL.jpg 480w\" sizes=\"auto, (max-width: 460px) 100vw, 460px\" \/><p id=\"caption-attachment-354284\" class=\"wp-caption-text\">A partir del 1 de diciembre de este a\u00f1o, el salario m\u00ednimo subir\u00e1 de 80.04 pesos a 88.36 pesos diarios.<\/p><\/div>\n<p>&nbsp;<\/p>\n<p>La Comisi\u00f3n Nacional de Salarios M\u00ednimos (Conasami) determin\u00f3 que a partir del 1 de diciembre de este a\u00f1o, el Salario M\u00ednimo General subir\u00e1 de 80.04 pesos a 88.36 pesos diarios, lo que representa un incremento del 10.4%.<\/p>\n<p>Se defini\u00f3 un aumento de 5 pesos de Monto de Recuperaci\u00f3n Independiente, m\u00e1s un aumento de 3.9 por ciento de incremento anual establecido para el 2018, quedando el aumento en 8.32 pesos diarios. La idea de llevarlo a los 94 pesos, m\u00ednimo indispensable para comprar una canasta alimentaria b\u00e1sica, qued\u00f3 as\u00ed sepultada.<\/p>\n<p>Adem\u00e1s, existe el compromiso expl\u00edcito de la Comisi\u00f3n de acordar la siguiente revisi\u00f3n del salario m\u00ednimo general antes del 30 de abril de 2018, con el objetivo de llega al 100 por ciento de l\u00ednea de bienestar.<\/p>\n<p>Trascendi\u00f3 que para determinar este aumento se tom\u00f3 en cuenta que el m\u00ednimo ha dejado ser un factor que incremente servicios gubernamentales (ya no es la unidad de medidas para costo de tr\u00e1mites o multas, por ejemplo), pero tambi\u00e9n el desempa\u00f1o y cuidado de los indicadores econ\u00f3micos.<\/p>\n<p>Se calcula que un mill\u00f3n 271 mil trabajadores est\u00e1n ganando un m\u00ednimo en trabajos de tiempo completo.<\/p>\n<p>El ajuste entrar\u00e1 en vigor a partir del 1 de diciembre de este a\u00f1o, confirm\u00f3 la Confederaci\u00f3n Patronal de la Rep\u00fablica Mexicana (Coparmex), y se acord\u00f3 que a m\u00e1s tardar el 30 de abril de 2018 se lleve a cabo un nuevo ajuste para que el Salario M\u00ednimo General (SMG) llegue al 100 por ciento de la L\u00ednea de Bienestar.<\/p>\n<p>Cabe destacar que este incremento coincide con el \u00faltimo d\u00eda de la quinta ronda de negociaci\u00f3n del Tratado de Libre Comercio en donde ha salido a relucir la brecha salarial que existe entre M\u00e9xico, Estados Unidos y Canad\u00e1.<\/p>\n<p>La Coparmex consider\u00f3 que el incremento al salario m\u00ednimo qu\u00e9 pasar\u00e1 de 80.04 a 88.36 pesos es limitado, porque no alcanza la L\u00ednea de Bienestar dictada por Coneval.<\/p>\n<p>La Confederaci\u00f3n hab\u00eda propuesto un incremento al m\u00ednimo de 95 pesos, mientras que el sector obrero se pronunci\u00f3 por un aumento de m\u00e1s de 100 pesos.<\/p>\n<p>\u201cLa Coparmex insisti\u00f3 en alcanzar un Acuerdo Nacional por una Nueva Cultura Salarial (ANNCS) que permita una evoluci\u00f3n progresiva de los sueldos, preservando la estabilidad y estableciendo objetivos precisos de largo plazo para que M\u00e9xico deje de contarse entre los pa\u00edses con los salarios m\u00e1s bajos de Am\u00e9rica Latina y con muchos de los m\u00e1s bajos de la OCDE\u201d, se\u00f1al\u00f3 la Confederaci\u00f3n.<\/p>\n","protected":false},"excerpt":{"rendered":"<p>La Comisi\u00f3n Nacional de Salarios M\u00ednimos (Conasami) determin\u00f3 que a partir del 1 de diciembre de este a\u00f1o, el Salario M\u00ednimo General subir\u00e1 de 80.04 pesos a 88.36 pesos diarios, lo que representa un incremento del 10.4%.<\/p>\n","protected":false},"author":5,"featured_media":354284,"comment_status":"open","ping_status":"open","sticky":false,"template":"","format":"standard","meta":{"_monsterinsights_skip_tracking":false,"_monsterinsights_sitenote_active":false,"_monsterinsights_sitenote_note":"","_monsterinsights_sitenote_category":0,"footnotes":""},"categories":[8],"tags":[68063,68064,16997,308,21406,43678,16104,68113,1102],"class_list":["post-354283","post","type-post","status-publish","format-standard","has-post-thumbnail","hentry","category-finanzas","tag-88-36-pesos","tag-aumenta-el-salario-minimo","tag-aumento","tag-coparmex","tag-diciembre","tag-finanzas","tag-salario-minimo","tag-sepultado","tag-shcp"],"_links":{"self":[{"href":"https:\/\/www.diarioimagen.net\/index.php?rest_route=\/wp\/v2\/posts\/354283","targetHints":{"allow":["GET"]}}],"collection":[{"href":"https:\/\/www.diarioimagen.net\/index.php?rest_route=\/wp\/v2\/posts"}],"about":[{"href":"https:\/\/www.diarioimagen.net\/index.php?rest_route=\/wp\/v2\/types\/post"}],"author":[{"embeddable":true,"href":"https:\/\/www.diarioimagen.net\/index.php?rest_route=\/wp\/v2\/users\/5"}],"replies":[{"embeddable":true,"href":"https:\/\/www.diarioimagen.net\/index.php?rest_route=%2Fwp%2Fv2%2Fcomments&post=354283"}],"version-history":[{"count":0,"href":"https:\/\/www.diarioimagen.net\/index.php?rest_route=\/wp\/v2\/posts\/354283\/revisions"}],"wp:featuredmedia":[{"embeddable":true,"href":"https:\/\/www.diarioimagen.net\/index.php?rest_route=\/wp\/v2\/media\/354284"}],"wp:attachment":[{"href":"https:\/\/www.diarioimagen.net\/index.php?rest_route=%2Fwp%2Fv2%2Fmedia&parent=354283"}],"wp:term":[{"taxonomy":"category","embeddable":true,"href":"https:\/\/www.diarioimagen.net\/index.php?rest_route=%2Fwp%2Fv2%2Fcategories&post=354283"},{"taxonomy":"post_tag","embeddable":true,"href":"https:\/\/www.diarioimagen.net\/index.php?rest_route=%2Fwp%2Fv2%2Ftags&post=354283"}],"curies":[{"name":"wp","href":"https:\/\/api.w.org\/{rel}","templated":true}]}}