{"id":354289,"date":"2017-11-22T00:07:21","date_gmt":"2017-11-22T06:07:21","guid":{"rendered":"http:\/\/www.diarioimagen.net\/?p=354289"},"modified":"2017-11-23T01:44:38","modified_gmt":"2017-11-23T07:44:38","slug":"mancera-plantea-control-de-confianza-para-aspirantes-del-frente","status":"publish","type":"post","link":"https:\/\/www.diarioimagen.net\/?p=354289","title":{"rendered":"Mancera plantea control de confianza para aspirantes del Frente"},"content":{"rendered":"<ul>\n<li><em><strong>Pide que haya competencia<\/strong><\/em><\/li>\n<\/ul>\n<p>&nbsp;<\/p>\n<div id=\"attachment_354290\" style=\"width: 470px\" class=\"wp-caption aligncenter\"><img loading=\"lazy\" decoding=\"async\" aria-describedby=\"caption-attachment-354290\" class=\"size-large wp-image-354290\" src=\"http:\/\/www.diarioimagen.net\/wp-content\/uploads\/2017\/11\/MANCERA22-portal-460x268.jpg\" alt=\"\" width=\"460\" height=\"268\" srcset=\"https:\/\/www.diarioimagen.net\/wp-content\/uploads\/2017\/11\/MANCERA22-portal-460x268.jpg 460w, https:\/\/www.diarioimagen.net\/wp-content\/uploads\/2017\/11\/MANCERA22-portal-240x140.jpg 240w, https:\/\/www.diarioimagen.net\/wp-content\/uploads\/2017\/11\/MANCERA22-portal.jpg 480w\" sizes=\"auto, (max-width: 460px) 100vw, 460px\" \/><p id=\"caption-attachment-354290\" class=\"wp-caption-text\">Miguel \u00c1ngel Mancera pidi\u00f3 que haya competencia pues \u00abde otra manera se le fallar\u00e1 a la ciudadan\u00eda respecto de la transparencia del proceso\u201d.<\/p><\/div>\n<p>&nbsp;<\/p>\n<p>Miguel \u00c1ngel Mancera Espinosa plantea que los aspirantes del Frente Ciudadano por M\u00e9xico se sometan al m\u00e9todo del control de la confianza para participar en los comicios del pr\u00f3ximo a\u00f1o.<\/p>\n<p>El jefe de Gobierno de la Ciudad de M\u00e9xico indic\u00f3 que depender\u00e1 de la manera en que se seleccione al abanderado presidencial, para decidir si participa o no en dicho frente integrado por los partidos Acci\u00f3n Nacional (PAN), de la Revoluci\u00f3n Democr\u00e1tica (PRD) y Movimiento Ciudadano. Mancera Espinosa pidi\u00f3 que haya competencia pues \u00abde otra manera se le fallar\u00e1 a la ciudadan\u00eda respecto de la transparencia del proceso\u00bb, y manifest\u00f3 su inconformidad con el descarte que algunos integrantes de ese organismo han hecho de la elecci\u00f3n abierta.<\/p>\n<p>\u201cYo no descarto la elecci\u00f3n abierta y no comparto el an\u00e1lisis que se ha hecho respecto del an\u00e1lisis de \u00e9sta, ni siquiera el razonamiento que se ha formulado\u00bb, en torno a una posible intervenci\u00f3n del gobierno.<\/p>\n<p>\u00abEs una cosa absurda\u201d, expres\u00f3 en el Antiguo Palacio del Ayuntamiento. Mancera indic\u00f3 que no se debe descartar ninguna opci\u00f3n, pues \u00abeso se hace cuando no hay tiempo, si tuvi\u00e9ramos que decidir de aqu\u00ed al pr\u00f3ximo lunes, las opciones est\u00e1n muy acotadas, pero no es el caso.<\/p>\n<p>Vale la pena no descalificar de inicio, analizar, ver la conveniencia, los tiempos, los procedimientos y de ah\u00ed avanzar\u00bb. Para el mandatario capitalino deber\u00eda haber un procedimiento de encuestas \u00abpara que no se diga que se favorece a alguien o no. Que se vean formas de poder competir\u201d.<\/p>\n","protected":false},"excerpt":{"rendered":"<p>Miguel \u00c1ngel Mancera Espinosa plantea que los aspirantes del Frente Ciudadano por M\u00e9xico se sometan al m\u00e9todo del control de la confianza para participar en los comicios del pr\u00f3ximo a\u00f1o.<\/p>\n","protected":false},"author":5,"featured_media":354290,"comment_status":"open","ping_status":"open","sticky":false,"template":"","format":"standard","meta":{"_monsterinsights_skip_tracking":false,"_monsterinsights_sitenote_active":false,"_monsterinsights_sitenote_note":"","_monsterinsights_sitenote_category":0,"footnotes":""},"categories":[6],"tags":[7680,68067,5314,91],"class_list":["post-354289","post","type-post","status-publish","format-standard","has-post-thumbnail","hentry","category-cd-de-mexico","tag-antiguo-palacio-del-ayuntamiento","tag-aspirantes-del-frente","tag-miguel-angel-mancera-espinosa","tag-pan"],"_links":{"self":[{"href":"https:\/\/www.diarioimagen.net\/index.php?rest_route=\/wp\/v2\/posts\/354289","targetHints":{"allow":["GET"]}}],"collection":[{"href":"https:\/\/www.diarioimagen.net\/index.php?rest_route=\/wp\/v2\/posts"}],"about":[{"href":"https:\/\/www.diarioimagen.net\/index.php?rest_route=\/wp\/v2\/types\/post"}],"author":[{"embeddable":true,"href":"https:\/\/www.diarioimagen.net\/index.php?rest_route=\/wp\/v2\/users\/5"}],"replies":[{"embeddable":true,"href":"https:\/\/www.diarioimagen.net\/index.php?rest_route=%2Fwp%2Fv2%2Fcomments&post=354289"}],"version-history":[{"count":0,"href":"https:\/\/www.diarioimagen.net\/index.php?rest_route=\/wp\/v2\/posts\/354289\/revisions"}],"wp:featuredmedia":[{"embeddable":true,"href":"https:\/\/www.diarioimagen.net\/index.php?rest_route=\/wp\/v2\/media\/354290"}],"wp:attachment":[{"href":"https:\/\/www.diarioimagen.net\/index.php?rest_route=%2Fwp%2Fv2%2Fmedia&parent=354289"}],"wp:term":[{"taxonomy":"category","embeddable":true,"href":"https:\/\/www.diarioimagen.net\/index.php?rest_route=%2Fwp%2Fv2%2Fcategories&post=354289"},{"taxonomy":"post_tag","embeddable":true,"href":"https:\/\/www.diarioimagen.net\/index.php?rest_route=%2Fwp%2Fv2%2Ftags&post=354289"}],"curies":[{"name":"wp","href":"https:\/\/api.w.org\/{rel}","templated":true}]}}