{"id":354365,"date":"2017-11-22T00:09:58","date_gmt":"2017-11-22T06:09:58","guid":{"rendered":"http:\/\/www.diarioimagen.net\/?p=354365"},"modified":"2017-11-23T00:24:52","modified_gmt":"2017-11-23T06:24:52","slug":"homicidios-dolosos-rompen-record-en-octubre","status":"publish","type":"post","link":"https:\/\/www.diarioimagen.net\/?p=354365","title":{"rendered":"Homicidios dolosos rompen r\u00e9cord en octubre"},"content":{"rendered":"<ul>\n<li><strong><em>Se registran 2 mil 371 casos<\/em><\/strong><\/li>\n<\/ul>\n<h6>Jos\u00e9 Luis Monta\u00f1ez<\/h6>\n<p>&nbsp;<\/p>\n<div id=\"attachment_354457\" style=\"width: 470px\" class=\"wp-caption aligncenter\"><a href=\"http:\/\/www.diarioimagen.net\/?attachment_id=354457\" rel=\"attachment wp-att-354457\"><img loading=\"lazy\" decoding=\"async\" aria-describedby=\"caption-attachment-354457\" class=\"size-large wp-image-354457\" src=\"http:\/\/www.diarioimagen.net\/wp-content\/uploads\/2017\/11\/VIOLENCIA-3256-460x259.jpg\" alt=\"\" width=\"460\" height=\"259\" srcset=\"https:\/\/www.diarioimagen.net\/wp-content\/uploads\/2017\/11\/VIOLENCIA-3256-460x259.jpg 460w, https:\/\/www.diarioimagen.net\/wp-content\/uploads\/2017\/11\/VIOLENCIA-3256-240x135.jpg 240w, https:\/\/www.diarioimagen.net\/wp-content\/uploads\/2017\/11\/VIOLENCIA-3256-235x132.jpg 235w, https:\/\/www.diarioimagen.net\/wp-content\/uploads\/2017\/11\/VIOLENCIA-3256-202x114.jpg 202w, https:\/\/www.diarioimagen.net\/wp-content\/uploads\/2017\/11\/VIOLENCIA-3256-350x196.jpg 350w, https:\/\/www.diarioimagen.net\/wp-content\/uploads\/2017\/11\/VIOLENCIA-3256-220x123.jpg 220w, https:\/\/www.diarioimagen.net\/wp-content\/uploads\/2017\/11\/VIOLENCIA-3256-237x132.jpg 237w, https:\/\/www.diarioimagen.net\/wp-content\/uploads\/2017\/11\/VIOLENCIA-3256.jpg 480w\" sizes=\"auto, (max-width: 460px) 100vw, 460px\" \/><\/a><p id=\"caption-attachment-354457\" class=\"wp-caption-text\">La espiral de violencia comenz\u00f3 a mediados de 2016 y no ha podido ser frenada, pese al despliegue de fuerzas federales.<\/p><\/div>\n<p>&nbsp;<\/p>\n<p>En octubre pasado se iniciaron 2 mil 371 carpetas de investigaci\u00f3n por homicidio dolosos, con lo que este mes se convierte en el m\u00e1s violento en dos d\u00e9cadas, y adem\u00e1s el acumulado en lo que va de a\u00f1o ya supera el total de los asesinatos cometidos en 2016.<\/p>\n<p>Seg\u00fan cifras de el Secretariado Ejecutivo del Sistema Nacional de Seguridad P\u00fablica (SESNSP), el r\u00e9cord hist\u00f3rico era de junio de este a\u00f1o, que sum\u00f3 2 mil 238 asesinatos intencionales.<\/p>\n<p>El n\u00famero de homicidios dolosos durante los primeros 10 meses de este a\u00f1o es 23.6 por ciento mayor al registrado en el mismo periodo de 2016, con 16 mil 881.<\/p>\n<p>Adem\u00e1s, la cifra del periodo enero-octubre ya supera en 1.6 por ciento la registrada durante todo el a\u00f1o anterior.<\/p>\n<p>De mantenerse el promedio mensual de 2 mil 87 homicidios dolosos en el \u00faltimo bimestre, 2017 se convertir\u00e1 en el a\u00f1o m\u00e1s violento. Incluso podr\u00eda superar la barrera de los 25 mil casos anuales, siendo hasta ahora 2011 el a\u00f1o m\u00e1s violento al sumar 22 mil 855.<\/p>\n<p>La espiral de violencia comenz\u00f3 a mediados de 2016 y no ha podido ser frenada pese al despliegue de miles de elementos de fuerzas federales en puntos considerados como focos rojos.<\/p>\n<p>Tampoco han funcionado las estrategias emergentes, como el plan de seguridad en los 50 municipios m\u00e1s violentos del pa\u00eds.<\/p>\n<p style=\"text-align: center;\"><strong>Suben otros delitos de impacto<\/strong><\/p>\n<p>El homicidio doloso no es el \u00fanico delito considerado de alto impacto que ha aumentado este a\u00f1o. Los secuestros, en el fuero com\u00fan, subieron 4.8 por ciento en los primeros 10 meses de 2017, respecto al mismo periodo de 2016.<\/p>\n<p>Datos del SESNSP indican que el robo de veh\u00edculo con violencia aument\u00f3 40.9 por ciento en el mismo lapso, e incluso ya super\u00f3 la cifra de todo el a\u00f1o pasado.<\/p>\n<p>En tanto, el robo de veh\u00edculo sin violencia creci\u00f3 7 por ciento, al pasar de 96 mil 704 a 103 mil 521.<\/p>\n<p>El gobierno federal ha justificado el aumento de la violencia con la fragmentaci\u00f3n de los grupos delictivos, enfrentamientos entre bandas, debilidad de las Polic\u00edas, liberaci\u00f3n de detenidos con armas de fuego e incluso los cambios de gobierno.<\/p>\n","protected":false},"excerpt":{"rendered":"<p><span style=\"color: #005497;\">Jos\u00e9 Luis Monta\u00f1ez<\/span><br \/>\n<br \/>\nEn octubre pasado se iniciaron 2 mil 371 carpetas de investigaci\u00f3n por homicidio dolosos, con lo que este mes se convierte en el m\u00e1s violento en dos d\u00e9cadas, y adem\u00e1s el acumulado en lo que va de a\u00f1o ya supera el total de los asesinatos cometidos en 2016.<\/p>\n","protected":false},"author":3,"featured_media":354457,"comment_status":"open","ping_status":"open","sticky":false,"template":"","format":"standard","meta":{"_monsterinsights_skip_tracking":false,"_monsterinsights_sitenote_active":false,"_monsterinsights_sitenote_note":"","_monsterinsights_sitenote_category":0,"footnotes":""},"categories":[7],"tags":[576,15121,63035,43677],"class_list":["post-354365","post","type-post","status-publish","format-standard","has-post-thumbnail","hentry","category-seguridad","tag-homicidios-dolosos","tag-record","tag-segurdiad","tag-seguridad"],"_links":{"self":[{"href":"https:\/\/www.diarioimagen.net\/index.php?rest_route=\/wp\/v2\/posts\/354365","targetHints":{"allow":["GET"]}}],"collection":[{"href":"https:\/\/www.diarioimagen.net\/index.php?rest_route=\/wp\/v2\/posts"}],"about":[{"href":"https:\/\/www.diarioimagen.net\/index.php?rest_route=\/wp\/v2\/types\/post"}],"author":[{"embeddable":true,"href":"https:\/\/www.diarioimagen.net\/index.php?rest_route=\/wp\/v2\/users\/3"}],"replies":[{"embeddable":true,"href":"https:\/\/www.diarioimagen.net\/index.php?rest_route=%2Fwp%2Fv2%2Fcomments&post=354365"}],"version-history":[{"count":0,"href":"https:\/\/www.diarioimagen.net\/index.php?rest_route=\/wp\/v2\/posts\/354365\/revisions"}],"wp:featuredmedia":[{"embeddable":true,"href":"https:\/\/www.diarioimagen.net\/index.php?rest_route=\/wp\/v2\/media\/354457"}],"wp:attachment":[{"href":"https:\/\/www.diarioimagen.net\/index.php?rest_route=%2Fwp%2Fv2%2Fmedia&parent=354365"}],"wp:term":[{"taxonomy":"category","embeddable":true,"href":"https:\/\/www.diarioimagen.net\/index.php?rest_route=%2Fwp%2Fv2%2Fcategories&post=354365"},{"taxonomy":"post_tag","embeddable":true,"href":"https:\/\/www.diarioimagen.net\/index.php?rest_route=%2Fwp%2Fv2%2Ftags&post=354365"}],"curies":[{"name":"wp","href":"https:\/\/api.w.org\/{rel}","templated":true}]}}