{"id":354392,"date":"2017-11-22T00:08:34","date_gmt":"2017-11-22T06:08:34","guid":{"rendered":"http:\/\/www.diarioimagen.net\/?p=354392"},"modified":"2017-11-22T05:47:10","modified_gmt":"2017-11-22T11:47:10","slug":"reconocen-a-jovenes-ejemplo-de-metepec-por-su-talento-y-liderazgo","status":"publish","type":"post","link":"https:\/\/www.diarioimagen.net\/?p=354392","title":{"rendered":"Reconocen a j\u00f3venes ejemplo de  Metepec por su talento y liderazgo"},"content":{"rendered":"<ul>\n<li><strong><em>Entregan Premio Municipal de la Juventud<\/em><\/strong><\/li>\n<\/ul>\n<p>&nbsp;<\/p>\n<div id=\"attachment_354474\" style=\"width: 470px\" class=\"wp-caption aligncenter\"><a href=\"http:\/\/www.diarioimagen.net\/?attachment_id=354474\" rel=\"attachment wp-att-354474\"><img loading=\"lazy\" decoding=\"async\" aria-describedby=\"caption-attachment-354474\" class=\"size-large wp-image-354474\" src=\"http:\/\/www.diarioimagen.net\/wp-content\/uploads\/2017\/11\/METEPEC-3256-1-460x259.jpg\" alt=\"\" width=\"460\" height=\"259\" srcset=\"https:\/\/www.diarioimagen.net\/wp-content\/uploads\/2017\/11\/METEPEC-3256-1-460x259.jpg 460w, https:\/\/www.diarioimagen.net\/wp-content\/uploads\/2017\/11\/METEPEC-3256-1-240x135.jpg 240w, https:\/\/www.diarioimagen.net\/wp-content\/uploads\/2017\/11\/METEPEC-3256-1-235x132.jpg 235w, https:\/\/www.diarioimagen.net\/wp-content\/uploads\/2017\/11\/METEPEC-3256-1-202x114.jpg 202w, https:\/\/www.diarioimagen.net\/wp-content\/uploads\/2017\/11\/METEPEC-3256-1-350x196.jpg 350w, https:\/\/www.diarioimagen.net\/wp-content\/uploads\/2017\/11\/METEPEC-3256-1-220x123.jpg 220w, https:\/\/www.diarioimagen.net\/wp-content\/uploads\/2017\/11\/METEPEC-3256-1-237x132.jpg 237w, https:\/\/www.diarioimagen.net\/wp-content\/uploads\/2017\/11\/METEPEC-3256-1.jpg 480w\" sizes=\"auto, (max-width: 460px) 100vw, 460px\" \/><\/a><p id=\"caption-attachment-354474\" class=\"wp-caption-text\">Reconocen con el Premio Municipal de la Juventud a 42 j\u00f3venes ejemplo, por su talento, liderazgo y dedicaci\u00f3n en diversos \u00e1mbitos.<\/p><\/div>\n<p>&nbsp;<\/p>\n<p><strong>Metepec, Estado de M\u00e9xico<\/strong>.- El gobierno de Metepec reconoci\u00f3 a 42 j\u00f3venes ejemplo, por su talento, liderazgo y dedicaci\u00f3n en diversos \u00e1mbitos, con el Premio Municipal de la Juventud.<\/p>\n<p>La convocatoria estuvo abierta en dos categor\u00edas: \u201cA\u201d, dirigido a j\u00f3venes de 12 a 17 a\u00f1os y \u201cB\u201d de 18 a 29 a\u00f1os, en las modalidades de Trayectoria acad\u00e9mica, Labor social, Trayectoria art\u00edstica y cultural, Innovaci\u00f3n Tecnol\u00f3gica, Ingenio emprendedor, Deporte y Juventud sin l\u00edmites; en las que se premi\u00f3 al primer lugar con 5 mil 500 pesos en efectivo y una artesan\u00eda; al segundo con una tableta electr\u00f3nica y al tercero con una tarjeta de regalo.<\/p>\n<p>\u201cEs trascendental reconocer a la juventud del municipio, a quienes compartieron mucho de lo que hacen en su vida cotidiana. Nos da gusto que sus familias puedan ser parte de este momento\u201d, se\u00f1al\u00f3 el alcalde David L\u00f3pez C\u00e1rdenas.<\/p>\n<p>Agreg\u00f3 que el gobierno que encabeza trabaja permanentemente en favor del sector juvenil, que en el municipio representa al 33 por ciento de la poblaci\u00f3n, a quienes atienden con la recuperaci\u00f3n de espacios p\u00fablicos y convirtiendo a Metepec en un lugar atractivo para la inversi\u00f3n, lo cual se traduce en creaci\u00f3n de fuentes de empleo para abonar al desarrollo del pa\u00eds; igual que el incremento del n\u00famero de becas.<\/p>\n<p>\u201cEl Premio Municipal de la Juventud busca incentivar la participaci\u00f3n de los j\u00f3venes para que eso que hacen, lo hagan con m\u00e1s ganas, para ser personas solidarias con su entorno y comprometidos con abrazar nobles causas\u201d, refiri\u00f3 el edil al tiempo de invitarlos a continuar super\u00e1ndose.<\/p>\n<p>Dicho premio se realiz\u00f3 a trav\u00e9s del departamento municipal de Atenci\u00f3n a la Juventud, el jurado integrado por catedr\u00e1ticos, asociaciones civiles, investigadores y directores de la administraci\u00f3n, evalu\u00f3 criterios como desempe\u00f1o, aportaci\u00f3n, desarrollo, superaci\u00f3n y perseverancia.<\/p>\n","protected":false},"excerpt":{"rendered":"<p>El gobierno de Metepec reconoci\u00f3 a 42 j\u00f3venes ejemplo, por su talento, liderazgo y dedicaci\u00f3n en diversos \u00e1mbitos, con el Premio Municipal de la Juventud.<\/p>\n","protected":false},"author":3,"featured_media":354474,"comment_status":"open","ping_status":"open","sticky":false,"template":"","format":"standard","meta":{"_monsterinsights_skip_tracking":false,"_monsterinsights_sitenote_active":false,"_monsterinsights_sitenote_note":"","_monsterinsights_sitenote_category":0,"footnotes":""},"categories":[35155],"tags":[43675,876,68120],"class_list":["post-354392","post","type-post","status-publish","format-standard","has-post-thumbnail","hentry","category-estado-de-mexico-estado-de-mexico","tag-estado-de-mexico","tag-metepec","tag-premio-municipal-de-la-juventud"],"_links":{"self":[{"href":"https:\/\/www.diarioimagen.net\/index.php?rest_route=\/wp\/v2\/posts\/354392","targetHints":{"allow":["GET"]}}],"collection":[{"href":"https:\/\/www.diarioimagen.net\/index.php?rest_route=\/wp\/v2\/posts"}],"about":[{"href":"https:\/\/www.diarioimagen.net\/index.php?rest_route=\/wp\/v2\/types\/post"}],"author":[{"embeddable":true,"href":"https:\/\/www.diarioimagen.net\/index.php?rest_route=\/wp\/v2\/users\/3"}],"replies":[{"embeddable":true,"href":"https:\/\/www.diarioimagen.net\/index.php?rest_route=%2Fwp%2Fv2%2Fcomments&post=354392"}],"version-history":[{"count":0,"href":"https:\/\/www.diarioimagen.net\/index.php?rest_route=\/wp\/v2\/posts\/354392\/revisions"}],"wp:featuredmedia":[{"embeddable":true,"href":"https:\/\/www.diarioimagen.net\/index.php?rest_route=\/wp\/v2\/media\/354474"}],"wp:attachment":[{"href":"https:\/\/www.diarioimagen.net\/index.php?rest_route=%2Fwp%2Fv2%2Fmedia&parent=354392"}],"wp:term":[{"taxonomy":"category","embeddable":true,"href":"https:\/\/www.diarioimagen.net\/index.php?rest_route=%2Fwp%2Fv2%2Fcategories&post=354392"},{"taxonomy":"post_tag","embeddable":true,"href":"https:\/\/www.diarioimagen.net\/index.php?rest_route=%2Fwp%2Fv2%2Ftags&post=354392"}],"curies":[{"name":"wp","href":"https:\/\/api.w.org\/{rel}","templated":true}]}}