{"id":354421,"date":"2017-11-22T00:11:01","date_gmt":"2017-11-22T06:11:01","guid":{"rendered":"http:\/\/www.diarioimagen.net\/?p=354421"},"modified":"2017-11-22T05:21:08","modified_gmt":"2017-11-22T11:21:08","slug":"reporte-devastador","status":"publish","type":"post","link":"https:\/\/www.diarioimagen.net\/?p=354421","title":{"rendered":"Reporte devastador"},"content":{"rendered":"<h2>Tras la puerta del poder<\/h2>\n<h5>Roberto Vizca\u00edno<\/h5>\n<p>&nbsp;<\/p>\n<div id=\"attachment_354450\" style=\"width: 470px\" class=\"wp-caption aligncenter\"><a href=\"http:\/\/www.diarioimagen.net\/?attachment_id=354450\" rel=\"attachment wp-att-354450\"><img loading=\"lazy\" decoding=\"async\" aria-describedby=\"caption-attachment-354450\" class=\"size-large wp-image-354450\" src=\"http:\/\/www.diarioimagen.net\/wp-content\/uploads\/2017\/11\/triste-realidad-luis-xavier-3256-460x361.jpg\" alt=\"\" width=\"460\" height=\"361\" srcset=\"https:\/\/www.diarioimagen.net\/wp-content\/uploads\/2017\/11\/triste-realidad-luis-xavier-3256-460x361.jpg 460w, https:\/\/www.diarioimagen.net\/wp-content\/uploads\/2017\/11\/triste-realidad-luis-xavier-3256-240x188.jpg 240w, https:\/\/www.diarioimagen.net\/wp-content\/uploads\/2017\/11\/triste-realidad-luis-xavier-3256-768x602.jpg 768w, https:\/\/www.diarioimagen.net\/wp-content\/uploads\/2017\/11\/triste-realidad-luis-xavier-3256.jpg 1200w\" sizes=\"auto, (max-width: 460px) 100vw, 460px\" \/><\/a><p id=\"caption-attachment-354450\" class=\"wp-caption-text\">Triste realidad&#8230; | Luis Xavier<\/p><\/div>\n<p>&nbsp;<\/p>\n<p>En no m\u00e1s de 2 minutos <strong>Carlos Loret de Mola,<\/strong> en su programa tempranero en Televisa, present\u00f3 ayer un panorama aterrador del M\u00e9xico violento de estos d\u00edas de sucesi\u00f3n presidencial.<\/p>\n<p>Directo, sin palabra de m\u00e1s, indic\u00f3 que este 2017 \u201cse perfila como el peor a\u00f1o en materia de inseguridad en todo M\u00e9xico, nada m\u00e1s piense en el puente violento que tuvimos, una veintena de ejecuciones en BCS, incluyendo la del Presidente de la CEDH y su familia, casi otro tanto en Tepic, Nayarit; 3 en Canc\u00fan, 3 en Zacatecas, 3 en Acapulco, en Caborca, Sonora, no pudieron terminar un partido de f\u00fatbol americano porque se agarraron a balazos polic\u00edas contra presuntos delincuentes y adem\u00e1s la muerte del Director General de IZZI, despu\u00e9s de una balacera cuando le trataron de robar su bicicleta mientras estaba haciendo ejercicio, cifras de c\u00f3mo est\u00e1 M\u00e9xico\u201d<\/p>\n<p>Al reporte agreg\u00f3 un reportaje en el que se describi\u00f3 que, \u201cun promedio de 2 mil 329 personas han sido asesinadas en M\u00e9xico mensualmente durante este a\u00f1o, es decir, se ha cometido un homicidio cada 18 minutos y 47 segundos, seg\u00fan un an\u00e1lisis del <strong>Observatorio Nacional Ciudadano,<\/strong> cifras del SNSP indican un crecimiento de todos los delitos en 2017.<\/p>\n<p>\u201cEl Edomex se encuentra en las 5 entidades con mayor \u00edndice de robo con violencia, dice el Director del ONC, Quer\u00e9taro y BCS hist\u00f3ricamente con bajos \u00edndices delictivos hoy se encuentran en un proceso de violencia acentuado, *el an\u00e1lisis del ONC se\u00f1ala que, de mantenerse los niveles de violencia, 2017 ser\u00e1 el peor a\u00f1o en materia de inseguridad, superando a 2011 el cual era considerado el a\u00f1o con m\u00e1s delitos.<\/p>\n<p>Prev\u00e9n que 2017 termine con una cifra r\u00e9cord de 27 mil 955 v\u00edctimas de homicidio y el panorama para 2018 no es favorable\u201d.<\/p>\n<p>El resumen\u00a0 anterior le multiplic\u00f3 ayer por cientos de miles a trav\u00e9s de las redes sociales. M\u00e1s claro, ni las recuperadas cascadas de Agua Azul.<\/p>\n<p>Mi ex amigo<strong> Pereyra,<\/strong> que se aterra y deprime porque vuela la mosca, que ante cualquier delito o corruptela califica al pa\u00eds de ser una porquer\u00eda, que al despertar y para ponerse a tono escucha el tango <em>Cambalache <\/em>de <strong>Enrique Santos Disc\u00e9polo<\/strong>, estaba ayer en el nivel de p\u00e1nico alerta purpura. As\u00ed debieron estar otros muchos dentro y fuera de M\u00e9xico luego del crudo reporte de Loret.<\/p>\n<p>No es para menos.<\/p>\n<p style=\"text-align: center;\"><strong>Los mensajes del general<\/strong><\/p>\n<p>En este contexto y dentro de la Ceremonia de Imposici\u00f3n de Condecoraciones y Ascensos en el Campo Marte, encabezada por el presidente <strong>Enrique Pe\u00f1a Nieto<\/strong>, el general <strong>Salvador Cienfuegos <\/strong>le volvi\u00f3 a hablar, a suplicar a esa pared sorda, insensible y absurda en que se han convertido el Senado y la C\u00e1mara de Diputados.<\/p>\n<p>Ah\u00ed, ante <strong>Ernesto Cordero<\/strong> presidente del Senado de la Rep\u00fablica y de <strong>Jorge Carlos Ram\u00edrez Mar\u00edn,<\/strong> presidente de la C\u00e1mara de Diputados, el titular de la Defensa y en representaci\u00f3n tambi\u00e9n de la Marina y la Fuerza A\u00e9rea, les dijo:<\/p>\n<p>Que las fuerzas armadas han estado y estar\u00e1n para proteger integridad territorial as\u00ed como las vidas los patrimonios de los mexicanos dentro de una \u201csubordinaci\u00f3n irrestricta al poder civil, sin pretensiones pol\u00edticas de ninguna \u00edndole.<\/p>\n<p>\u201cFuerzas Armadas, que seguir\u00e1n contribuyendo de manera subsidiaria, con absoluta entrega y sin protagonismos, en la significativa labor que las autoridades realizan para garantizar el bienestar com\u00fan y la seguridad de la ciudadan\u00eda.<\/p>\n<p><em>\u201cTareas que siguen requiriendo de un marco jur\u00eddico que d\u00e9 certeza en el actuar, no s\u00f3lo de las Fuerzas Armadas, sino de todos los obligados a hacer cumplir la ley y a fortalecer el Estado de Derecho.<\/em><\/p>\n<p><em>\u201cUn marco jur\u00eddico no para otorgar beneficios o prerrogativas, sino para establecer limitaciones y obligaciones a las autoridades que constitucionalmente son las responsables de brindar seguridad a los mexicanos.<\/em><\/p>\n<p><em>\u201cUn marco jur\u00eddico que defina, establezca y verifique la ruta cr\u00edtica para contar con instituciones policiales organizadas, preparadas y equipadas para atender la problem\u00e1tica en materia de seguridad p\u00fablica.<\/em><\/p>\n<p><em>\u201cUn marco jur\u00eddico que defina tambi\u00e9n, con toda precisi\u00f3n, procedimientos y tiempos para que los militares regresemos a los cuarteles, a cumplir con nuestros fines y con nuestras misiones.<\/em><\/p>\n<p><em>\u201cUn marco jur\u00eddico realista, objetivo, arm\u00f3nico y pr\u00e1ctico, producto del consenso y avalado por la ciudadan\u00eda, alejado de condicionamientos o intereses pol\u00edticos.<\/em><\/p>\n<p><em>\u201cUn marco jur\u00eddico para beneficio de todos los mexicanos, que a\u00fan no se consolida. Sin duda, es un pendiente de nuestra realidad democr\u00e1tica.<\/em><\/p>\n<p>\u201cDesde esta tribuna, las Fuerzas Armadas respetuosamente solicitamos una vez m\u00e1s a nuestros representantes en el Congreso avanzar en este urgente ordenamiento que, insistimos, obligue, d\u00e9 orden y sentido a las instancias encargadas de la seguridad y defensa del Estado mexicano, seguridad nacional, de las instituciones; seguridad interior y de los ciudadanos, seguridad p\u00fablica.<\/p>\n<p>\u201cAsumamos las responsabilidades que a cada uno compete y demostremos al pueblo de M\u00e9xico la eficiencia de sus instituciones, procur\u00e1ndole las condiciones de seguridad que merece\u201d, insisti\u00f3.<\/p>\n<p>El general Cienfuegos ha pedido lo mismo desde hace ya al menos 2 a\u00f1os. Y diputados y senadores mantienen congeladas las iniciativas y en debates est\u00e9riles los proyectos de una Ley de Seguridad Interior.<\/p>\n<p style=\"text-align: center;\"><strong>Se siente horrible\u00a0 <\/strong><\/p>\n<p>Ante la reiteraci\u00f3n del reclamo castrense, <strong>Jorge Carlos Ram\u00edrez Mar\u00edn<\/strong>, presidente de la C\u00e1mara de Diputados, convoc\u00f3 ayer mismo a los coordinadores de los partidos representados en San L\u00e1zaro, para, dijo, \u201cque tomemos una decisi\u00f3n, decir que (La Ley Interior) salga como sea, si es a favor, a favor, si es en contra, en contra, y que no pase, pero que no se quede en la congeladora\u201d.<\/p>\n<p>Y coment\u00f3:<\/p>\n<p>\u201cYo estaba presente en el evento\u2026 y es duro que te reclamen, pero que te reclamen con raz\u00f3n es m\u00e1s duro. Y francamente est\u00e1s viendo c\u00f3mo se est\u00e1n entregando condecoraciones y est\u00e1s viendo a las\u00a0 familias aplaudir y felicitar a los soldados y luego tienes que pensar en los soldados, esos mismos que ayer estaban celebrando, en la calle, enfrent\u00e1ndose a un enemigo contra el que no tienen ning\u00fan marco jur\u00eddico que los respalde y luego nos quejamos.<\/p>\n<p>\u201cO sea, la queja de las Fuerzas Armadas es absolutamente justificada, esto es lo primero que tenemos que entender los diputados y con esa mentalidad tenemos que llegar a una conclusi\u00f3n en este tema: lo aprobamos, o no.<\/p>\n<p>\u201cLo que ya no podemos, es seguir manteni\u00e9ndolo en la congeladora esperando que se resuelva solo, o esperando que las circunstancias pol\u00edticas le favorezcan a cada quien para entonces, s\u00ed, tomar una decisi\u00f3n.<\/p>\n<p>\u201cEste es un tema de patria, este es un tema de defensa nacional, este es un tema se seguridad real. No son especulaciones. En la calle hay fuego, en la calle hay muertos, en la calle hay autoridades que necesitan saber hasta d\u00f3nde pueden llegar, y bueno, como dijo el General ayer, tambi\u00e9n necesitan saber si cuentan o no con los responsables de hacerlo y esos somos los diputados\u201d.<\/p>\n<p><strong>Ernesto Cordero<\/strong>, presidente del Senado, al parecer tuvo por su lado conversaciones con sus coordinadores para avanzar en la parte que le corresponde a esta c\u00e1mara en cuestiones de la Ley Interior.<\/p>\n<p>El caso es que el 15 de diciembre termina el actual per\u00edodo que es en los hechos el \u00faltimo de la actual legislatura, pues el de febrero a abril estar\u00e1 marcado por la campa\u00f1a electoral de 2018. Ah\u00ed no se va a aprobar nada.<\/p>\n<p>Si la Ley Interior no sale en este par de semanas siguientes, se quedar\u00e1 en el congelador legislativo hasta la siguiente legislatura, la que inicia el 1 de septiembre de 2018.<\/p>\n<p><em><a href=\"mailto:rvizcainoa@gmail.com\" target=\"_blank\" rel=\"noopener noreferrer\">rvizcainoa@gmail.com<\/a><\/em><br \/>\n<em><a href=\"http:\/\/www.endirecto.mx\/\" target=\"_blank\" rel=\"noopener noreferrer\">www.endirecto.mx<\/a><\/em><br \/>\n<em><a href=\"https:\/\/twitter.com\/_rvizcaino\" target=\"_blank\" rel=\"noopener noreferrer\">@_RVizcaino<\/a><\/em><br \/>\n<a href=\"https:\/\/www.facebook.com\/rvizcainoa\" target=\"_blank\" rel=\"noopener noreferrer\">f<em>acebook.com\/rvizcainoa<\/em><\/a><\/p>\n","protected":false},"excerpt":{"rendered":"<p><span style=\"color: #005497;\"><strong>Roberto Vizca\u00edno<\/strong><\/span><br \/>\n<br \/>\nEn no m\u00e1s de 2 minutos <strong>Carlos Loret de Mola,<\/strong> en su programa tempranero en Televisa, present\u00f3 ayer un panorama aterrador del M\u00e9xico violento de estos d\u00edas de sucesi\u00f3n presidencial.<\/p>\n","protected":false},"author":3,"featured_media":354450,"comment_status":"open","ping_status":"open","sticky":false,"template":"","format":"standard","meta":{"_monsterinsights_skip_tracking":false,"_monsterinsights_sitenote_active":false,"_monsterinsights_sitenote_note":"","_monsterinsights_sitenote_category":0,"footnotes":""},"categories":[136],"tags":[43674,93,94],"class_list":["post-354421","post","type-post","status-publish","format-standard","has-post-thumbnail","hentry","category-roberto-vizcaino-opinion","tag-opinion","tag-roberto-vizcaino","tag-tras-la-puerta-del-poder"],"_links":{"self":[{"href":"https:\/\/www.diarioimagen.net\/index.php?rest_route=\/wp\/v2\/posts\/354421","targetHints":{"allow":["GET"]}}],"collection":[{"href":"https:\/\/www.diarioimagen.net\/index.php?rest_route=\/wp\/v2\/posts"}],"about":[{"href":"https:\/\/www.diarioimagen.net\/index.php?rest_route=\/wp\/v2\/types\/post"}],"author":[{"embeddable":true,"href":"https:\/\/www.diarioimagen.net\/index.php?rest_route=\/wp\/v2\/users\/3"}],"replies":[{"embeddable":true,"href":"https:\/\/www.diarioimagen.net\/index.php?rest_route=%2Fwp%2Fv2%2Fcomments&post=354421"}],"version-history":[{"count":0,"href":"https:\/\/www.diarioimagen.net\/index.php?rest_route=\/wp\/v2\/posts\/354421\/revisions"}],"wp:featuredmedia":[{"embeddable":true,"href":"https:\/\/www.diarioimagen.net\/index.php?rest_route=\/wp\/v2\/media\/354450"}],"wp:attachment":[{"href":"https:\/\/www.diarioimagen.net\/index.php?rest_route=%2Fwp%2Fv2%2Fmedia&parent=354421"}],"wp:term":[{"taxonomy":"category","embeddable":true,"href":"https:\/\/www.diarioimagen.net\/index.php?rest_route=%2Fwp%2Fv2%2Fcategories&post=354421"},{"taxonomy":"post_tag","embeddable":true,"href":"https:\/\/www.diarioimagen.net\/index.php?rest_route=%2Fwp%2Fv2%2Ftags&post=354421"}],"curies":[{"name":"wp","href":"https:\/\/api.w.org\/{rel}","templated":true}]}}