{"id":354507,"date":"2017-11-23T00:10:49","date_gmt":"2017-11-23T06:10:49","guid":{"rendered":"http:\/\/www.diarioimagen.net\/?p=354507"},"modified":"2017-11-27T22:56:39","modified_gmt":"2017-11-28T04:56:39","slug":"modernizara-edomex-sistema-de-imparticion-de-justicia","status":"publish","type":"post","link":"https:\/\/www.diarioimagen.net\/?p=354507","title":{"rendered":"Modernizar\u00e1 Edomex sistema de impartici\u00f3n de justicia"},"content":{"rendered":"<ul>\n<li><em><strong>Firma del Mazo convenio con Poder Judicial <\/strong><\/em><\/li>\n<\/ul>\n<p><strong>\u00a0<\/strong><\/p>\n<div id=\"attachment_354508\" style=\"width: 470px\" class=\"wp-caption aligncenter\"><img loading=\"lazy\" decoding=\"async\" aria-describedby=\"caption-attachment-354508\" class=\"size-large wp-image-354508\" src=\"http:\/\/www.diarioimagen.net\/wp-content\/uploads\/2017\/11\/DEL-MAZO23-portal-460x268.jpg\" alt=\"\" width=\"460\" height=\"268\" srcset=\"https:\/\/www.diarioimagen.net\/wp-content\/uploads\/2017\/11\/DEL-MAZO23-portal-460x268.jpg 460w, https:\/\/www.diarioimagen.net\/wp-content\/uploads\/2017\/11\/DEL-MAZO23-portal-240x140.jpg 240w, https:\/\/www.diarioimagen.net\/wp-content\/uploads\/2017\/11\/DEL-MAZO23-portal.jpg 480w\" sizes=\"auto, (max-width: 460px) 100vw, 460px\" \/><p id=\"caption-attachment-354508\" class=\"wp-caption-text\">El gobernador Alfredo Del Mazo firma un convenio con poder judicial para moderniza Edomex su sistema de impartici\u00f3n de justicia.<\/p><\/div>\n<p>&nbsp;<\/p>\n<p>Ciudad de M\u00e9xico.- En la Firma de Convenios de Interconexi\u00f3n Interinstitucional, entre el Estado de M\u00e9xico y el Poder Judicial de la Federaci\u00f3n, el Gobernador Alfredo Del Mazo Maza asegur\u00f3 que a trav\u00e9s de estos acuerdos la entidad mexiquense moderniza su sistema de impartici\u00f3n de justicia y permite que el acceso a la misma sea m\u00e1s democr\u00e1tico, \u00e1gil y econ\u00f3mico.<\/p>\n<p>\u201cEl uso de las tecnolog\u00edas es cada vez m\u00e1s necesario para el desempe\u00f1o de las labores judiciales, no s\u00f3lo para garantizar los procesos, sino tambi\u00e9n para brindar mayor seguridad, transparencia, generar ahorros para el Estado y para el ciudadano y facilitar los servicios para los involucrados en un proceso judicial.<\/p>\n<p>\u201cEn este sentido, es fundamental que la instancias administrativas, jurisdiccionales y de procuraci\u00f3n de justicia cuenten con una plataforma tecnol\u00f3gica que permita su interconexi\u00f3n eficaz\u201d, destac\u00f3.<\/p>\n<p>En el Consejo de la Judicatura, en la capital del pa\u00eds, Del Mazo Maza subray\u00f3 la importancia que tienen estos acuerdos, pues en la actualidad es fundamental que las entidades intercambien informaci\u00f3n que permita acelerar la impartici\u00f3n de justicia y ofrecer un servicio m\u00e1s eficaz a la ciudadan\u00eda.<\/p>\n<p>Ante el Presidente de la Suprema Corte de Justicia de la Naci\u00f3n y del Consejo de la Judicatura Federal, Luis Mar\u00eda Aguilar Morales, el Gobernador del Estado de M\u00e9xico se\u00f1al\u00f3 que el fortalecimiento y la modernizaci\u00f3n del Sistema de Justicia es necesario para garantizar un acceso eficaz a los procesos legales, adem\u00e1s que debe ser imparcial y transparente, con pleno respeto a los derechos humanos.<\/p>\n<p>\u201cLos mexiquenses estamos conscientes que la modernizaci\u00f3n de la justicia es una responsabilidad compartida.<\/p>\n<p>\u201cHoy el Gobierno del Estado de M\u00e9xico se suma con decisi\u00f3n y firmeza a las acciones que realiza el Poder Judicial Federal\u00bb, enfatiz\u00f3.<\/p>\n<p>Asegur\u00f3 que estos acuerdos plantean la implementaci\u00f3n de bases de datos que podr\u00e1n ser compartidas entre entidades y el Poder Judicial federal, as\u00ed como realizar tr\u00e1mites legales en l\u00ednea, como presentar un juicio de amparo, lo cual representa una innovaci\u00f3n a nivel mundial.<\/p>\n<p>Consider\u00f3 que estos acuerdos son un paso m\u00e1s hacia la consolidaci\u00f3n de un Estado de Derecho robusto, eficaz y equitativo, necesario para convertir a M\u00e9xico en un pa\u00eds en el que todos los derechos se respeten y todas las personas tengan garantizado su acceso.<\/p>\n<p>Agreg\u00f3 tambi\u00e9n que la tecnolog\u00eda brinda oportunidades que acercan m\u00e1s al Gobierno con la sociedad, y destac\u00f3 que estos acuerdos son el inicio de una era de colaboraci\u00f3n entre las instancias que contar\u00e1n con un sistema m\u00e1s moderno.<\/p>\n<p>Reconoci\u00f3 al Presidente de la Rep\u00fablica, Enrique Pe\u00f1a Nieto y al Ministro Presidente Luis Mar\u00eda Aguilar, por su visi\u00f3n para consolidar el Estado de Derecho a trav\u00e9s de esta iniciativa, as\u00ed como fortalecer a las instituciones para hacer de M\u00e9xico una naci\u00f3n m\u00e1s justa.<\/p>\n<p>\u201cDurante el Gobierno del Presidente de la Rep\u00fablica, el Licenciado Enrique Pe\u00f1a Nieto, consolidar el Estado de Derecho y el respeto pleno a los Derechos Humanos han sido una de las mayores prioridades\u201d, mencion\u00f3.<\/p>\n<p>En presencia de Consejeros y Magistrados de la Judicatura Federal, el mandatario mexiquense se\u00f1al\u00f3 que el Gobierno del Estado de M\u00e9xico continuar\u00e1 impulsando la creaci\u00f3n de m\u00e1s infraestructura que permita modernizar los procesos legales, hacerlos m\u00e1s transparentes y accesibles.<\/p>\n<p>El Presidente de la Suprema Corte de Justicia de la Naci\u00f3n y del Consejo de la Judicatura Federal, Luis Mar\u00eda Aguilar Morales, dijo que estos acuerdos son una herramienta que permitir\u00e1 a las instituciones encargadas de la impartici\u00f3n de justicia, agilizar los procesos jur\u00eddicos, facilitar el intercambio de informaci\u00f3n y mejorar los diversos procesos.<\/p>\n<p>Agreg\u00f3 que tambi\u00e9n se validar\u00e1 el uso de la firma electr\u00f3nica en el Poder Judicial federal, as\u00ed como la rendici\u00f3n de informes en l\u00ednea, el acceso a integraci\u00f3n de expedientes electr\u00f3nicos y carpetas digitales, ahorro de uso de papel, env\u00edo de exhortos, cartas rotatorias y otros documentos.<\/p>\n<p>Estos convenios tambi\u00e9n fueron signados por los titulares de los Tribunales de Justicia de Jalisco, Baja California, Guanajuato, Ciudad de M\u00e9xico, Nuevo Le\u00f3n y Estado de M\u00e9xico y por el Presidente de la Comisi\u00f3n Bancaria y de Valores, Jaime Gonz\u00e1lez Aguad\u00e9.<\/p>\n","protected":false},"excerpt":{"rendered":"<p>En la Firma de Convenios de Interconexi\u00f3n Interinstitucional, entre el Estado de M\u00e9xico y el Poder Judicial de la Federaci\u00f3n, el Gobernador Alfredo Del Mazo Maza asegur\u00f3 que a trav\u00e9s de estos acuerdos la entidad mexiquense moderniza su sistema de impartici\u00f3n de justicia y permite que el acceso a la misma sea m\u00e1s democr\u00e1tico, \u00e1gil y econ\u00f3mico.<\/p>\n","protected":false},"author":5,"featured_media":354508,"comment_status":"open","ping_status":"open","sticky":false,"template":"","format":"standard","meta":{"_monsterinsights_skip_tracking":false,"_monsterinsights_sitenote_active":false,"_monsterinsights_sitenote_note":"","_monsterinsights_sitenote_category":0,"footnotes":""},"categories":[5],"tags":[68139,68137,6055],"class_list":["post-354507","post","type-post","status-publish","format-standard","has-post-thumbnail","hentry","category-estado-de-mexico","tag-luis-maria-aguilar-morales","tag-modernizara-edomex","tag-poder-judicial"],"_links":{"self":[{"href":"https:\/\/www.diarioimagen.net\/index.php?rest_route=\/wp\/v2\/posts\/354507","targetHints":{"allow":["GET"]}}],"collection":[{"href":"https:\/\/www.diarioimagen.net\/index.php?rest_route=\/wp\/v2\/posts"}],"about":[{"href":"https:\/\/www.diarioimagen.net\/index.php?rest_route=\/wp\/v2\/types\/post"}],"author":[{"embeddable":true,"href":"https:\/\/www.diarioimagen.net\/index.php?rest_route=\/wp\/v2\/users\/5"}],"replies":[{"embeddable":true,"href":"https:\/\/www.diarioimagen.net\/index.php?rest_route=%2Fwp%2Fv2%2Fcomments&post=354507"}],"version-history":[{"count":0,"href":"https:\/\/www.diarioimagen.net\/index.php?rest_route=\/wp\/v2\/posts\/354507\/revisions"}],"wp:featuredmedia":[{"embeddable":true,"href":"https:\/\/www.diarioimagen.net\/index.php?rest_route=\/wp\/v2\/media\/354508"}],"wp:attachment":[{"href":"https:\/\/www.diarioimagen.net\/index.php?rest_route=%2Fwp%2Fv2%2Fmedia&parent=354507"}],"wp:term":[{"taxonomy":"category","embeddable":true,"href":"https:\/\/www.diarioimagen.net\/index.php?rest_route=%2Fwp%2Fv2%2Fcategories&post=354507"},{"taxonomy":"post_tag","embeddable":true,"href":"https:\/\/www.diarioimagen.net\/index.php?rest_route=%2Fwp%2Fv2%2Ftags&post=354507"}],"curies":[{"name":"wp","href":"https:\/\/api.w.org\/{rel}","templated":true}]}}