{"id":354511,"date":"2017-11-23T00:09:23","date_gmt":"2017-11-23T06:09:23","guid":{"rendered":"http:\/\/www.diarioimagen.net\/?p=354511"},"modified":"2017-11-22T18:44:55","modified_gmt":"2017-11-23T00:44:55","slug":"pri-sin-fracturas-ni-golpeteo","status":"publish","type":"post","link":"https:\/\/www.diarioimagen.net\/?p=354511","title":{"rendered":"PRI, sin fracturas ni golpeteo"},"content":{"rendered":"<h2>De frente y de perfil<\/h2>\n<h5>Ram\u00f3n Zurita Sahag\u00fan<\/h5>\n<p>&nbsp;<\/p>\n<div id=\"attachment_354512\" style=\"width: 470px\" class=\"wp-caption aligncenter\"><a href=\"http:\/\/www.diarioimagen.net\/?attachment_id=354512\" rel=\"attachment wp-att-354512\"><img loading=\"lazy\" decoding=\"async\" aria-describedby=\"caption-attachment-354512\" class=\"size-large wp-image-354512\" src=\"http:\/\/www.diarioimagen.net\/wp-content\/uploads\/2017\/11\/ZURITA-3257-460x259.jpg\" alt=\"\" width=\"460\" height=\"259\" srcset=\"https:\/\/www.diarioimagen.net\/wp-content\/uploads\/2017\/11\/ZURITA-3257-460x259.jpg 460w, https:\/\/www.diarioimagen.net\/wp-content\/uploads\/2017\/11\/ZURITA-3257-240x135.jpg 240w, https:\/\/www.diarioimagen.net\/wp-content\/uploads\/2017\/11\/ZURITA-3257-235x132.jpg 235w, https:\/\/www.diarioimagen.net\/wp-content\/uploads\/2017\/11\/ZURITA-3257-202x114.jpg 202w, https:\/\/www.diarioimagen.net\/wp-content\/uploads\/2017\/11\/ZURITA-3257-350x196.jpg 350w, https:\/\/www.diarioimagen.net\/wp-content\/uploads\/2017\/11\/ZURITA-3257-220x123.jpg 220w, https:\/\/www.diarioimagen.net\/wp-content\/uploads\/2017\/11\/ZURITA-3257-237x132.jpg 237w, https:\/\/www.diarioimagen.net\/wp-content\/uploads\/2017\/11\/ZURITA-3257.jpg 480w\" sizes=\"auto, (max-width: 460px) 100vw, 460px\" \/><\/a><p id=\"caption-attachment-354512\" class=\"wp-caption-text\">Ricardo Monreal pedir\u00e1 licencia como jefe delegacional en Cuauht\u00e9moc, para tomar un a\u00f1o sab\u00e1tico.<\/p><\/div>\n<p>&nbsp;<\/p>\n<p>Conforme se acerca la etapa final para definir al candidato presidencial pri\u00edsta, se recrudece el intercambio de golpes bajos entre los promotores de uno y otros de los aspirantes, los que deslizan a los medios de comunicaci\u00f3n comentarios que pretenden da\u00f1ar.<\/p>\n<p>Sin embargo, la sucesi\u00f3n actual no se parece en nada a las anteriores, de los tiempos en que los pri\u00edstas eran partido \u00fanico o de los que participaron ya en la etapa democr\u00e1tica.<\/p>\n<p>Claro que hay sus diferencias entre los actuales, pero tratan de guardar compostura, sabedores de que la decisi\u00f3n la tomar\u00e1 uno solo y ese uno analizar\u00e1 diversos factores, donde no tiene nada que ver el golpeteo medi\u00e1tico.<\/p>\n<p>Las lecturas que se les da a cada uno de los movimientos que realizan los aspirantes son realzadas o degradadas por sus promotores o detractores, seg\u00fan sea el caso.<\/p>\n<p>Durante la semana que termin\u00f3 y la que inici\u00f3 el domingo, el presidente Enrique Pe\u00f1a Nieto convivi\u00f3 con varios de los prospectos de su partido, donde algunos creyeron ver un gui\u00f1o hacia alguno de los presentes y otros lo negaron, seg\u00fan su conveniencia.<\/p>\n<p>Primero, fue durante la convocatoria realizada por el gobernador de Chiapas, Manuel Velasco Coello, para la celebraci\u00f3n del bautizo de su hijo, donde destacaron como invitados el presidente Pe\u00f1a Nieto y su gabinete, incluido el grupo de los presidenciables.<\/p>\n<p>Al d\u00eda siguiente, una nueva reuni\u00f3n en que el Presidente de la Rep\u00fablica se reuni\u00f3 con algunos de los aspirantes a la candidatura pri\u00edsta.<\/p>\n<p>Con toda la liturgia de los ritos pri\u00edstas, ser\u00e1 cuando el Presidente de la Rep\u00fablica considere los tiempos adecuados, cuando el partido emita la convocatoria, aunque para entonces el nombre del abanderado ya ser\u00e1 revelado.<\/p>\n<p>Mientras tanto, los pri\u00edstas se encuentran a la espera de que no se produzca una dispersi\u00f3n, como la ocurrida en algunos episodios del pasado y menos que el intercambio de golpes se recrudezca.<\/p>\n<p>En el pasado hay algunos hechos que los pri\u00edstas intentan no revivir para la actualidad.<\/p>\n<p>Algunas de las sucesiones resultaron con personajes amargados y relegados y otros que prefirieron negociar y acomodar su futuro, ante lo inminente de que la candidatura no ser\u00eda para ellos.<\/p>\n<p>Uno de esos casos fue el de Manuel Bartlett D\u00edaz, quien era uno de los favoritos para la sucesi\u00f3n de Miguel de la Madrid y al que se le entramp\u00f3 la elecci\u00f3n presidencial y en su papel de secretario de Gobernaci\u00f3n logr\u00f3 transitar de una administraci\u00f3n sexenal a la siguiente, mediante la Secretar\u00eda de Educaci\u00f3n P\u00fablica y el gobierno del estado de Puebla, como una salida a sus ambiciones pol\u00edticas.<\/p>\n<p>El hoy senador por el PT y simpatizante de Morena, logr\u00f3 su prop\u00f3sito de ser incluido en otra sucesi\u00f3n, sin conseguir ser el candidato de su entonces partido, el PRI.<\/p>\n<p>Carlos Salinas de Gortari fue el candidato en aquel 1987, donde se intent\u00f3 un albazo, mediante el deslizamiento del nombre de Sergio Garc\u00eda Ram\u00edrez como el candidato, el cual abort\u00f3.<\/p>\n<p>Salinas de Gortari fue v\u00edctima de un terrible golpeteo, mediante la publicaci\u00f3n de un libelo, el que conten\u00eda hechos lamentables de su infancia, en que \u00e9l y su hermano Ra\u00fal, hab\u00edan cometido un crimen.<\/p>\n<p>Otro hecho ins\u00f3lito dentro de los ritos pri\u00edstas, fue el destape de Luis Donaldo Colosio y el golpeteo previo entre los seguidores del sonorense y los de Manuel Camacho Sol\u00eds, el otro aspirante s\u00f3lido.<\/p>\n<p>Las diferencias entre uno y otro provocaron que Camacho Sol\u00eds no asistiera al abanderamiento de Colosio y por el contrario manifestara su disgusto por ello y hasta se negara a participar en la campa\u00f1a.<\/p>\n<p>Camacho Sol\u00eds fue designado Comisionado para la Paz en Chiapas el mismo d\u00eda en que Colosio iniciaba su campa\u00f1a electoral, robando reflectores del hecho.<\/p>\n<p>Otro hecho de la sucesi\u00f3n fue el provocado por el asesinato de Luis Donaldo Colosio y cuando el PRI necesitaba nombrar un candidato sustituto, solamente hab\u00eda dos con esa posibilidad: el coordinador de la campa\u00f1a presidencial del malogrado aspirante, Ernesto Zedillo, y el presidente nacional del partido, Fernando Ortiz Arana.<\/p>\n<p>El golpeteo de los grupos de uno y otro se hizo sentir y hasta se anticip\u00f3 la rebeld\u00eda de los seguidores del dirigente pri\u00edsta si el elegido era Zedillo, aunque finalmente nada sucedi\u00f3.<\/p>\n<p>La nominaci\u00f3n de Francisco Labastida gener\u00f3 inconformidad entre el grupo de seguidores de Roberto Madrazo y dio paso a un rompimiento que devino en la p\u00e9rdida de la Presidencia de la Rep\u00fablica por vez primera.<\/p>\n<p>Seis a\u00f1os despu\u00e9s sucedi\u00f3 algo similar, cuando Roberto Madrazo fue el candidato presidencial y varios de los principales gobernadores pri\u00edstas despreciaron a su candidato y le hicieron vac\u00edo.<\/p>\n<p>Antes de eso, algunos militantes pri\u00edstas con aspiraciones renunciaron al PRI y se postularon candidatos por otros organismos pol\u00edticos, al saber que no estaban contemplados por su partido de origen.<\/p>\n<p>En la actualidad, no se cree pudiera existir algo similar, ni siquiera que el partido sufriera alguna fractura por la nominaci\u00f3n de un candidato ajeno a la militancia o alguno que no traiga una carrera s\u00f3lida.<\/p>\n<p>Se espera que con la nominaci\u00f3n de su candidato presidencial, los pri\u00edstas puedan competir en igualdad de posibilidades con los candidatos de las otras dos alianzas ya consolidadas la del PAN-PRD-MC y la de Morena-PT-<\/p>\n<p style=\"text-align: center;\"><b>EL A\u00d1O SAB\u00c1TICO DE MONREAL<\/b><\/p>\n<p>\u00a0Desgastado an\u00edmicamente por no ser candidato al gobierno de la CDMX, Ricardo Monreal renunciar\u00e1 (pedir\u00e1 licencia) como jefe delegacional en Cuauht\u00e9moc, para tomar un a\u00f1o sab\u00e1tico. Eso s\u00ed, mantendr\u00e1 su militancia en Morena.<\/p>\n<p><em><a href=\"mailto:ramonzurita44@hotmail.com\" target=\"_blank\" rel=\"noopener noreferrer\">ramonzurita44@hotmail.com<\/a><\/em><\/p>\n","protected":false},"excerpt":{"rendered":"<p><span style=\"color: #005497;\"><strong>Ram\u00f3n Zurita Sahag\u00fan<\/strong><\/span><br \/>\n<br \/>\nConforme se acerca la etapa final para definir al candidato presidencial pri\u00edsta, se recrudece el intercambio de golpes bajos entre los promotores de uno y otros de los aspirantes, los que deslizan a los medios de comunicaci\u00f3n comentarios que pretenden da\u00f1ar.<\/p>\n","protected":false},"author":1,"featured_media":354512,"comment_status":"open","ping_status":"open","sticky":false,"template":"","format":"standard","meta":{"_monsterinsights_skip_tracking":false,"_monsterinsights_sitenote_active":false,"_monsterinsights_sitenote_note":"","_monsterinsights_sitenote_category":0,"footnotes":""},"categories":[234],"tags":[304,43674,43687],"class_list":["post-354511","post","type-post","status-publish","format-standard","has-post-thumbnail","hentry","category-ramon-zurita-sahagun","tag-de-frente-y-de-perfil","tag-opinion","tag-ramon-zurita-sahagun"],"_links":{"self":[{"href":"https:\/\/www.diarioimagen.net\/index.php?rest_route=\/wp\/v2\/posts\/354511","targetHints":{"allow":["GET"]}}],"collection":[{"href":"https:\/\/www.diarioimagen.net\/index.php?rest_route=\/wp\/v2\/posts"}],"about":[{"href":"https:\/\/www.diarioimagen.net\/index.php?rest_route=\/wp\/v2\/types\/post"}],"author":[{"embeddable":true,"href":"https:\/\/www.diarioimagen.net\/index.php?rest_route=\/wp\/v2\/users\/1"}],"replies":[{"embeddable":true,"href":"https:\/\/www.diarioimagen.net\/index.php?rest_route=%2Fwp%2Fv2%2Fcomments&post=354511"}],"version-history":[{"count":0,"href":"https:\/\/www.diarioimagen.net\/index.php?rest_route=\/wp\/v2\/posts\/354511\/revisions"}],"wp:featuredmedia":[{"embeddable":true,"href":"https:\/\/www.diarioimagen.net\/index.php?rest_route=\/wp\/v2\/media\/354512"}],"wp:attachment":[{"href":"https:\/\/www.diarioimagen.net\/index.php?rest_route=%2Fwp%2Fv2%2Fmedia&parent=354511"}],"wp:term":[{"taxonomy":"category","embeddable":true,"href":"https:\/\/www.diarioimagen.net\/index.php?rest_route=%2Fwp%2Fv2%2Fcategories&post=354511"},{"taxonomy":"post_tag","embeddable":true,"href":"https:\/\/www.diarioimagen.net\/index.php?rest_route=%2Fwp%2Fv2%2Ftags&post=354511"}],"curies":[{"name":"wp","href":"https:\/\/api.w.org\/{rel}","templated":true}]}}