{"id":354566,"date":"2017-11-23T00:09:41","date_gmt":"2017-11-23T06:09:41","guid":{"rendered":"http:\/\/www.diarioimagen.net\/?p=354566"},"modified":"2017-11-22T23:01:05","modified_gmt":"2017-11-23T05:01:05","slug":"acceso-a-la-justicia-mas-democratico-y-economico","status":"publish","type":"post","link":"https:\/\/www.diarioimagen.net\/?p=354566","title":{"rendered":"Acceso a la\u00a0justicia m\u00e1s\u00a0democr\u00e1tico\u00a0y econ\u00f3mico"},"content":{"rendered":"<h2>Arco Norte<\/h2>\n<h5>Jos\u00e9 Luis Monta\u00f1ez Aguilar<\/h5>\n<p>&nbsp;<\/p>\n<div id=\"attachment_354567\" style=\"width: 470px\" class=\"wp-caption aligncenter\"><a href=\"http:\/\/www.diarioimagen.net\/?attachment_id=354567\" rel=\"attachment wp-att-354567\"><img loading=\"lazy\" decoding=\"async\" aria-describedby=\"caption-attachment-354567\" class=\"size-large wp-image-354567\" src=\"http:\/\/www.diarioimagen.net\/wp-content\/uploads\/2017\/11\/arco-3257-460x259.jpg\" alt=\"\" width=\"460\" height=\"259\" srcset=\"https:\/\/www.diarioimagen.net\/wp-content\/uploads\/2017\/11\/arco-3257-460x259.jpg 460w, https:\/\/www.diarioimagen.net\/wp-content\/uploads\/2017\/11\/arco-3257-240x135.jpg 240w, https:\/\/www.diarioimagen.net\/wp-content\/uploads\/2017\/11\/arco-3257-235x132.jpg 235w, https:\/\/www.diarioimagen.net\/wp-content\/uploads\/2017\/11\/arco-3257-202x114.jpg 202w, https:\/\/www.diarioimagen.net\/wp-content\/uploads\/2017\/11\/arco-3257-350x196.jpg 350w, https:\/\/www.diarioimagen.net\/wp-content\/uploads\/2017\/11\/arco-3257-220x123.jpg 220w, https:\/\/www.diarioimagen.net\/wp-content\/uploads\/2017\/11\/arco-3257-237x132.jpg 237w, https:\/\/www.diarioimagen.net\/wp-content\/uploads\/2017\/11\/arco-3257.jpg 480w\" sizes=\"auto, (max-width: 460px) 100vw, 460px\" \/><\/a><p id=\"caption-attachment-354567\" class=\"wp-caption-text\">Alfredo del Mazo Maza, gobernador del Estado de M\u00e9xico.<\/p><\/div>\n<p>&nbsp;<\/p>\n<p>Alfredo Del Mazo asegur\u00f3 que con la firma de Convenios de Interconexi\u00f3n Interinstitucional, entre el Estado de M\u00e9xico y el Poder Judicial de la Federaci\u00f3n, la entidad moderniza su sistema de impartici\u00f3n de justicia y permite que el acceso a la misma sea m\u00e1s democr\u00e1tico, \u00e1gil y econ\u00f3mico. Destac\u00f3 la importancia que tienen estos acuerdos, pues en la actualidad es fundamental que las entidades intercambien informaci\u00f3n que permita acelerar la impartici\u00f3n de justicia y ofrecer un servicio m\u00e1s eficaz a la ciudadan\u00eda. Mencion\u00f3 que el fortalecimiento y la modernizaci\u00f3n del Sistema de Justicia es necesario para garantizar un acceso eficaz a los procesos legales, adem\u00e1s que debe ser imparcial y transparente, con pleno respeto a los derechos humanos. Del Mazo asegur\u00f3 que estos acuerdos plantean la implementaci\u00f3n de bases de datos que podr\u00e1n ser compartidas entre entidades y el Poder Judicial federal, as\u00ed como realizar tr\u00e1mites legales en l\u00ednea, como presentar un juicio de amparo, lo cual representa una innovaci\u00f3n a nivel mundial. Consider\u00f3 que estos acuerdos son un paso m\u00e1s hacia la consolidaci\u00f3n de un estado de Derecho robusto, eficaz y equitativo, necesario para convertir a M\u00e9xico en un pa\u00eds en el que todos los derechos se respeten.<\/p>\n<p style=\"text-align: center;\"><b>Acerca Edomex servicios de la defensor\u00eda p\u00fablica a los mexiquenses<\/b><\/p>\n<p>El Instituto de la Defensor\u00eda P\u00fablica de la Secretar\u00eda de Justicia y Derechos Humanos acerca sus servicios a las comunidades m\u00e1s alejadas del Estado de M\u00e9xico para garantizar que todos los mexiquenses conozcan sus derechos y puedan defenderlos. La jornada m\u00e1s recientes se llev\u00f3 a cabo en Acambay, donde defensores del instituto dieron orientaci\u00f3n y asesor\u00eda a los ciudadanos principalmente en las materias penal, civil y familiar. Los defensores tambi\u00e9n brindan orientaci\u00f3n en temas mercantiles, administrativos, laborales y agrarios. En lo que va de este a\u00f1o, se han llevado a cabo 122 jornadas de defensor\u00eda en 87 municipios como Valle de Chalco, Ocuilan, San Mart\u00edn de las Pir\u00e1mides y Joquicingo, entre otros.<\/p>\n<p>, y continuar\u00e1n realiz\u00e1ndose semanalmente en diversos puntos de la entidad. El Instituto de la Defensor\u00eda P\u00fablica ofrece a personas de escasos recursos, adultos mayores, poblaci\u00f3n vulnerable y discapacitados el servicio de patrocinios en temas familiares, civiles y mercantiles, as\u00ed como defensa penal en caso de ser acusados de alg\u00fan delito. Para recibir la primera asesor\u00eda no es necesario llevar alg\u00fan documento ni realizar pagos; s\u00f3lo ser\u00e1n solicitados en caso de que se inicie alg\u00fan procedimiento.<\/p>\n<p><em><a href=\"mailto:montanezaguilar@gmail.com\" target=\"_blank\" rel=\"noopener noreferrer\">montanezaguilar@gmail.com<\/a><\/em><\/p>\n","protected":false},"excerpt":{"rendered":"<p><span style=\"color: #005497;\">Jos\u00e9 Luis Monta\u00f1ez Aguilar<\/span><br \/>\n<br \/>\nAlfredo Del Mazo asegur\u00f3 que con la firma de Convenios de Interconexi\u00f3n Interinstitucional, entre el Estado de M\u00e9xico y el Poder Judicial de la Federaci\u00f3n, la entidad moderniza su sistema de impartici\u00f3n de justicia y permite que el acceso a la misma sea m\u00e1s democr\u00e1tico, \u00e1gil y econ\u00f3mico.<\/p>\n","protected":false},"author":1,"featured_media":354567,"comment_status":"open","ping_status":"open","sticky":false,"template":"","format":"standard","meta":{"_monsterinsights_skip_tracking":false,"_monsterinsights_sitenote_active":false,"_monsterinsights_sitenote_note":"","_monsterinsights_sitenote_category":0,"footnotes":""},"categories":[35155],"tags":[13284,43675,54579],"class_list":["post-354566","post","type-post","status-publish","format-standard","has-post-thumbnail","hentry","category-estado-de-mexico-estado-de-mexico","tag-arco-norte","tag-estado-de-mexico","tag-jose-luis-montanez"],"_links":{"self":[{"href":"https:\/\/www.diarioimagen.net\/index.php?rest_route=\/wp\/v2\/posts\/354566","targetHints":{"allow":["GET"]}}],"collection":[{"href":"https:\/\/www.diarioimagen.net\/index.php?rest_route=\/wp\/v2\/posts"}],"about":[{"href":"https:\/\/www.diarioimagen.net\/index.php?rest_route=\/wp\/v2\/types\/post"}],"author":[{"embeddable":true,"href":"https:\/\/www.diarioimagen.net\/index.php?rest_route=\/wp\/v2\/users\/1"}],"replies":[{"embeddable":true,"href":"https:\/\/www.diarioimagen.net\/index.php?rest_route=%2Fwp%2Fv2%2Fcomments&post=354566"}],"version-history":[{"count":0,"href":"https:\/\/www.diarioimagen.net\/index.php?rest_route=\/wp\/v2\/posts\/354566\/revisions"}],"wp:featuredmedia":[{"embeddable":true,"href":"https:\/\/www.diarioimagen.net\/index.php?rest_route=\/wp\/v2\/media\/354567"}],"wp:attachment":[{"href":"https:\/\/www.diarioimagen.net\/index.php?rest_route=%2Fwp%2Fv2%2Fmedia&parent=354566"}],"wp:term":[{"taxonomy":"category","embeddable":true,"href":"https:\/\/www.diarioimagen.net\/index.php?rest_route=%2Fwp%2Fv2%2Fcategories&post=354566"},{"taxonomy":"post_tag","embeddable":true,"href":"https:\/\/www.diarioimagen.net\/index.php?rest_route=%2Fwp%2Fv2%2Ftags&post=354566"}],"curies":[{"name":"wp","href":"https:\/\/api.w.org\/{rel}","templated":true}]}}