{"id":354569,"date":"2017-11-23T00:10:09","date_gmt":"2017-11-23T06:10:09","guid":{"rendered":"http:\/\/www.diarioimagen.net\/?p=354569"},"modified":"2017-11-23T01:57:01","modified_gmt":"2017-11-23T07:57:01","slug":"nuevo-mega-reciclaton-en-parque-ambiental-bicentenario","status":"publish","type":"post","link":"https:\/\/www.diarioimagen.net\/?p=354569","title":{"rendered":"Nuevo mega-reciclat\u00f3n en Parque Ambiental Bicentenario"},"content":{"rendered":"<ul>\n<li><em><b>Buscan recolectar 20 toneladas de desechos tecnol\u00f3gicos<\/b><\/em><\/li>\n<\/ul>\n<p>&nbsp;<\/p>\n<div id=\"attachment_354570\" style=\"width: 470px\" class=\"wp-caption aligncenter\"><a href=\"http:\/\/www.diarioimagen.net\/?attachment_id=354570\" rel=\"attachment wp-att-354570\"><img loading=\"lazy\" decoding=\"async\" aria-describedby=\"caption-attachment-354570\" class=\"size-large wp-image-354570\" src=\"http:\/\/www.diarioimagen.net\/wp-content\/uploads\/2017\/11\/metepec-recicla-3257-460x259.jpg\" alt=\"\" width=\"460\" height=\"259\" srcset=\"https:\/\/www.diarioimagen.net\/wp-content\/uploads\/2017\/11\/metepec-recicla-3257-460x259.jpg 460w, https:\/\/www.diarioimagen.net\/wp-content\/uploads\/2017\/11\/metepec-recicla-3257-240x135.jpg 240w, https:\/\/www.diarioimagen.net\/wp-content\/uploads\/2017\/11\/metepec-recicla-3257-235x132.jpg 235w, https:\/\/www.diarioimagen.net\/wp-content\/uploads\/2017\/11\/metepec-recicla-3257-202x114.jpg 202w, https:\/\/www.diarioimagen.net\/wp-content\/uploads\/2017\/11\/metepec-recicla-3257-350x196.jpg 350w, https:\/\/www.diarioimagen.net\/wp-content\/uploads\/2017\/11\/metepec-recicla-3257-220x123.jpg 220w, https:\/\/www.diarioimagen.net\/wp-content\/uploads\/2017\/11\/metepec-recicla-3257-237x132.jpg 237w, https:\/\/www.diarioimagen.net\/wp-content\/uploads\/2017\/11\/metepec-recicla-3257.jpg 480w\" sizes=\"auto, (max-width: 460px) 100vw, 460px\" \/><\/a><p id=\"caption-attachment-354570\" class=\"wp-caption-text\">Se llevar\u00e1\u00a0a cabo mega- reciclat\u00f3n en\u00a0 el Parque Ambiental Bicentenario, en Metepec, del 23 al 25 de noviembre.<\/p><\/div>\n<p>&nbsp;<\/p>\n<p><strong>Metepec, Estado de M\u00e9xico.-<\/strong> Para fomentar una correcta disposici\u00f3n final de los desechos el\u00e9ctricos y electr\u00f3nicos que contienen gran cantidad de elementos t\u00f3xicos da\u00f1inos al medio ambiente y a la salud p\u00fablica, del 23 al 25 de noviembre se llevar\u00e1 a cabo un mega- reciclat\u00f3n en el Parque Ambiental Bicentenario, en Metepec.<\/p>\n<p>La Secretar\u00eda de Medio Ambiente inform\u00f3 que estar\u00e1 abierto de 9:00 a 18:00 horas y todos los objetos que se recolecten ser\u00e1n reciclados por una empresa especializada que cuenta con certificaciones especiales en materia de Gesti\u00f3n de Calidad y Gesti\u00f3n Medioamiental.<\/p>\n<p>Indic\u00f3 que en los \u00faltimos cinco a\u00f1os en el Estado de M\u00e9xico se han llevado a cabo 25 jornadas de este tipo, en las cuales se han recabado m\u00e1s de 146 toneladas de electrodom\u00e9sticos.<\/p>\n<p>En 2017 se han realizado 10 reciclatones y recolectado m\u00e1s de 31 toneladas de aparatos electr\u00f3nicos y el\u00e9ctricos.<\/p>\n<p>Para este pr\u00f3ximo fin de semana, el mega-reciclat\u00f3n tiene como meta la recolecci\u00f3n de 20 toneladas de desechos tecnol\u00f3gicos.<\/p>\n<p>De acuerdo con estudios del Instituto Nacional de Ecolog\u00eda y Cambio Clim\u00e1tico (INECC) y la C\u00e1mara Nacional de la Industria Electr\u00f3nica de Telecomunicaciones y Tecnolog\u00edas de la Informaci\u00f3n (CANIETI), M\u00e9xico es el quinto pa\u00eds a nivel mundial en generaci\u00f3n de residuos electr\u00f3nicos.<\/p>\n<p>Esto signific\u00f3 que en 2014 cada persona en el pa\u00eds gener\u00f3 2.99 kilogramos de residuos tecnol\u00f3gicos.<\/p>\n<p>Del total de desechos, el 50 por ciento termina en rellenos sanitarios y tiraderos al aire libre, el 40 por ciento se almacenan en casa habitaci\u00f3n y \u00fanicamente el 10 por ciento se lleva a recicladores.<\/p>\n","protected":false},"excerpt":{"rendered":"<p>Para fomentar una correcta disposici\u00f3n final de los desechos el\u00e9ctricos y electr\u00f3nicos que contienen gran cantidad de elementos t\u00f3xicos da\u00f1inos al medio ambiente y a la salud p\u00fablica, del 23 al 25 de noviembre se llevar\u00e1 a cabo un mega- reciclat\u00f3n en el Parque Ambiental Bicentenario, en Metepec.<\/p>\n","protected":false},"author":1,"featured_media":354570,"comment_status":"open","ping_status":"open","sticky":false,"template":"","format":"standard","meta":{"_monsterinsights_skip_tracking":false,"_monsterinsights_sitenote_active":false,"_monsterinsights_sitenote_note":"","_monsterinsights_sitenote_category":0,"footnotes":""},"categories":[5],"tags":[43675,876,68164,45979],"class_list":["post-354569","post","type-post","status-publish","format-standard","has-post-thumbnail","hentry","category-estado-de-mexico","tag-estado-de-mexico","tag-metepec","tag-parque-ambiental-bicentenario","tag-reciclaton"],"_links":{"self":[{"href":"https:\/\/www.diarioimagen.net\/index.php?rest_route=\/wp\/v2\/posts\/354569","targetHints":{"allow":["GET"]}}],"collection":[{"href":"https:\/\/www.diarioimagen.net\/index.php?rest_route=\/wp\/v2\/posts"}],"about":[{"href":"https:\/\/www.diarioimagen.net\/index.php?rest_route=\/wp\/v2\/types\/post"}],"author":[{"embeddable":true,"href":"https:\/\/www.diarioimagen.net\/index.php?rest_route=\/wp\/v2\/users\/1"}],"replies":[{"embeddable":true,"href":"https:\/\/www.diarioimagen.net\/index.php?rest_route=%2Fwp%2Fv2%2Fcomments&post=354569"}],"version-history":[{"count":0,"href":"https:\/\/www.diarioimagen.net\/index.php?rest_route=\/wp\/v2\/posts\/354569\/revisions"}],"wp:featuredmedia":[{"embeddable":true,"href":"https:\/\/www.diarioimagen.net\/index.php?rest_route=\/wp\/v2\/media\/354570"}],"wp:attachment":[{"href":"https:\/\/www.diarioimagen.net\/index.php?rest_route=%2Fwp%2Fv2%2Fmedia&parent=354569"}],"wp:term":[{"taxonomy":"category","embeddable":true,"href":"https:\/\/www.diarioimagen.net\/index.php?rest_route=%2Fwp%2Fv2%2Fcategories&post=354569"},{"taxonomy":"post_tag","embeddable":true,"href":"https:\/\/www.diarioimagen.net\/index.php?rest_route=%2Fwp%2Fv2%2Ftags&post=354569"}],"curies":[{"name":"wp","href":"https:\/\/api.w.org\/{rel}","templated":true}]}}