{"id":354618,"date":"2017-11-23T00:07:11","date_gmt":"2017-11-23T06:07:11","guid":{"rendered":"http:\/\/www.diarioimagen.net\/?p=354618"},"modified":"2017-11-23T00:08:38","modified_gmt":"2017-11-23T06:08:38","slug":"reconocen-el-trabajo-de-la-policia-y-de-proteccion-civil-de-huixquilucan","status":"publish","type":"post","link":"https:\/\/www.diarioimagen.net\/?p=354618","title":{"rendered":"Reconocen el trabajo de la polic\u00eda\u00a0y de Protecci\u00f3n Civil de Huixquilucan"},"content":{"rendered":"<ul>\n<li><em><b>Autorizan est\u00edmulos y recompensas\u00a0<\/b><\/em><\/li>\n<\/ul>\n<p>&nbsp;<\/p>\n<div id=\"attachment_354619\" style=\"width: 470px\" class=\"wp-caption aligncenter\"><a href=\"http:\/\/www.diarioimagen.net\/?attachment_id=354619\" rel=\"attachment wp-att-354619\"><img loading=\"lazy\" decoding=\"async\" aria-describedby=\"caption-attachment-354619\" class=\"size-large wp-image-354619\" src=\"http:\/\/www.diarioimagen.net\/wp-content\/uploads\/2017\/11\/HUIXQUILUCAN-3257-460x259.jpg\" alt=\"\" width=\"460\" height=\"259\" srcset=\"https:\/\/www.diarioimagen.net\/wp-content\/uploads\/2017\/11\/HUIXQUILUCAN-3257-460x259.jpg 460w, https:\/\/www.diarioimagen.net\/wp-content\/uploads\/2017\/11\/HUIXQUILUCAN-3257-240x135.jpg 240w, https:\/\/www.diarioimagen.net\/wp-content\/uploads\/2017\/11\/HUIXQUILUCAN-3257-235x132.jpg 235w, https:\/\/www.diarioimagen.net\/wp-content\/uploads\/2017\/11\/HUIXQUILUCAN-3257-202x114.jpg 202w, https:\/\/www.diarioimagen.net\/wp-content\/uploads\/2017\/11\/HUIXQUILUCAN-3257-350x196.jpg 350w, https:\/\/www.diarioimagen.net\/wp-content\/uploads\/2017\/11\/HUIXQUILUCAN-3257-220x123.jpg 220w, https:\/\/www.diarioimagen.net\/wp-content\/uploads\/2017\/11\/HUIXQUILUCAN-3257-237x132.jpg 237w, https:\/\/www.diarioimagen.net\/wp-content\/uploads\/2017\/11\/HUIXQUILUCAN-3257.jpg 480w\" sizes=\"auto, (max-width: 460px) 100vw, 460px\" \/><\/a><p id=\"caption-attachment-354619\" class=\"wp-caption-text\">El cabildo autoriz\u00f3 la entrega de un est\u00edmulo econ\u00f3mico a elementos\u00a0de Protecci\u00f3n Civil, Seguridad P\u00fablica y Vialidad de Huixquilucan.<\/p><\/div>\n<p>&nbsp;<\/p>\n<p><strong>Huixquilucan, Estado de M\u00e9xico.-<\/strong> Por unanimidad, el pleno del cabildo autoriz\u00f3 la entrega de un est\u00edmulo econ\u00f3mico a elementos\u00a0de Protecci\u00f3n Civil, Seguridad P\u00fablica y Vialidad de Huixquilucan, como una muestra de reconocimiento a la entrega que todos los d\u00edas hacen en su trabajo.<\/p>\n<p>Durante la quincuag\u00e9sima cuarta sesi\u00f3n ordinaria de cabildo, los ediles aprobaron los acuerdos que establecen dar una gratificaci\u00f3n a los polic\u00edas y elementos de Protecci\u00f3n Civil en virtud de la calidad en el servicio, riesgo, comisi\u00f3n, misi\u00f3n y funciones extraordinarias que cada uno desempe\u00f1a.<\/p>\n<p>Los est\u00edmulos ser\u00e1n entregados v\u00eda n\u00f3mina durante la segunda quincena de noviembre, por \u00fanica ocasi\u00f3n, y van desde los 5,500 pesos hasta 7,500 dependiendo el cargo que cada elemento desempe\u00f1e.<\/p>\n<p>Durante la administraci\u00f3n 2016-2018 que encabeza Enrique Vargas del Villar, se ha logrado disminuir la incidencia delictiva en m\u00e1s del 50 por ciento, gracias a las acertadas acciones en materia de seguridad que se llevan a cabo desde el primer d\u00eda gobierno, que se suman\u00a0\u00a0al\u00a0\u00a0profesionalismo de los polic\u00edas para salvaguardar la integridad de las personas.<\/p>\n","protected":false},"excerpt":{"rendered":"<p>Por unanimidad, el pleno del cabildo autoriz\u00f3 la entrega de un est\u00edmulo econ\u00f3mico a elementos\u00a0de Protecci\u00f3n Civil, Seguridad P\u00fablica y Vialidad de Huixquilucan, como una muestra de reconocimiento a la entrega que todos los d\u00edas hacen en su trabajo.<\/p>\n","protected":false},"author":1,"featured_media":354619,"comment_status":"open","ping_status":"open","sticky":false,"template":"","format":"standard","meta":{"_monsterinsights_skip_tracking":false,"_monsterinsights_sitenote_active":false,"_monsterinsights_sitenote_note":"","_monsterinsights_sitenote_category":0,"footnotes":""},"categories":[35155],"tags":[],"class_list":["post-354618","post","type-post","status-publish","format-standard","has-post-thumbnail","hentry","category-estado-de-mexico-estado-de-mexico"],"_links":{"self":[{"href":"https:\/\/www.diarioimagen.net\/index.php?rest_route=\/wp\/v2\/posts\/354618","targetHints":{"allow":["GET"]}}],"collection":[{"href":"https:\/\/www.diarioimagen.net\/index.php?rest_route=\/wp\/v2\/posts"}],"about":[{"href":"https:\/\/www.diarioimagen.net\/index.php?rest_route=\/wp\/v2\/types\/post"}],"author":[{"embeddable":true,"href":"https:\/\/www.diarioimagen.net\/index.php?rest_route=\/wp\/v2\/users\/1"}],"replies":[{"embeddable":true,"href":"https:\/\/www.diarioimagen.net\/index.php?rest_route=%2Fwp%2Fv2%2Fcomments&post=354618"}],"version-history":[{"count":0,"href":"https:\/\/www.diarioimagen.net\/index.php?rest_route=\/wp\/v2\/posts\/354618\/revisions"}],"wp:featuredmedia":[{"embeddable":true,"href":"https:\/\/www.diarioimagen.net\/index.php?rest_route=\/wp\/v2\/media\/354619"}],"wp:attachment":[{"href":"https:\/\/www.diarioimagen.net\/index.php?rest_route=%2Fwp%2Fv2%2Fmedia&parent=354618"}],"wp:term":[{"taxonomy":"category","embeddable":true,"href":"https:\/\/www.diarioimagen.net\/index.php?rest_route=%2Fwp%2Fv2%2Fcategories&post=354618"},{"taxonomy":"post_tag","embeddable":true,"href":"https:\/\/www.diarioimagen.net\/index.php?rest_route=%2Fwp%2Fv2%2Ftags&post=354618"}],"curies":[{"name":"wp","href":"https:\/\/api.w.org\/{rel}","templated":true}]}}