{"id":354650,"date":"2017-11-24T00:22:32","date_gmt":"2017-11-24T06:22:32","guid":{"rendered":"http:\/\/www.diarioimagen.net\/?p=354650"},"modified":"2017-11-24T01:40:48","modified_gmt":"2017-11-24T07:40:48","slug":"pide-videgaray-no-confundir-presentacion-de-secretarios","status":"publish","type":"post","link":"https:\/\/www.diarioimagen.net\/?p=354650","title":{"rendered":"Pide Videgaray no confundir presentaci\u00f3n de secretarios"},"content":{"rendered":"<ul>\n<li><em><strong>Ataja supuesto destape<\/strong><\/em><\/li>\n<\/ul>\n<p>&nbsp;<\/p>\n<div id=\"attachment_354651\" style=\"width: 470px\" class=\"wp-caption aligncenter\"><img loading=\"lazy\" decoding=\"async\" aria-describedby=\"caption-attachment-354651\" class=\"size-large wp-image-354651\" src=\"http:\/\/www.diarioimagen.net\/wp-content\/uploads\/2017\/11\/VIDEGARAY23-PORTAL-460x268.jpg\" alt=\"\" width=\"460\" height=\"268\" srcset=\"https:\/\/www.diarioimagen.net\/wp-content\/uploads\/2017\/11\/VIDEGARAY23-PORTAL-460x268.jpg 460w, https:\/\/www.diarioimagen.net\/wp-content\/uploads\/2017\/11\/VIDEGARAY23-PORTAL-240x140.jpg 240w, https:\/\/www.diarioimagen.net\/wp-content\/uploads\/2017\/11\/VIDEGARAY23-PORTAL.jpg 480w\" sizes=\"auto, (max-width: 460px) 100vw, 460px\" \/><p id=\"caption-attachment-354651\" class=\"wp-caption-text\">El canciller Luis Videgaray pidi\u00f3 no confundir la presentaci\u00f3n que realiz\u00f3 con tres secretarios de Estado ante el cuerpo diplom\u00e1tico.<\/p><\/div>\n<p>&nbsp;<\/p>\n<p>El titular de Relaciones Exteriores, Luis Videgaray, aclar\u00f3 que las decisiones pol\u00edticas se tomar\u00e1n donde deben tomarse y pidi\u00f3 no confundir la presentaci\u00f3n que realiz\u00f3 la v\u00edspera con tres secretarios de Estado.<\/p>\n<p>En la red social Twitter este jueves escribi\u00f3: \u201cAyer tres secretarios impartieron conferencias en la Canciller\u00eda, y a los tres los present\u00e9 con calidez, gratitud y reconocimiento a su talento y trayectoria. No hay que confundir eso con otra cosa. Las decisiones pol\u00edticas se tomar\u00e1n donde deben tomarse\u201d.<\/p>\n<p>Este mi\u00e9rcoles el canciller dio la bienvenida y agradeci\u00f3 a los titulares de Hacienda, Jos\u00e9 Antonio Meade Kuribre\u00f1a; de Econom\u00eda, Ildefonso Guajardo y Turismo, Enrique de la Madrid, durante su intervenci\u00f3n en el encuentro con el cuerpo diplom\u00e1tico acreditado en M\u00e9xico.<\/p>\n<p>Sobre Meade Kuribre\u00f1a dijo: \u201cEl \u00fanico mexicano que junto con Plutarco El\u00edas Calles ha ocupado cuatro secretar\u00edas distintas en dos gobiernos diferentes y que hoy conduce con gran inteligencia y disciplina y, sobre todo patriotismo y visi\u00f3n de Estado, la pol\u00edtica macroecon\u00f3mica de M\u00e9xico\u201d, indic\u00f3.<\/p>\n<p>A\u00f1adi\u00f3 que es bajo el liderazgo del secretario de Hacienda que hoy M\u00e9xico tiene rumbo, estabilidad y claridad en la pol\u00edtica econ\u00f3mica.<\/p>\n<p>Presumi\u00f3 la amistad que mantiene desde hace muchos a\u00f1os con el hoy secretario de Hacienda y Cr\u00e9dito P\u00fablico.<\/p>\n","protected":false},"excerpt":{"rendered":"<p>El titular de Relaciones Exteriores, Luis Videgaray, aclar\u00f3 que las decisiones pol\u00edticas se tomar\u00e1n donde deben tomarse y pidi\u00f3 no confundir la presentaci\u00f3n que realiz\u00f3 la v\u00edspera con tres secretarios de Estado.<\/p>\n","protected":false},"author":5,"featured_media":354651,"comment_status":"open","ping_status":"open","sticky":false,"template":"","format":"standard","meta":{"_monsterinsights_skip_tracking":false,"_monsterinsights_sitenote_active":false,"_monsterinsights_sitenote_note":"","_monsterinsights_sitenote_category":0,"footnotes":""},"categories":[3],"tags":[68175,26429,56863,1069],"class_list":["post-354650","post","type-post","status-publish","format-standard","has-post-thumbnail","hentry","category-nacional","tag-cancilleria","tag-jose-antonio-meade-kuribrena","tag-luis-videgaray","tag-plutarco-elias-calles"],"_links":{"self":[{"href":"https:\/\/www.diarioimagen.net\/index.php?rest_route=\/wp\/v2\/posts\/354650","targetHints":{"allow":["GET"]}}],"collection":[{"href":"https:\/\/www.diarioimagen.net\/index.php?rest_route=\/wp\/v2\/posts"}],"about":[{"href":"https:\/\/www.diarioimagen.net\/index.php?rest_route=\/wp\/v2\/types\/post"}],"author":[{"embeddable":true,"href":"https:\/\/www.diarioimagen.net\/index.php?rest_route=\/wp\/v2\/users\/5"}],"replies":[{"embeddable":true,"href":"https:\/\/www.diarioimagen.net\/index.php?rest_route=%2Fwp%2Fv2%2Fcomments&post=354650"}],"version-history":[{"count":0,"href":"https:\/\/www.diarioimagen.net\/index.php?rest_route=\/wp\/v2\/posts\/354650\/revisions"}],"wp:featuredmedia":[{"embeddable":true,"href":"https:\/\/www.diarioimagen.net\/index.php?rest_route=\/wp\/v2\/media\/354651"}],"wp:attachment":[{"href":"https:\/\/www.diarioimagen.net\/index.php?rest_route=%2Fwp%2Fv2%2Fmedia&parent=354650"}],"wp:term":[{"taxonomy":"category","embeddable":true,"href":"https:\/\/www.diarioimagen.net\/index.php?rest_route=%2Fwp%2Fv2%2Fcategories&post=354650"},{"taxonomy":"post_tag","embeddable":true,"href":"https:\/\/www.diarioimagen.net\/index.php?rest_route=%2Fwp%2Fv2%2Ftags&post=354650"}],"curies":[{"name":"wp","href":"https:\/\/api.w.org\/{rel}","templated":true}]}}