{"id":354661,"date":"2017-11-24T00:07:00","date_gmt":"2017-11-24T06:07:00","guid":{"rendered":"http:\/\/www.diarioimagen.net\/?p=354661"},"modified":"2017-11-27T22:57:14","modified_gmt":"2017-11-28T04:57:14","slug":"inicia-en-edomex-la-entrega-de-apoyos-del-fonden","status":"publish","type":"post","link":"https:\/\/www.diarioimagen.net\/?p=354661","title":{"rendered":"Inicia en Edomex la entrega de apoyos del Fonden"},"content":{"rendered":"<ul>\n<li><em><strong>Para la reconstrucci\u00f3n de casas da\u00f1adas por sismo<\/strong><\/em><\/li>\n<\/ul>\n<p>&nbsp;<\/p>\n<div id=\"attachment_354662\" style=\"width: 470px\" class=\"wp-caption aligncenter\"><img loading=\"lazy\" decoding=\"async\" aria-describedby=\"caption-attachment-354662\" class=\"size-large wp-image-354662\" src=\"http:\/\/www.diarioimagen.net\/wp-content\/uploads\/2017\/11\/DEL-MAZO24-portal-460x268.jpg\" alt=\"\" width=\"460\" height=\"268\" srcset=\"https:\/\/www.diarioimagen.net\/wp-content\/uploads\/2017\/11\/DEL-MAZO24-portal-460x268.jpg 460w, https:\/\/www.diarioimagen.net\/wp-content\/uploads\/2017\/11\/DEL-MAZO24-portal-240x140.jpg 240w, https:\/\/www.diarioimagen.net\/wp-content\/uploads\/2017\/11\/DEL-MAZO24-portal.jpg 480w\" sizes=\"auto, (max-width: 460px) 100vw, 460px\" \/><p id=\"caption-attachment-354662\" class=\"wp-caption-text\">Acompa\u00f1ado de funcionarios federales, Alfredo Del Mazo recorri\u00f3 calles de Joquicingo para supervisar obras de reconstrucci\u00f3n y entregar apoyos.<\/p><\/div>\n<p>&nbsp;<\/p>\n<p>Joquicingo, M\u00e9x.- Familias que sufrieron da\u00f1os en sus inmuebles, a causa del temblor del pasado 19 de septiembre, recibieron las primeras tarjetas del Fondo de Desastres Naturales (Fonden), entregadas por el Gobernador Alfredo Del Mazo Maza, la Secretaria de Desarrollo Agrario, Territorial y Urbano, Rosario Robles Berlanga, y el Jefe de la Oficina de la Presidencia, Francisco Guzm\u00e1n Ortiz.<\/p>\n<p>En \u00e9sta, su tercera visita a Joquicingo luego del sismo, Del Mazo Maza y los funcionarios federales entregaron las primeras tarjetas a familias de este municipio, donde se desarrollan las obras de reconstrucci\u00f3n.<\/p>\n<p>En un recorrido que realiz\u00f3 por las calles Morelos, Le\u00f3n Guzm\u00e1n y Guerrero, el Gobernador mexiquense dialog\u00f3 con vecinos, atendi\u00f3 peticiones y visit\u00f3 casas que est\u00e1n en reconstrucci\u00f3n.<\/p>\n<p>Ante la comunidad, los funcionarios federales y el Jefe del ejecutivo estatal refrendaron el respaldo de los gobiernos de la Rep\u00fablica y del Estado de M\u00e9xico, para que los damnificados obtengan los apoyos que les permitan superar esta contingencia y recuperar su patrimonio.<\/p>\n<p>Tanto el pasado 20 como el 24 de septiembre, el mandatario mexiquense visit\u00f3 este municipio para evaluar los da\u00f1os y atender a la comunidad, y se comprometi\u00f3 a respaldar a quienes tuvieron p\u00e9rdidas en su patrimonio.<\/p>\n<p>Este d\u00eda regres\u00f3 a supervisar la reconstrucci\u00f3n de las viviendas afectadas de esta localidad de aproximadamente 15 mil habitantes.<\/p>\n<p>Con esta entrega inicia la distribuci\u00f3n de 6 mil 060 tarjetas para la reconstrucci\u00f3n, que en el caso de Fonden Vivienda se repartir\u00e1n a m\u00e1s de 2 mil 700 personas que tuvieron da\u00f1os totales en sus inmuebles, mientras que en la modalidad Fonden para afectaciones parciales, ser\u00e1n entregadas a m\u00e1s de 3 mil 300 mexiquenses.<\/p>\n<p>A partir de hoy las tarjetas se distribuir\u00e1n a los damnificados, quienes previamente fueron registrados en el censo en los 12 municipios mexiquenses con los mayores da\u00f1os.<\/p>\n<p>La repartici\u00f3n estar\u00e1 a cargo de 50 cuadrillas intersecretariales, integradas por funcionarios de los tres niveles de gobierno, quienes entregar\u00e1n las tarjetas casa por casa.<\/p>\n<p>En este recorrido tambi\u00e9n acompa\u00f1aron al Gobernador, los secretarios estatales de Obra P\u00fablica y de Desarrollo Urbano y Metropolitano, Alejandro Fern\u00e1ndez Campillo y Enrique Jacob Rocha, respectivamente, as\u00ed como por la Presidenta Municipal de Joquicingo, Alma Delia Pallares.<\/p>\n","protected":false},"excerpt":{"rendered":"<p>Familias que sufrieron da\u00f1os en sus inmuebles, a causa del temblor del pasado 19 de septiembre, recibieron las primeras tarjetas del Fondo de Desastres Naturales (Fonden), entregadas por el Gobernador Alfredo Del Mazo Maza, la Secretaria de Desarrollo Agrario, Territorial y Urbano, Rosario Robles Berlanga, y el Jefe de la Oficina de la Presidencia, Francisco Guzm\u00e1n Ortiz.<\/p>\n","protected":false},"author":5,"featured_media":354662,"comment_status":"open","ping_status":"open","sticky":false,"template":"","format":"standard","meta":{"_monsterinsights_skip_tracking":false,"_monsterinsights_sitenote_active":false,"_monsterinsights_sitenote_note":"","_monsterinsights_sitenote_category":0,"footnotes":""},"categories":[5],"tags":[2505,1968,68181,836,68180],"class_list":["post-354661","post","type-post","status-publish","format-standard","has-post-thumbnail","hentry","category-estado-de-mexico","tag-alfredo-del-mazo-maza","tag-fonden","tag-leon-guzman-y-guerrero","tag-morelos","tag-secretaria-de-desarrollo-agrario"],"_links":{"self":[{"href":"https:\/\/www.diarioimagen.net\/index.php?rest_route=\/wp\/v2\/posts\/354661","targetHints":{"allow":["GET"]}}],"collection":[{"href":"https:\/\/www.diarioimagen.net\/index.php?rest_route=\/wp\/v2\/posts"}],"about":[{"href":"https:\/\/www.diarioimagen.net\/index.php?rest_route=\/wp\/v2\/types\/post"}],"author":[{"embeddable":true,"href":"https:\/\/www.diarioimagen.net\/index.php?rest_route=\/wp\/v2\/users\/5"}],"replies":[{"embeddable":true,"href":"https:\/\/www.diarioimagen.net\/index.php?rest_route=%2Fwp%2Fv2%2Fcomments&post=354661"}],"version-history":[{"count":0,"href":"https:\/\/www.diarioimagen.net\/index.php?rest_route=\/wp\/v2\/posts\/354661\/revisions"}],"wp:featuredmedia":[{"embeddable":true,"href":"https:\/\/www.diarioimagen.net\/index.php?rest_route=\/wp\/v2\/media\/354662"}],"wp:attachment":[{"href":"https:\/\/www.diarioimagen.net\/index.php?rest_route=%2Fwp%2Fv2%2Fmedia&parent=354661"}],"wp:term":[{"taxonomy":"category","embeddable":true,"href":"https:\/\/www.diarioimagen.net\/index.php?rest_route=%2Fwp%2Fv2%2Fcategories&post=354661"},{"taxonomy":"post_tag","embeddable":true,"href":"https:\/\/www.diarioimagen.net\/index.php?rest_route=%2Fwp%2Fv2%2Ftags&post=354661"}],"curies":[{"name":"wp","href":"https:\/\/api.w.org\/{rel}","templated":true}]}}