{"id":354735,"date":"2017-11-24T00:06:24","date_gmt":"2017-11-24T06:06:24","guid":{"rendered":"http:\/\/www.diarioimagen.net\/?p=354735"},"modified":"2017-11-27T22:57:00","modified_gmt":"2017-11-28T04:57:00","slug":"otorgan-primeros-creditos-a-viviendas-en-codigo-rojo","status":"publish","type":"post","link":"https:\/\/www.diarioimagen.net\/?p=354735","title":{"rendered":"Otorgan primeros cr\u00e9ditos\u00a0a viviendas en c\u00f3digo rojo\u00a0"},"content":{"rendered":"<ul>\n<li><em><b>Recursos por 13 mdp a damnificados<\/b><\/em><\/li>\n<\/ul>\n<div id=\"attachment_354736\" style=\"width: 470px\" class=\"wp-caption aligncenter\"><a href=\"http:\/\/www.diarioimagen.net\/?attachment_id=354736\" rel=\"attachment wp-att-354736\"><img loading=\"lazy\" decoding=\"async\" aria-describedby=\"caption-attachment-354736\" class=\"size-large wp-image-354736\" src=\"http:\/\/www.diarioimagen.net\/wp-content\/uploads\/2017\/11\/creditos-3258-460x259.jpg\" alt=\"\" width=\"460\" height=\"259\" srcset=\"https:\/\/www.diarioimagen.net\/wp-content\/uploads\/2017\/11\/creditos-3258-460x259.jpg 460w, https:\/\/www.diarioimagen.net\/wp-content\/uploads\/2017\/11\/creditos-3258-240x135.jpg 240w, https:\/\/www.diarioimagen.net\/wp-content\/uploads\/2017\/11\/creditos-3258-235x132.jpg 235w, https:\/\/www.diarioimagen.net\/wp-content\/uploads\/2017\/11\/creditos-3258-202x114.jpg 202w, https:\/\/www.diarioimagen.net\/wp-content\/uploads\/2017\/11\/creditos-3258-350x196.jpg 350w, https:\/\/www.diarioimagen.net\/wp-content\/uploads\/2017\/11\/creditos-3258-220x123.jpg 220w, https:\/\/www.diarioimagen.net\/wp-content\/uploads\/2017\/11\/creditos-3258-237x132.jpg 237w, https:\/\/www.diarioimagen.net\/wp-content\/uploads\/2017\/11\/creditos-3258.jpg 480w\" sizes=\"auto, (max-width: 460px) 100vw, 460px\" \/><\/a><p id=\"caption-attachment-354736\" class=\"wp-caption-text\">Fueron entregados los primeros cinco cr\u00e9ditos para damnificados por el sismo del 19-S y cuyos inmuebles fueron catalogados como c\u00f3digo rojo.<\/p><\/div>\n<p>&nbsp;<\/p>\n<p>Se entregaron los primeros cinco cr\u00e9ditos por 13 millones de pesos para damnificados por el sismo del 19-S y cuyos inmuebles fueron catalogados como c\u00f3digo rojo en la Ciudad de M\u00e9xico.<\/p>\n<p>Acompa\u00f1ado del director general de la Sociedad Hipotecaria Federal, Jes\u00fas Alberto Cano V\u00e9lez, el jefe de Gobierno capitalino, Miguel \u00c1ngel Mancera, explic\u00f3 que dentro de este esquema financiero en coordinaci\u00f3n con la federaci\u00f3n, ya hay alrededor de mil solicitudes m\u00e1s en tr\u00e1mite y 100 por aprobar.<\/p>\n<p>\u201cAcabamos de hacer entrega de los primeros cinco cr\u00e9ditos rojos, estos cinco cr\u00e9ditos alcanzan un monto de m\u00e1s de 13 millones de pesos que se est\u00e1 haciendo con la Sociedad Hipotecaria Federal\u201d, abund\u00f3.<\/p>\n<p>En conferencia de prensa en el Antiguo Palacio de Ayuntamiento, el titular de la SHF explic\u00f3 que las caracter\u00edsticas de los cr\u00e9ditos son los mismos a los planteados con anterioridad por el Gobierno Central, donde la poblaci\u00f3n paga el inter\u00e9s y el capital proviene del Cup\u00f3n Bono Cero.<\/p>\n<p>\u201cHay cr\u00e9ditos de personas que pidieron 4 millones de pesos, 2 millones va a pagar de intereses y el capital lo paga el bono cup\u00f3n cero y los otros 2 millones se pagan al 9 por ciento pero se paga capital de intereses\u201d, detall\u00f3.<\/p>\n<p>Adem\u00e1s, Mancera refiri\u00f3 que aunque el plan para acceder a este apoyo es r\u00e1pido y expedito, estar\u00e1n trabajando para que se haga con toda la seguridad para continuar la tramitaci\u00f3n hacia los afectados que est\u00e9n interesados por un pr\u00e9stamo.<\/p>\n<p>Para las personas que quieran acceder al cr\u00e9dito y se encuentren en bur\u00f3 de cr\u00e9dito, las autoridades informaron que dar\u00e1n oportunidad de liquidar su deuda pendiente y as\u00ed poder reiniciar el tr\u00e1mite.<\/p>\n<p>Sobre la poblaci\u00f3n con menores posibilidades de pagar un cr\u00e9dito de este tipo, el gobierno central dio a conocer que en los pr\u00f3ximos d\u00edas se informar\u00e1 acerca de los planes que abrir\u00e1 el Instituto de la Vivienda (INVI).<\/p>\n","protected":false},"excerpt":{"rendered":"<p>Se entregaron los primeros cinco cr\u00e9ditos por 13 millones de pesos para damnificados por el sismo del 19-S y cuyos inmuebles fueron catalogados como c\u00f3digo rojo en la Ciudad de M\u00e9xico.<\/p>\n","protected":false},"author":1,"featured_media":354736,"comment_status":"open","ping_status":"open","sticky":false,"template":"","format":"standard","meta":{"_monsterinsights_skip_tracking":false,"_monsterinsights_sitenote_active":false,"_monsterinsights_sitenote_note":"","_monsterinsights_sitenote_category":0,"footnotes":""},"categories":[3],"tags":[34444,4294,43673,677],"class_list":["post-354735","post","type-post","status-publish","format-standard","has-post-thumbnail","hentry","category-nacional","tag-cdmx","tag-creditos","tag-nacional","tag-sismo"],"_links":{"self":[{"href":"https:\/\/www.diarioimagen.net\/index.php?rest_route=\/wp\/v2\/posts\/354735","targetHints":{"allow":["GET"]}}],"collection":[{"href":"https:\/\/www.diarioimagen.net\/index.php?rest_route=\/wp\/v2\/posts"}],"about":[{"href":"https:\/\/www.diarioimagen.net\/index.php?rest_route=\/wp\/v2\/types\/post"}],"author":[{"embeddable":true,"href":"https:\/\/www.diarioimagen.net\/index.php?rest_route=\/wp\/v2\/users\/1"}],"replies":[{"embeddable":true,"href":"https:\/\/www.diarioimagen.net\/index.php?rest_route=%2Fwp%2Fv2%2Fcomments&post=354735"}],"version-history":[{"count":0,"href":"https:\/\/www.diarioimagen.net\/index.php?rest_route=\/wp\/v2\/posts\/354735\/revisions"}],"wp:featuredmedia":[{"embeddable":true,"href":"https:\/\/www.diarioimagen.net\/index.php?rest_route=\/wp\/v2\/media\/354736"}],"wp:attachment":[{"href":"https:\/\/www.diarioimagen.net\/index.php?rest_route=%2Fwp%2Fv2%2Fmedia&parent=354735"}],"wp:term":[{"taxonomy":"category","embeddable":true,"href":"https:\/\/www.diarioimagen.net\/index.php?rest_route=%2Fwp%2Fv2%2Fcategories&post=354735"},{"taxonomy":"post_tag","embeddable":true,"href":"https:\/\/www.diarioimagen.net\/index.php?rest_route=%2Fwp%2Fv2%2Ftags&post=354735"}],"curies":[{"name":"wp","href":"https:\/\/api.w.org\/{rel}","templated":true}]}}