{"id":354779,"date":"2017-11-24T00:06:35","date_gmt":"2017-11-24T06:06:35","guid":{"rendered":"http:\/\/www.diarioimagen.net\/?p=354779"},"modified":"2017-11-24T01:07:14","modified_gmt":"2017-11-24T07:07:14","slug":"tlalnepantla-sera-sede-del-festival-de-creatividad-digital-mutek-2017","status":"publish","type":"post","link":"https:\/\/www.diarioimagen.net\/?p=354779","title":{"rendered":"Tlalnepantla ser\u00e1 sede del Festival\u00a0de Creatividad Digital Mutek 2017"},"content":{"rendered":"<ul>\n<li><em><b>Clave para la reconversi\u00f3n industrial<\/b><\/em><\/li>\n<\/ul>\n<p>&nbsp;<\/p>\n<div id=\"attachment_354780\" style=\"width: 470px\" class=\"wp-caption aligncenter\"><a href=\"http:\/\/www.diarioimagen.net\/?attachment_id=354780\" rel=\"attachment wp-att-354780\"><img loading=\"lazy\" decoding=\"async\" aria-describedby=\"caption-attachment-354780\" class=\"size-large wp-image-354780\" src=\"http:\/\/www.diarioimagen.net\/wp-content\/uploads\/2017\/11\/TLALNEPANTLA-3258-460x259.jpg\" alt=\"\" width=\"460\" height=\"259\" srcset=\"https:\/\/www.diarioimagen.net\/wp-content\/uploads\/2017\/11\/TLALNEPANTLA-3258-460x259.jpg 460w, https:\/\/www.diarioimagen.net\/wp-content\/uploads\/2017\/11\/TLALNEPANTLA-3258-240x135.jpg 240w, https:\/\/www.diarioimagen.net\/wp-content\/uploads\/2017\/11\/TLALNEPANTLA-3258-235x132.jpg 235w, https:\/\/www.diarioimagen.net\/wp-content\/uploads\/2017\/11\/TLALNEPANTLA-3258-202x114.jpg 202w, https:\/\/www.diarioimagen.net\/wp-content\/uploads\/2017\/11\/TLALNEPANTLA-3258-350x196.jpg 350w, https:\/\/www.diarioimagen.net\/wp-content\/uploads\/2017\/11\/TLALNEPANTLA-3258-220x123.jpg 220w, https:\/\/www.diarioimagen.net\/wp-content\/uploads\/2017\/11\/TLALNEPANTLA-3258-237x132.jpg 237w, https:\/\/www.diarioimagen.net\/wp-content\/uploads\/2017\/11\/TLALNEPANTLA-3258.jpg 480w\" sizes=\"auto, (max-width: 460px) 100vw, 460px\" \/><\/a><p id=\"caption-attachment-354780\" class=\"wp-caption-text\">La alcaldesa, Denisse Ugalde Alegr\u00eda, destac\u00f3 que el que este espect\u00e1culo tenga como sede una f\u00e1brica, representa un paso importante para la reconversi\u00f3n de las zonas industriales.<\/p><\/div>\n<p>&nbsp;<\/p>\n<p><strong>Tlalnepantla, Estado de M\u00e9xico.- <\/strong>Por primera vez el Festival Internacional de Creatividad Digital MUTEK 2017 saldr\u00e1 de la Ciudad de M\u00e9xico y Tlalnepantla es el municipio elegido para ser sede de dos de sus principales eventos, el este viernes 24 y el s\u00e1bado 25 de noviembre, cuyo escenario es una hist\u00f3rica f\u00e1brica de acero, ubicada en el centro de esta localidad.<\/p>\n<p>En conferencia de prensa, la alcaldesa Denisse Ugalde Alegr\u00eda destac\u00f3 que la llegada de este festival de talla internacional a la Tierra de Enmedio, refuerza los trabajos que la administraci\u00f3n 2016-2018 ha realizado para fomentar la cultura y las artes en la poblaci\u00f3n.<\/p>\n<p>Puntualiz\u00f3 que por tradici\u00f3n Tlalnepantla se ha distinguido por su vocaci\u00f3n industrial, sin embargo, el que este espect\u00e1culo tenga como sede una f\u00e1brica representa un paso importante para la reconversi\u00f3n de las zonas industriales.<\/p>\n<p>\u201cLos tiempos actuales exigen una reconversi\u00f3n de Tlalnepantla y con este tipo de eventos se le da un nuevo dinamismo y una nueva vida al primer cuadro de la localidad\u201d, afirm\u00f3 la presidenta municipal, ante el director general de MUTEK, Dami\u00e1n Romero.<\/p>\n","protected":false},"excerpt":{"rendered":"<p>Por primera vez el Festival Internacional de Creatividad Digital MUTEK 2017 saldr\u00e1 de la Ciudad de M\u00e9xico y Tlalnepantla es el municipio elegido para ser sede de dos de sus principales eventos, el este viernes 24 y el s\u00e1bado 25 de noviembre, cuyo escenario es una hist\u00f3rica f\u00e1brica de acero, ubicada en el centro de esta localidad.<\/p>\n","protected":false},"author":1,"featured_media":354780,"comment_status":"open","ping_status":"open","sticky":false,"template":"","format":"standard","meta":{"_monsterinsights_skip_tracking":false,"_monsterinsights_sitenote_active":false,"_monsterinsights_sitenote_note":"","_monsterinsights_sitenote_category":0,"footnotes":""},"categories":[35155],"tags":[43675,68220,169],"class_list":["post-354779","post","type-post","status-publish","format-standard","has-post-thumbnail","hentry","category-estado-de-mexico-estado-de-mexico","tag-estado-de-mexico","tag-mutek-2017","tag-tlalnepantla"],"_links":{"self":[{"href":"https:\/\/www.diarioimagen.net\/index.php?rest_route=\/wp\/v2\/posts\/354779","targetHints":{"allow":["GET"]}}],"collection":[{"href":"https:\/\/www.diarioimagen.net\/index.php?rest_route=\/wp\/v2\/posts"}],"about":[{"href":"https:\/\/www.diarioimagen.net\/index.php?rest_route=\/wp\/v2\/types\/post"}],"author":[{"embeddable":true,"href":"https:\/\/www.diarioimagen.net\/index.php?rest_route=\/wp\/v2\/users\/1"}],"replies":[{"embeddable":true,"href":"https:\/\/www.diarioimagen.net\/index.php?rest_route=%2Fwp%2Fv2%2Fcomments&post=354779"}],"version-history":[{"count":0,"href":"https:\/\/www.diarioimagen.net\/index.php?rest_route=\/wp\/v2\/posts\/354779\/revisions"}],"wp:featuredmedia":[{"embeddable":true,"href":"https:\/\/www.diarioimagen.net\/index.php?rest_route=\/wp\/v2\/media\/354780"}],"wp:attachment":[{"href":"https:\/\/www.diarioimagen.net\/index.php?rest_route=%2Fwp%2Fv2%2Fmedia&parent=354779"}],"wp:term":[{"taxonomy":"category","embeddable":true,"href":"https:\/\/www.diarioimagen.net\/index.php?rest_route=%2Fwp%2Fv2%2Fcategories&post=354779"},{"taxonomy":"post_tag","embeddable":true,"href":"https:\/\/www.diarioimagen.net\/index.php?rest_route=%2Fwp%2Fv2%2Ftags&post=354779"}],"curies":[{"name":"wp","href":"https:\/\/api.w.org\/{rel}","templated":true}]}}