{"id":354861,"date":"2017-11-27T00:11:38","date_gmt":"2017-11-27T06:11:38","guid":{"rendered":"http:\/\/www.diarioimagen.net\/?p=354861"},"modified":"2017-11-27T00:02:47","modified_gmt":"2017-11-27T06:02:47","slug":"no-es-meade-pese-al-push-de-reforma-osorio-lleva-mano","status":"publish","type":"post","link":"https:\/\/www.diarioimagen.net\/?p=354861","title":{"rendered":"No es Meade; pese al\u00a0<em>push<\/em>\u00a0de Reforma, Osorio lleva mano"},"content":{"rendered":"<h2>Tras la puerta del poder<\/h2>\n<h5>Roberto Vizca\u00edno<\/h5>\n<p>&nbsp;<\/p>\n<div id=\"attachment_354862\" style=\"width: 470px\" class=\"wp-caption aligncenter\"><a href=\"http:\/\/www.diarioimagen.net\/?attachment_id=354862\" rel=\"attachment wp-att-354862\"><img loading=\"lazy\" decoding=\"async\" aria-describedby=\"caption-attachment-354862\" class=\"size-large wp-image-354862\" src=\"http:\/\/www.diarioimagen.net\/wp-content\/uploads\/2017\/11\/la-cuesta-de-todo-el-a\u00f1o-LUIS-XAVIER-3259-460x355.jpg\" alt=\"\" width=\"460\" height=\"355\" srcset=\"https:\/\/www.diarioimagen.net\/wp-content\/uploads\/2017\/11\/la-cuesta-de-todo-el-a\u00f1o-LUIS-XAVIER-3259-460x355.jpg 460w, https:\/\/www.diarioimagen.net\/wp-content\/uploads\/2017\/11\/la-cuesta-de-todo-el-a\u00f1o-LUIS-XAVIER-3259-240x185.jpg 240w, https:\/\/www.diarioimagen.net\/wp-content\/uploads\/2017\/11\/la-cuesta-de-todo-el-a\u00f1o-LUIS-XAVIER-3259-768x593.jpg 768w, https:\/\/www.diarioimagen.net\/wp-content\/uploads\/2017\/11\/la-cuesta-de-todo-el-a\u00f1o-LUIS-XAVIER-3259.jpg 1200w\" sizes=\"auto, (max-width: 460px) 100vw, 460px\" \/><\/a><p id=\"caption-attachment-354862\" class=\"wp-caption-text\">La cuesta de todo el a\u00f1o&#8230; | Luis Xavier<\/p><\/div>\n<p>&nbsp;<\/p>\n<p>El contragolpe intent\u00f3 anoche desbancar a\u00a0<b>Miguel \u00c1ngel Osorio Chong<\/b>. La punta de Lanza fue el diario\u00a0<b>Reforma<\/b>\u00a0que puso en su espacio principal de su portal que el secretario de Gobernaci\u00f3n\u00a0<b>se bajaba de la contienda presidencial de 2018<\/b>.<\/p>\n<p>Nada m\u00e1s falso.<\/p>\n<p>Reforma acudi\u00f3 al viejo y usado recurso de se\u00f1alar que un \u201ccercano\u201d al titular de Gobernaci\u00f3n les dijo que Osorio Chong hab\u00eda informado a los suyos que no contender\u00eda por el cargo de Presidente. Nada de eso ocurri\u00f3.<\/p>\n<p>A Reforma lo secundo El Universal bajo el mismo esquema. Pero el resto de los medios no se unieron.<\/p>\n<p>El intento de Reforma y de El Universal es, en los hechos, el segundo intento de imponer fuera de la voluntad de\u00a0<b>Enrique Pe\u00f1a Nieto<\/b>\u00a0a\u00a0<b>Jos\u00e9 Antonio Meade<\/b>.<\/p>\n<p>Y esto sucede cuando lo evidente es que entre jueves y viernes pasados se defini\u00f3 la sucesi\u00f3n dentro del PRI. Y en esta parte inicial del proceso\u00a0<b>Jos\u00e9 Antonio Meade<\/b>\u00a0fue desechado como el de mayores posibilidades de ser nominado el abanderado del PRI y de\u00a0<b>Enrique Pe\u00f1a Nieto<\/b>.<\/p>\n<p>Es por dem\u00e1s obvio que lo ocurrido en esos dos d\u00edas, explicita e impl\u00edcitamente, deja a\u00a0<b>Miguel \u00c1ngel Osorio Chong<\/b>\u00a0firme para ser designado dentro del Consejo de Delegados que se realizar\u00e1 el 18 de febrero pr\u00f3ximo dentro del esquema legal escogido para ser aplicado por el PRI.<\/p>\n<p>Y digo que es\u00a0<b>Osorio<\/b>\u00a0por dos elementos esenciales que requieren\u00a0<b>Enrique Pe\u00f1a Nieto<\/b>\u00a0y el pa\u00eds de su nominado tricolor:<\/p>\n<p>Experiencia y temple en el manejo del poder, de la pol\u00edtica y el gobierno, y;<\/p>\n<p>Car\u00e1cter.<\/p>\n<p>Nada de eso tienen\u00a0<b>Aurelio Nu\u00f1o<\/b>\u00a0ni el doctor\u00a0<b>Jos\u00e9 Narro<\/b>. Menos\u00a0<b>Meade<\/b>, a quien confunden por ser un buen y h\u00e1bil funcionario de alto nivel con un hombre de Estado, con un pol\u00edtico.\u00a0<b>Meade<\/b>\u00a0no es pol\u00edtico, es un buen t\u00e9cnico en finanzas y un buen bur\u00f3crata que encaja y administra indistintamente las secretar\u00edas de Desarrollo Social o Energ\u00eda. A nivel empresarial ser\u00eda un buen gerente, no un CEO como\u00a0<b>Carlos Slim<\/b>.<\/p>\n<p>No me imagino a\u00a0<b>Meade<\/b>,\u00a0<b>Nu\u00f1o<\/b>\u00a0o el doc\u00a0<b>Narro<\/b>\u00a0enfrentando con \u00e9xito una protesta postelectoral de las que acostumbra realizar\u00a0<b>Andr\u00e9s Manuel L\u00f3pez Obrador<\/b>. Una protesta del tabasque\u00f1o con grandes consecuencias nacionales e internacionales, que ahora, dadas las experiencias \u00faltimas del Estado de M\u00e9xico y Coahuila, podr\u00edan sumar al PAN y a otros actores de la contienda del 2018 por el Poder.<\/p>\n<p>Creo que el \u00fanico que pudiera enfrentar algo as\u00ed es\u00a0<b>Osorio Chong<\/b>. Se la ha pasado estos \u00faltimos cinco a\u00f1os enfrentando conflictos de todo tipo, desde paros en el Polit\u00e9cnico a plantones campesinos o de seguridad. Un entrenamiento sin treguas.<\/p>\n<p>Es obvio que el M\u00e9xico de 2018 a 2024 ser\u00e1 muy complejo.<\/p>\n<p>Si Usted lee con cierta frialdad y serenidad, dentro de una actitud ajena a las superficialidades de los analistas de redes sociales, de twiter y Facebook, si usted lee los discursos del presidente\u00a0<b>Enrique Pe\u00f1a Nieto<\/b>\u00a0de sus tres \u00faltimas visitas al PRI llegar\u00e1 a una misma conclusi\u00f3n: que el Presidente cree que el reto del pr\u00f3ximo presidente es\u00a0<b>po-l\u00ed-ti-co<\/b>, no econ\u00f3mico o financiero.<\/p>\n<p>Y al parecer los hechos le est\u00e1n dando la raz\u00f3n. Confirman su an\u00e1lisis.<\/p>\n<p>La misma disputa prevista dentro del proceso electoral de 2018 advierte que de estas elecciones saldr\u00e1 un Congreso casi a tercios entre PRI, Frente (PAN-PRD-MC) y Morena.<\/p>\n<p>Y en el Congreso (Diputados y Senadores) se definir\u00e1n muchas l\u00edneas para el siguiente sexenio.<\/p>\n<p>\u00bfUsted en realidad cree que\u00a0<b>Pe\u00f1a Nieto<\/b>\u00a0\u2013<b>el elector real dentro del PRI<\/b>\u00a0y el sistema-, se expondr\u00eda a impulsar a un candidato que no tenga experiencia de Gobierno, legislativa y de manejo de poder? \u00bfUn candidato blandengue y sin experiencia en todo lo anterior?<\/p>\n<p><b>Ni Nu\u00f1o<\/b>, ni el doctor <b>Narro <\/b>ni <b>Meade <\/b>han sido gobernadores o diputados como s\u00ed lo ha sido Osorio.<\/p>\n<p>Ninguno de ellos ha estado tan cerca de Pe\u00f1a Nieto desde su paso como gobernador y luego en su campa\u00f1a y ahora en sus cinco a\u00f1os de Gobierno como s\u00ed ha ocurrido con Osorio.<\/p>\n<p style=\"text-align: center;\"><b>Confuciones, despistes<\/b><\/p>\n<p>Cuando el presidente\u00a0<b>Enrique Pe\u00f1a Nieto<\/b>\u00a0convoc\u00f3 a los acelerados dentro del sistema \u2013a pol\u00edticos y periodistas en primer lugar-, a no ser despistados, no hablaba en el vac\u00edo.<\/p>\n<p>El gallinero se alborot\u00f3 porque\u00a0<b>Luis Videgaray<\/b>\u00a0le hecho porras de m\u00e1s a su amigo \u2013y precandidato-,\u00a0<b>Jos\u00e9 Antonio Meade<\/b>\u00a0en un encuentro con el cuerpo diplom\u00e1tico.<\/p>\n<p>Pero no hubo el efecto que se buscaba. Nadie lo sigui\u00f3 dentro del PRI ni del sistema. Todos se quedaron quietos. No hubo cargada ni las fuerzas vivas acudieron a Hacienda con pancartas y altavoces a apoyar\u00a0<b>Meade<\/b>.<\/p>\n<p>Lo \u00fanico que provoc\u00f3\u00a0<b>Videgaray<\/b>\u00a0fue la respuesta dura, definitiva de Pe\u00f1a Nieto quien pidi\u00f3 no caer en despistes porque el candidato, dijo, no ser\u00e1 elegido por aplausos y halagos.<\/p>\n<p>En los hechos al definir el destape de\u00a0<b>Videgaray<\/b>\u00a0hacia su amigo\u00a0<b>Meade<\/b>\u00a0como un intento de despiste y de destape, el presidente Pe\u00f1a Nieto estaba diciendo claramente que el titular de Hacienda no era \u201csu\u201d elegido.<\/p>\n<p>Y que lo hecho por\u00a0<b>Videgaray<\/b>\u00a0era un acto de presi\u00f3n. De quitarle la facultad de elegir a su sucesor.<\/p>\n<p>Una reflexi\u00f3n es pertinente ahora, cuando Reforma habla de que <b>Meade<\/b> renuncia hoy y que Osorio renuncia a su intenci\u00f3n de participar.<\/p>\n<p>Si\u00a0<b>Meade<\/b>\u00a0es el candidato de Pe\u00f1a Nieto, lo \u00fanico que ten\u00eda que haber dicho luego de los halagos de\u00a0<b>Videgaray<\/b>\u00a0hacia\u00a0<b>Meade<\/b>\u00a0es: \u201csi,\u00a0<b>Luis<\/b>\u00a0tiene raz\u00f3n\u2026\u00a0<b>Meade<\/b>\u00a0es todo lo que dice\u00a0<b>Luis<\/b>\u00a0que es\u201d.<\/p>\n<p>Y ya nadie hubiera podido revertir el destape.\u00a0Pero\u00a0<b>Pe\u00f1a Nieto<\/b>\u00a0calific\u00f3 el halago de\u00a0<b>Videgaray<\/b>\u00a0de un intento de despiste.<\/p>\n<p>Uf, fue decir, \u201c<b>Meade<\/b>\u00a0no es mi elegido\u201d.<\/p>\n<p style=\"text-align: center;\"><b>Reglas, procedimientos<\/b><\/p>\n<p>Estos intentos por descarrillar a\u00a0<b>Osorio Chong<\/b>\u00a0y por lanzar a como d\u00e9 lugar a\u00a0<b>Meade<\/b>, surgen de confusiones a causa del m\u00e9todo con la tradici\u00f3n.<\/p>\n<p>Lo cierto es que el PRI (Pe\u00f1a Nieto) opt\u00f3 por establecer un nuevo esquema para elegir a su candidato presidencial.<\/p>\n<p>Para aprovechar los pasos definidos por el INE en su calendario electoral, el PRI decidi\u00f3 que entre el 24 de noviembre y el 10 de diciembre se deben inscribir sus aspirantes no afiliados y los militantes. El 14 de diciembre la comisi\u00f3n respectiva debe calificar quien cumple con los requisitos para ser declarados como \u201cprecandidatos\u201d.<\/p>\n<p>Bajo este procedimiento los \u201cprecandidatos\u201d inician una campa\u00f1a interna (que en los hechos ser\u00e1 externa) que concluir\u00e1 el 16 de febrero a fin de que el Consejo de Delegados previsto a realizarse el domingo 18 de febrero, defina quien de entre los precandidatos es el candidato efectivo del PRI a la Presidencia.<\/p>\n<p>Se supone que los que queden fuera, ser\u00e1n nominados en las listas de plurinominales del tricolor al Senado.<\/p>\n<p>Todo esto est\u00e1 pensado para, primero, legitimar la contienda interna y al candidato y para posicionarlo entre los mexicanos.<\/p>\n<p>El viejo recurso del \u201cdestape\u201d y del \u201ccandidato \u00fanico\u201d fue enterrado por la Convocatoria emitida la noche del jueves 23 por el CEN del PRI encabezado por\u00a0<b>Enrique Ochoa Reza<\/b>.<\/p>\n<p>Por ello todos estos intentos de lanzar a\u00a0<b>Meade<\/b>\u00a0como \u201cel bueno\u201d son intentos de presi\u00f3n hacia\u00a0<b>Pe\u00f1a Nieto<\/b>\u00a0y para crear confusi\u00f3n entre los acelerados. Quieren arrebatarle al de Atlacomulco el poder de elegir a su sucesor. S\u00ed, c\u00f3mo no\u2026<\/p>\n<p><em><a href=\"mailto:rvizcainoa@gmail.com\" target=\"_blank\" rel=\"noopener noreferrer\">rvizcainoa@gmail.com<\/a><\/em><br \/>\n<em><a href=\"http:\/\/www.endirecto.mx\/\" target=\"_blank\" rel=\"noopener noreferrer\">www.endirecto.mx<\/a><\/em><br \/>\n<em><a href=\"https:\/\/twitter.com\/_rvizcaino\" target=\"_blank\" rel=\"noopener noreferrer\">@_RVizcaino<\/a><\/em><br \/>\n<a href=\"https:\/\/www.facebook.com\/rvizcainoa\" target=\"_blank\" rel=\"noopener noreferrer\">f<em>acebook.com\/rvizcainoa<\/em><\/a><\/p>\n","protected":false},"excerpt":{"rendered":"<p><span style=\"color: #005497;\"><strong>Roberto Vizca\u00edno<\/strong><\/span><br \/>\n<br \/>\nEl contragolpe intent\u00f3 anoche desbancar a\u00a0Miguel \u00c1ngel Osorio Chong. La punta de Lanza fue el diario\u00a0Reforma\u00a0que puso en su espacio principal de su portal que el secretario de Gobernaci\u00f3n\u00a0se bajaba de la contienda presidencial de 2018.<\/p>\n","protected":false},"author":1,"featured_media":354862,"comment_status":"open","ping_status":"open","sticky":false,"template":"","format":"standard","meta":{"_monsterinsights_skip_tracking":false,"_monsterinsights_sitenote_active":false,"_monsterinsights_sitenote_note":"","_monsterinsights_sitenote_category":0,"footnotes":""},"categories":[136],"tags":[43674,93,94],"class_list":["post-354861","post","type-post","status-publish","format-standard","has-post-thumbnail","hentry","category-roberto-vizcaino-opinion","tag-opinion","tag-roberto-vizcaino","tag-tras-la-puerta-del-poder"],"_links":{"self":[{"href":"https:\/\/www.diarioimagen.net\/index.php?rest_route=\/wp\/v2\/posts\/354861","targetHints":{"allow":["GET"]}}],"collection":[{"href":"https:\/\/www.diarioimagen.net\/index.php?rest_route=\/wp\/v2\/posts"}],"about":[{"href":"https:\/\/www.diarioimagen.net\/index.php?rest_route=\/wp\/v2\/types\/post"}],"author":[{"embeddable":true,"href":"https:\/\/www.diarioimagen.net\/index.php?rest_route=\/wp\/v2\/users\/1"}],"replies":[{"embeddable":true,"href":"https:\/\/www.diarioimagen.net\/index.php?rest_route=%2Fwp%2Fv2%2Fcomments&post=354861"}],"version-history":[{"count":0,"href":"https:\/\/www.diarioimagen.net\/index.php?rest_route=\/wp\/v2\/posts\/354861\/revisions"}],"wp:featuredmedia":[{"embeddable":true,"href":"https:\/\/www.diarioimagen.net\/index.php?rest_route=\/wp\/v2\/media\/354862"}],"wp:attachment":[{"href":"https:\/\/www.diarioimagen.net\/index.php?rest_route=%2Fwp%2Fv2%2Fmedia&parent=354861"}],"wp:term":[{"taxonomy":"category","embeddable":true,"href":"https:\/\/www.diarioimagen.net\/index.php?rest_route=%2Fwp%2Fv2%2Fcategories&post=354861"},{"taxonomy":"post_tag","embeddable":true,"href":"https:\/\/www.diarioimagen.net\/index.php?rest_route=%2Fwp%2Fv2%2Ftags&post=354861"}],"curies":[{"name":"wp","href":"https:\/\/api.w.org\/{rel}","templated":true}]}}